{"id":61436,"date":"2022-10-11T13:21:12","date_gmt":"2022-10-11T12:21:12","guid":{"rendered":"https:\/\/www.baranain.es\/?p=61436"},"modified":"2022-12-22T12:29:17","modified_gmt":"2022-12-22T11:29:17","slug":"deialdia-baranaingo-udalean-eta-bere-erakunde-autonomoetan-aldi-baterako-mantentze-lanetako-ofizialen-kontrataziorako-izangaien-zerrenda-eratzeko-iturgin-elektrikari-eta-igeltsero-espezialitateetan","status":"publish","type":"post","link":"https:\/\/www.baranain.es\/eu\/deialdia-baranaingo-udalean-eta-bere-erakunde-autonomoetan-aldi-baterako-mantentze-lanetako-ofizialen-kontrataziorako-izangaien-zerrenda-eratzeko-iturgin-elektrikari-eta-igeltsero-espezialitateetan\/","title":{"rendered":"Deialdia, aldi baterako mantentze-lanetako ofizialen kontrataziorako izangaien zerrenda eratzeko, iturgin, elektrikari eta igeltsero espezialitateetan."},"content":{"rendered":"<p>Jarraian dituzue Bara\u00f1aingo Udalean eta bere erakunde autonomoetan aldibaterako mantentze-lanetako ofizialen kontrataziorako izangaien zerrenda eratzeko, iturgin, elektrikari eta igeltsero espezialitateetan izanen den deialdiaren oinarriak.<\/p>\n<p>Deialdian izena emateako <strong>epea datorren 2022ko urriaren 13an, osteguna hasi<\/strong> eta <strong>hilaren 21ean, ostirala, 23:59etan amaituko<\/strong> da.<\/p>\n<p><a href=\"https:\/\/www.baranain.es\/wp-content\/uploads\/2022\/10\/BASES-OFICIAL-DE-MANTENIMIENTO-DEL-AYUNTAMIENTO-DE-BARANAIN_.pdf\">BASES OFICIAL DE MANTENIMIENTO DEL AYUNTAMIENTO DE BARA\u00d1\u00c1IN_<\/a><\/p>\n<p><a href=\"https:\/\/www.baranain.es\/wp-content\/uploads\/2022\/10\/ANEXO-I-instancia-convocatoria-font-electr-albanil_Deialdian-izen-ematea.pdf\">ANEXO I-instancia convocatoria font-electr-alba\u00f1il_Deialdian izen ematea<\/a><\/p>\n<p><a href=\"https:\/\/www.baranain.es\/wp-content\/uploads\/2022\/10\/ANEXO-II-TEMARIO-URBANISMO_HIRIGINTZA-GAIAK.pdf\">ANEXO II TEMARIO URBANISMO_HIRIGINTZA GAIAK<\/a><\/p>\n<p>Jarraian, deialdian onartutako pertsonen behin-behineko zerrenda argitaratzen da. Alegazioak aurkezteko epea azaroaren 10ean, osteguna, amaituko da, 23: 59an.<\/p>\n<p><a href=\"https:\/\/www.baranain.es\/wp-content\/uploads\/2022\/10\/RESOLUCION-1250-2022_lista-provisional_behin-behineko-zerrenda-1.pdf\">RESOLUCION 1250-2022_lista provisional_behin behineko zerrenda<\/a><\/p>\n<p>&nbsp;<\/p>\n<p>Jarraian, deialdian onartutako pertsonen behin betiko zerrenda argitaratzen da.<\/p>\n<p><a href=\"https:\/\/www.baranain.es\/wp-content\/uploads\/2022\/10\/RESOLUCION-1266-2022_Lista-definitiva_Behin-betiko-zerrenda.pdf\">RESOLUCION 1266-2022_Lista definitiva_Behin betiko zerrenda<\/a><\/p>\n<p>Azterketa <strong>datorren astelehenean, azaroak 21, arratsaldeko 17: 00etan izango da Bara\u00f1aingo Udalaren erabilera anitzeko aretoan.<\/strong><\/p>\n<p>Izangaiek boligrafo urdina edo beltza ekarri beharko dute azterketa egin ahal izateko.<\/p>\n<p>&nbsp;<\/p>\n<p>Pliken irekiera, bihar, asteazkena, hilak 23, izanen da eguerdiko 13:00etan Udaletxeko Erabilera Anitzeko Gelan.<\/p>\n<p>Hona hemen 1038\/2022 ebazpena, behin behineko emaitzak jasotzen dituena. Helegiteak aurkezteko epea duzue datorren astelehena, hilak 28, gaueko 23:59ak arte.<\/p>\n<p><a href=\"https:\/\/www.baranain.es\/wp-content\/uploads\/2022\/10\/RESULTADOS-PROVISIONALES_BEHIN-BEHINEKO-EMAITZAK-1.pdf\">RESULTADOS PROVISIONALES_BEHIN BEHINEKO EMAITZAK<\/a><\/p>\n<p><a href=\"https:\/\/www.baranain.es\/wp-content\/uploads\/2022\/10\/HOJA-DE-RESPUESTAS_ERANTZUN-ORRIA.pdf\">HOJA DE RESPUESTAS_ERANTZUN ORRIA<\/a><\/p>\n<p>Froga praktikoak datorren aste amaieran izanen dira.<\/p>\n<p>&nbsp;<\/p>\n<p>Epaimahai Kalifikatzailea azterketen zuzenketan akats batez ohartu denez, berriro zuzendu dira azterketak eta jarraian dituzue proba teorikoaren emaitzen behin-behineko zerrenda. Alegazioak aurkezteko epea abenduaren 5ean, astelehena, amaituko da, 23: 59an.<\/p>\n<p><a href=\"https:\/\/www.baranain.es\/wp-content\/uploads\/2022\/10\/LISTA-PROVISIONAL-CORRECION_BEHIN-BEHINEKO-ZERRENDA-ZUZENDUA.pdf\">LISTA PROVISIONAL CORRECI\u00d3N_BEHIN BEHINEKO ZERRENDA ZUZENDUA<\/a><\/p>\n<p>Jarraian, proba praktikoak egiteko onartutako pertsonen behin betiko zerrenda argitaratzen da. Jarduera horiek datorren ostegunean, hilak 15, egingo dira, 16: 30etik aurrera, Bara\u00f1aingo industrialdeko A kalean dagoen hirigintza-nabean.<\/p>\n<p><a href=\"https:\/\/www.baranain.es\/wp-content\/uploads\/2022\/10\/RA-LISTA-DEFINITIVA_BEHIN-BETIKO-ZERRENDA.pdf\">RA LISTA DEFINITIVA_BEHIN BETIKO ZERRENDA<\/a><\/p>\n<p>Eranskin honetan hautagai bakoitzaren deialdi-ordua aurkituko duzue.<\/p>\n<p><a href=\"https:\/\/www.baranain.es\/wp-content\/uploads\/2022\/10\/CONVOCATORIA-EXAMEN-PRACTICO.pdf\">CONVOCATORIA EXAMEN PR\u00c1CTICO<\/a><\/p>\n<p>Hona hemen froga praktikoen behin behineko emaitzak. Helegiteak aurkezteko epea duzue datorren asteazken, hilak 21, 23:59ak arte.<\/p>\n<p><a href=\"https:\/\/www.baranain.es\/wp-content\/uploads\/2022\/10\/RA-RESULTADOS-PRACTICAS-PROVISIONALES_PRAKTIKAREN-BEHIN-BEHINEKO-EMAITZAK.pdf\">RA RESULTADOS PR\u00c1CTICAS PROVISIONALES_PRAKTIKAREN BEHIN BEHINEKO EMAITZAK<\/a><\/p>\n<p>Jarraian, behin betiko emaitzak argitaratzen dira, puntuazioaren arabera.<\/p>\n<p><a href=\"https:\/\/www.baranain.es\/wp-content\/uploads\/2022\/10\/RA-RESULTADOS-DEFINITIVOS_BEHIN-BETIKO-EMAITZAK.pdf\">RA RESULTADOS DEFINITIVOS_BEHIN BETIKO EMAITZAK<\/a><\/p>\n<p>&nbsp;<\/p>\n","protected":false},"excerpt":{"rendered":"<p>Jarraian dituzue Bara\u00f1aingo Udalean eta bere erakunde autonomoetan aldibaterako mantentze-lanetako ofizialen kontrataziorako izangaien zerrenda eratzeko, iturgin, elektrikari eta igeltsero espezialitateetan izanen den deialdiaren oinarriak. Deialdian izena emateako epea datorren 2022ko urriaren 13an, osteguna hasi eta hilaren 21ean, ostirala, 23:59etan amaituko da. BASES OFICIAL DE MANTENIMIENTO DEL AYUNTAMIENTO DE BARA\u00d1\u00c1IN_ ANEXO I-instancia convocatoria font-electr-alba\u00f1il_Deialdian izen ematea [&hellip;]<\/p>\n","protected":false},"author":19154,"featured_media":47778,"comment_status":"closed","ping_status":"closed","sticky":false,"template":"","format":"standard","meta":{"_exactmetrics_skip_tracking":false,"_exactmetrics_sitenote_active":false,"_exactmetrics_sitenote_note":"","_exactmetrics_sitenote_category":0,"footnotes":""},"categories":[140],"tags":[],"yoast_head":"<!-- This site is optimized with the Yoast SEO plugin v22.3 - https:\/\/yoast.com\/wordpress\/plugins\/seo\/ -->\r\n<title>Deialdia, aldi baterako mantentze-lanetako ofizialen kontrataziorako izangaien zerrenda eratzeko, iturgin, elektrikari eta igeltsero espezialitateetan. - Ayuntamiento de Bara\u00f1ain\/Bara\u00f1aingo Udala<\/title>\r\n<meta name=\"robots\" content=\"index, follow, max-snippet:-1, max-image-preview:large, max-video-preview:-1\" \/>\r\n<link rel=\"canonical\" href=\"https:\/\/www.baranain.es\/eu\/deialdia-baranaingo-udalean-eta-bere-erakunde-autonomoetan-aldi-baterako-mantentze-lanetako-ofizialen-kontrataziorako-izangaien-zerrenda-eratzeko-iturgin-elektrikari-eta-igeltsero-espezialitateetan\/\" \/>\r\n<meta property=\"og:locale\" content=\"eu_ES\" \/>\r\n<meta property=\"og:type\" content=\"article\" \/>\r\n<meta property=\"og:title\" content=\"Deialdia, aldi baterako mantentze-lanetako ofizialen kontrataziorako izangaien zerrenda eratzeko, iturgin, elektrikari eta igeltsero espezialitateetan. - Ayuntamiento de Bara\u00f1ain\/Bara\u00f1aingo Udala\" \/>\r\n<meta property=\"og:description\" content=\"Jarraian dituzue Bara\u00f1aingo Udalean eta bere erakunde autonomoetan aldibaterako mantentze-lanetako ofizialen kontrataziorako izangaien zerrenda eratzeko, iturgin, elektrikari eta igeltsero espezialitateetan izanen den deialdiaren oinarriak. Deialdian izena emateako epea datorren 2022ko urriaren 13an, osteguna hasi eta hilaren 21ean, ostirala, 23:59etan amaituko da. BASES OFICIAL DE MANTENIMIENTO DEL AYUNTAMIENTO DE BARA\u00d1\u00c1IN_ ANEXO I-instancia convocatoria font-electr-alba\u00f1il_Deialdian izen ematea [&hellip;]\" \/>\r\n<meta property=\"og:url\" content=\"https:\/\/www.baranain.es\/eu\/deialdia-baranaingo-udalean-eta-bere-erakunde-autonomoetan-aldi-baterako-mantentze-lanetako-ofizialen-kontrataziorako-izangaien-zerrenda-eratzeko-iturgin-elektrikari-eta-igeltsero-espezialitateetan\/\" \/>\r\n<meta property=\"og:site_name\" content=\"Ayuntamiento de Bara\u00f1ain\/Bara\u00f1aingo Udala\" \/>\r\n<meta property=\"article:published_time\" content=\"2022-10-11T12:21:12+00:00\" \/>\r\n<meta property=\"article:modified_time\" content=\"2022-12-22T11:29:17+00:00\" \/>\r\n<meta property=\"og:image\" content=\"https:\/\/www.baranain.es\/wp-content\/uploads\/2020\/05\/ordenador-720x340.jpg\" \/>\r\n\t<meta property=\"og:image:width\" content=\"720\" \/>\r\n\t<meta property=\"og:image:height\" content=\"340\" \/>\r\n\t<meta property=\"og:image:type\" content=\"image\/jpeg\" \/>\r\n<meta name=\"author\" content=\"Aitziber Perez de C\u00e1rcamo\" \/>\r\n<meta name=\"twitter:card\" content=\"summary_large_image\" \/>\r\n<meta name=\"twitter:label1\" content=\"Written by\" \/>\n\t<meta name=\"twitter:data1\" content=\"Aitziber Perez de C\u00e1rcamo\" \/>\n\t<meta name=\"twitter:label2\" content=\"Est. reading time\" \/>\n\t<meta name=\"twitter:data2\" content=\"2 minutes\" \/>\r\n<script type=\"application\/ld+json\" class=\"yoast-schema-graph\">{\"@context\":\"https:\/\/schema.org\",\"@graph\":[{\"@type\":\"WebPage\",\"@id\":\"https:\/\/www.baranain.es\/eu\/deialdia-baranaingo-udalean-eta-bere-erakunde-autonomoetan-aldi-baterako-mantentze-lanetako-ofizialen-kontrataziorako-izangaien-zerrenda-eratzeko-iturgin-elektrikari-eta-igeltsero-espezialitateetan\/\",\"url\":\"https:\/\/www.baranain.es\/eu\/deialdia-baranaingo-udalean-eta-bere-erakunde-autonomoetan-aldi-baterako-mantentze-lanetako-ofizialen-kontrataziorako-izangaien-zerrenda-eratzeko-iturgin-elektrikari-eta-igeltsero-espezialitateetan\/\",\"name\":\"Deialdia, aldi baterako mantentze-lanetako ofizialen kontrataziorako izangaien zerrenda eratzeko, iturgin, elektrikari eta igeltsero espezialitateetan. - Ayuntamiento de Bara\u00f1ain\/Bara\u00f1aingo Udala\",\"isPartOf\":{\"@id\":\"https:\/\/www.baranain.es\/eu\/#website\"},\"primaryImageOfPage\":{\"@id\":\"https:\/\/www.baranain.es\/eu\/deialdia-baranaingo-udalean-eta-bere-erakunde-autonomoetan-aldi-baterako-mantentze-lanetako-ofizialen-kontrataziorako-izangaien-zerrenda-eratzeko-iturgin-elektrikari-eta-igeltsero-espezialitateetan\/#primaryimage\"},\"image\":{\"@id\":\"https:\/\/www.baranain.es\/eu\/deialdia-baranaingo-udalean-eta-bere-erakunde-autonomoetan-aldi-baterako-mantentze-lanetako-ofizialen-kontrataziorako-izangaien-zerrenda-eratzeko-iturgin-elektrikari-eta-igeltsero-espezialitateetan\/#primaryimage\"},\"thumbnailUrl\":\"https:\/\/www.baranain.es\/wp-content\/uploads\/2020\/05\/ordenador-720x340.jpg\",\"datePublished\":\"2022-10-11T12:21:12+00:00\",\"dateModified\":\"2022-12-22T11:29:17+00:00\",\"author\":{\"@id\":\"https:\/\/www.baranain.es\/eu\/#\/schema\/person\/07bba0531feba40ad673ceea8fcb8ca9\"},\"breadcrumb\":{\"@id\":\"https:\/\/www.baranain.es\/eu\/deialdia-baranaingo-udalean-eta-bere-erakunde-autonomoetan-aldi-baterako-mantentze-lanetako-ofizialen-kontrataziorako-izangaien-zerrenda-eratzeko-iturgin-elektrikari-eta-igeltsero-espezialitateetan\/#breadcrumb\"},\"inLanguage\":\"eu-ES\",\"potentialAction\":[{\"@type\":\"ReadAction\",\"target\":[\"https:\/\/www.baranain.es\/eu\/deialdia-baranaingo-udalean-eta-bere-erakunde-autonomoetan-aldi-baterako-mantentze-lanetako-ofizialen-kontrataziorako-izangaien-zerrenda-eratzeko-iturgin-elektrikari-eta-igeltsero-espezialitateetan\/\"]}]},{\"@type\":\"ImageObject\",\"inLanguage\":\"eu-ES\",\"@id\":\"https:\/\/www.baranain.es\/eu\/deialdia-baranaingo-udalean-eta-bere-erakunde-autonomoetan-aldi-baterako-mantentze-lanetako-ofizialen-kontrataziorako-izangaien-zerrenda-eratzeko-iturgin-elektrikari-eta-igeltsero-espezialitateetan\/#primaryimage\",\"url\":\"https:\/\/www.baranain.es\/wp-content\/uploads\/2020\/05\/ordenador-720x340.jpg\",\"contentUrl\":\"https:\/\/www.baranain.es\/wp-content\/uploads\/2020\/05\/ordenador-720x340.jpg\",\"width\":720,\"height\":340},{\"@type\":\"BreadcrumbList\",\"@id\":\"https:\/\/www.baranain.es\/eu\/deialdia-baranaingo-udalean-eta-bere-erakunde-autonomoetan-aldi-baterako-mantentze-lanetako-ofizialen-kontrataziorako-izangaien-zerrenda-eratzeko-iturgin-elektrikari-eta-igeltsero-espezialitateetan\/#breadcrumb\",\"itemListElement\":[{\"@type\":\"ListItem\",\"position\":1,\"name\":\"Home\",\"item\":\"https:\/\/www.baranain.es\/eu\/\"},{\"@type\":\"ListItem\",\"position\":2,\"name\":\"Deialdia, aldi baterako mantentze-lanetako ofizialen kontrataziorako izangaien zerrenda eratzeko, iturgin, elektrikari eta igeltsero espezialitateetan.\"}]},{\"@type\":\"WebSite\",\"@id\":\"https:\/\/www.baranain.es\/eu\/#website\",\"url\":\"https:\/\/www.baranain.es\/eu\/\",\"name\":\"Ayuntamiento de Bara\u00f1ain\/Bara\u00f1aingo Udala\",\"description\":\"Ayuntamiento de Bara\u00f1ain\/Bara\u00f1aingo Udala\",\"potentialAction\":[{\"@type\":\"SearchAction\",\"target\":{\"@type\":\"EntryPoint\",\"urlTemplate\":\"https:\/\/www.baranain.es\/eu\/?s={search_term_string}\"},\"query-input\":\"required name=search_term_string\"}],\"inLanguage\":\"eu-ES\"},{\"@type\":\"Person\",\"@id\":\"https:\/\/www.baranain.es\/eu\/#\/schema\/person\/07bba0531feba40ad673ceea8fcb8ca9\",\"name\":\"Aitziber Perez de C\u00e1rcamo\",\"image\":{\"@type\":\"ImageObject\",\"inLanguage\":\"eu-ES\",\"@id\":\"https:\/\/www.baranain.es\/eu\/#\/schema\/person\/image\/\",\"url\":\"https:\/\/secure.gravatar.com\/avatar\/577b55e6ff7d0316739ed03b922ebdf7?s=96&d=mm&r=g\",\"contentUrl\":\"https:\/\/secure.gravatar.com\/avatar\/577b55e6ff7d0316739ed03b922ebdf7?s=96&d=mm&r=g\",\"caption\":\"Aitziber Perez de C\u00e1rcamo\"}}]}<\/script>\r\n<!-- \/ Yoast SEO plugin. -->","yoast_head_json":{"title":"Deialdia, aldi baterako mantentze-lanetako ofizialen kontrataziorako izangaien zerrenda eratzeko, iturgin, elektrikari eta igeltsero espezialitateetan. - Ayuntamiento de Bara\u00f1ain\/Bara\u00f1aingo Udala","robots":{"index":"index","follow":"follow","max-snippet":"max-snippet:-1","max-image-preview":"max-image-preview:large","max-video-preview":"max-video-preview:-1"},"canonical":"https:\/\/www.baranain.es\/eu\/deialdia-baranaingo-udalean-eta-bere-erakunde-autonomoetan-aldi-baterako-mantentze-lanetako-ofizialen-kontrataziorako-izangaien-zerrenda-eratzeko-iturgin-elektrikari-eta-igeltsero-espezialitateetan\/","og_locale":"eu_ES","og_type":"article","og_title":"Deialdia, aldi baterako mantentze-lanetako ofizialen kontrataziorako izangaien zerrenda eratzeko, iturgin, elektrikari eta igeltsero espezialitateetan. - Ayuntamiento de Bara\u00f1ain\/Bara\u00f1aingo Udala","og_description":"Jarraian dituzue Bara\u00f1aingo Udalean eta bere erakunde autonomoetan aldibaterako mantentze-lanetako ofizialen kontrataziorako izangaien zerrenda eratzeko, iturgin, elektrikari eta igeltsero espezialitateetan izanen den deialdiaren oinarriak. Deialdian izena emateako epea datorren 2022ko urriaren 13an, osteguna hasi eta hilaren 21ean, ostirala, 23:59etan amaituko da. BASES OFICIAL DE MANTENIMIENTO DEL AYUNTAMIENTO DE BARA\u00d1\u00c1IN_ ANEXO I-instancia convocatoria font-electr-alba\u00f1il_Deialdian izen ematea [&hellip;]","og_url":"https:\/\/www.baranain.es\/eu\/deialdia-baranaingo-udalean-eta-bere-erakunde-autonomoetan-aldi-baterako-mantentze-lanetako-ofizialen-kontrataziorako-izangaien-zerrenda-eratzeko-iturgin-elektrikari-eta-igeltsero-espezialitateetan\/","og_site_name":"Ayuntamiento de Bara\u00f1ain\/Bara\u00f1aingo Udala","article_published_time":"2022-10-11T12:21:12+00:00","article_modified_time":"2022-12-22T11:29:17+00:00","og_image":[{"width":720,"height":340,"url":"https:\/\/www.baranain.es\/wp-content\/uploads\/2020\/05\/ordenador-720x340.jpg","type":"image\/jpeg"}],"author":"Aitziber Perez de C\u00e1rcamo","twitter_card":"summary_large_image","twitter_misc":{"Written by":"Aitziber Perez de C\u00e1rcamo","Est. reading time":"2 minutes"},"schema":{"@context":"https:\/\/schema.org","@graph":[{"@type":"WebPage","@id":"https:\/\/www.baranain.es\/eu\/deialdia-baranaingo-udalean-eta-bere-erakunde-autonomoetan-aldi-baterako-mantentze-lanetako-ofizialen-kontrataziorako-izangaien-zerrenda-eratzeko-iturgin-elektrikari-eta-igeltsero-espezialitateetan\/","url":"https:\/\/www.baranain.es\/eu\/deialdia-baranaingo-udalean-eta-bere-erakunde-autonomoetan-aldi-baterako-mantentze-lanetako-ofizialen-kontrataziorako-izangaien-zerrenda-eratzeko-iturgin-elektrikari-eta-igeltsero-espezialitateetan\/","name":"Deialdia, aldi baterako mantentze-lanetako ofizialen kontrataziorako izangaien zerrenda eratzeko, iturgin, elektrikari eta igeltsero espezialitateetan. - Ayuntamiento de Bara\u00f1ain\/Bara\u00f1aingo Udala","isPartOf":{"@id":"https:\/\/www.baranain.es\/eu\/#website"},"primaryImageOfPage":{"@id":"https:\/\/www.baranain.es\/eu\/deialdia-baranaingo-udalean-eta-bere-erakunde-autonomoetan-aldi-baterako-mantentze-lanetako-ofizialen-kontrataziorako-izangaien-zerrenda-eratzeko-iturgin-elektrikari-eta-igeltsero-espezialitateetan\/#primaryimage"},"image":{"@id":"https:\/\/www.baranain.es\/eu\/deialdia-baranaingo-udalean-eta-bere-erakunde-autonomoetan-aldi-baterako-mantentze-lanetako-ofizialen-kontrataziorako-izangaien-zerrenda-eratzeko-iturgin-elektrikari-eta-igeltsero-espezialitateetan\/#primaryimage"},"thumbnailUrl":"https:\/\/www.baranain.es\/wp-content\/uploads\/2020\/05\/ordenador-720x340.jpg","datePublished":"2022-10-11T12:21:12+00:00","dateModified":"2022-12-22T11:29:17+00:00","author":{"@id":"https:\/\/www.baranain.es\/eu\/#\/schema\/person\/07bba0531feba40ad673ceea8fcb8ca9"},"breadcrumb":{"@id":"https:\/\/www.baranain.es\/eu\/deialdia-baranaingo-udalean-eta-bere-erakunde-autonomoetan-aldi-baterako-mantentze-lanetako-ofizialen-kontrataziorako-izangaien-zerrenda-eratzeko-iturgin-elektrikari-eta-igeltsero-espezialitateetan\/#breadcrumb"},"inLanguage":"eu-ES","potentialAction":[{"@type":"ReadAction","target":["https:\/\/www.baranain.es\/eu\/deialdia-baranaingo-udalean-eta-bere-erakunde-autonomoetan-aldi-baterako-mantentze-lanetako-ofizialen-kontrataziorako-izangaien-zerrenda-eratzeko-iturgin-elektrikari-eta-igeltsero-espezialitateetan\/"]}]},{"@type":"ImageObject","inLanguage":"eu-ES","@id":"https:\/\/www.baranain.es\/eu\/deialdia-baranaingo-udalean-eta-bere-erakunde-autonomoetan-aldi-baterako-mantentze-lanetako-ofizialen-kontrataziorako-izangaien-zerrenda-eratzeko-iturgin-elektrikari-eta-igeltsero-espezialitateetan\/#primaryimage","url":"https:\/\/www.baranain.es\/wp-content\/uploads\/2020\/05\/ordenador-720x340.jpg","contentUrl":"https:\/\/www.baranain.es\/wp-content\/uploads\/2020\/05\/ordenador-720x340.jpg","width":720,"height":340},{"@type":"BreadcrumbList","@id":"https:\/\/www.baranain.es\/eu\/deialdia-baranaingo-udalean-eta-bere-erakunde-autonomoetan-aldi-baterako-mantentze-lanetako-ofizialen-kontrataziorako-izangaien-zerrenda-eratzeko-iturgin-elektrikari-eta-igeltsero-espezialitateetan\/#breadcrumb","itemListElement":[{"@type":"ListItem","position":1,"name":"Home","item":"https:\/\/www.baranain.es\/eu\/"},{"@type":"ListItem","position":2,"name":"Deialdia, aldi baterako mantentze-lanetako ofizialen kontrataziorako izangaien zerrenda eratzeko, iturgin, elektrikari eta igeltsero espezialitateetan."}]},{"@type":"WebSite","@id":"https:\/\/www.baranain.es\/eu\/#website","url":"https:\/\/www.baranain.es\/eu\/","name":"Ayuntamiento de Bara\u00f1ain\/Bara\u00f1aingo Udala","description":"Ayuntamiento de Bara\u00f1ain\/Bara\u00f1aingo Udala","potentialAction":[{"@type":"SearchAction","target":{"@type":"EntryPoint","urlTemplate":"https:\/\/www.baranain.es\/eu\/?s={search_term_string}"},"query-input":"required name=search_term_string"}],"inLanguage":"eu-ES"},{"@type":"Person","@id":"https:\/\/www.baranain.es\/eu\/#\/schema\/person\/07bba0531feba40ad673ceea8fcb8ca9","name":"Aitziber Perez de C\u00e1rcamo","image":{"@type":"ImageObject","inLanguage":"eu-ES","@id":"https:\/\/www.baranain.es\/eu\/#\/schema\/person\/image\/","url":"https:\/\/secure.gravatar.com\/avatar\/577b55e6ff7d0316739ed03b922ebdf7?s=96&d=mm&r=g","contentUrl":"https:\/\/secure.gravatar.com\/avatar\/577b55e6ff7d0316739ed03b922ebdf7?s=96&d=mm&r=g","caption":"Aitziber Perez de C\u00e1rcamo"}}]}},"_links":{"self":[{"href":"https:\/\/www.baranain.es\/eu\/wp-json\/wp\/v2\/posts\/61436"}],"collection":[{"href":"https:\/\/www.baranain.es\/eu\/wp-json\/wp\/v2\/posts"}],"about":[{"href":"https:\/\/www.baranain.es\/eu\/wp-json\/wp\/v2\/types\/post"}],"author":[{"embeddable":true,"href":"https:\/\/www.baranain.es\/eu\/wp-json\/wp\/v2\/users\/19154"}],"replies":[{"embeddable":true,"href":"https:\/\/www.baranain.es\/eu\/wp-json\/wp\/v2\/comments?post=61436"}],"version-history":[{"count":13,"href":"https:\/\/www.baranain.es\/eu\/wp-json\/wp\/v2\/posts\/61436\/revisions"}],"predecessor-version":[{"id":63179,"href":"https:\/\/www.baranain.es\/eu\/wp-json\/wp\/v2\/posts\/61436\/revisions\/63179"}],"wp:featuredmedia":[{"embeddable":true,"href":"https:\/\/www.baranain.es\/eu\/wp-json\/wp\/v2\/media\/47778"}],"wp:attachment":[{"href":"https:\/\/www.baranain.es\/eu\/wp-json\/wp\/v2\/media?parent=61436"}],"wp:term":[{"taxonomy":"category","embeddable":true,"href":"https:\/\/www.baranain.es\/eu\/wp-json\/wp\/v2\/categories?post=61436"},{"taxonomy":"post_tag","embeddable":true,"href":"https:\/\/www.baranain.es\/eu\/wp-json\/wp\/v2\/tags?post=61436"}],"curies":[{"name":"wp","href":"https:\/\/api.w.org\/{rel}","templated":true}]}}