{"id":44279,"date":"2013-04-11T13:01:19","date_gmt":"2013-04-11T11:01:19","guid":{"rendered":"http:\/\/localhost:8000\/immigrazio-zerbitzua\/"},"modified":"2013-04-11T13:01:19","modified_gmt":"2013-04-11T11:01:19","slug":"immigrazio-zerbitzua","status":"publish","type":"post","link":"https:\/\/www.baranain.es\/eu\/immigrazio-zerbitzua\/","title":{"rendered":"IMMIGRAZIO ZERBITZUA"},"content":{"rendered":"<h4>ETORKINAK HARTZEKO PROGRAMA<\/h4>\n<p><strong>LEHEN HARRERAKO PROGRAMAREN GARAPENA:<\/strong><\/p>\n<p style=\"text-align: justify\">Informazio, orientazio eta aholkularitza\u00a0zerbitzua da, doakoa, etorkinarentzat eta bertakoarentzat, atzerritarrei eta,\u00a0batik bat, immigraziorekin lotutako gaiei buruzkoa.<\/p>\n<p style=\"text-align: justify\">Aldez aurretiko\u00a0hitzordua eskatuta\u00a0eskaintzen da\u00a0arreta, astearteetan, 10:00etatik 14:00era. Hitzordua 012 Infolocal zerbitzuan eska daiteke, eta baita 948 19 92 49 telefonoan ere.<\/p>\n<p><strong>ETORKINEN FAMILIAK ELKARTZEKO GIZARTE-TXOSTENA IZAPIDETZEA:<\/strong><\/p>\n<p>Oinarrizko Gizarte Zerbitzuko Gizarte-langilearekin hitzordua eskatuko da. Telefonoa: 948 19 98 70.<\/p>\n<h4>UDALERRIAK DITUEN\u00a0BALIABIDEAK<\/h4>\n<p><img loading=\"lazy\" decoding=\"async\" class=\"aligncenter\" src=\"\/wp-content\/uploads\/2013\/04\/Portada-Gu\u00eda.jpg\" alt=\"Portada Gu\u00eda de Recursos de Bara\u00f1\u00e1in\" width=\"150\" height=\"106\" \/><\/p>\n<div>\n<ul>\n<li><a title=\"PDF dokumentua leiho berrian irekiko da\" href=\"\/wp-content\/uploads\/2013\/04\/guia_recursos.pdf\" target=\"_blank\" rel=\"noopener noreferrer\">Baliabide Gida\u00a0 &#8211;\u00a0Gaztelania\u00a0(Tamaina 144Kb).<\/a><\/li>\n<li><a title=\"PDF dokumentua leiho berrian irekiko da\" href=\"\/wp-content\/uploads\/2013\/04\/guia_recursos_euskera.pdf\" target=\"_blank\" rel=\"noopener noreferrer\">Baliabide Gida\u00a0&#8211;\u00a0Euskara (Tamaina 56Kb).<\/a><\/li>\n<li><a title=\"PDF dokumentua leiho berrian irekiko da\" href=\"\/wp-content\/uploads\/2013\/04\/guia_recursos_ucraniano.pdf\" target=\"_blank\" rel=\"noopener noreferrer\">Baliabide Gida\u00a0&#8211;\u00a0Ukrainera (Tamaina 336Kb).<\/a><\/li>\n<li><a title=\"PDF dokumentua leiho berrian irekiko da\" href=\"\/wp-content\/uploads\/2013\/04\/Gu%EDa-completa-en-B%FAlgaro.pdf\" target=\"_blank\" rel=\"noopener noreferrer\">Baliabide Gida &#8211; Bulgariera (Tamaina 318Kb).<\/a><\/li>\n<li><a title=\"PDF dokumentua leiho berrian irekiko da\" href=\"\/wp-content\/uploads\/2013\/04\/Gu%EDa-completa-en-Rumano.pdf\" target=\"_blank\" rel=\"noopener noreferrer\">Baliabide Gida &#8211; Errumaniera (Tamaina 280Kb).<\/a><\/li>\n<li><a title=\"PDF dokumentua leiho berrian irekiko da\" href=\"\/wp-content\/uploads\/2013\/04\/Gu%EDa-Completa-Portugu%E9s.pdf\" target=\"_blank\" rel=\"noopener noreferrer\">Baliabide Gida &#8211; Portugalera (Tamaina 55Kb).<\/a><\/li>\n<li><a title=\"PDF dokumentua leiho berrian irekiko da\" href=\"\/wp-content\/uploads\/2013\/04\/Gu%EDa-Completa-Ingl%E9s.pdf\" target=\"_blank\" rel=\"noopener noreferrer\">Baliabide Gida &#8211; Ingelesa (Tamaina 58Kb).<\/a><\/li>\n<li><a title=\"PDF dokumentua leiho berrian irekiko da\" href=\"\/wp-content\/uploads\/2013\/04\/Guia-completa-en-Franc%E9s.pdf\" target=\"_blank\" rel=\"noopener noreferrer\">Baliabide Gida &#8211; Frantsesa (Tamaina 56Kb).<\/a><\/li>\n<\/ul>\n<h4>HIZTEGI ELEANIZTUNA<\/h4>\n<ul>\n<li><a title=\"PDF dokumentua leiho berrian irekiko da\" href=\"\/wp-content\/uploads\/2013\/04\/EUSKERA-EUSKARA\/Diccionario_multilingue.pdf\" target=\"_blank\" rel=\"noopener noreferrer\">Hiztegi eleaniztuna (Tamaina 719Kb).<\/a><\/li>\n<\/ul>\n<p style=\"text-align: justify\"><strong>MUNDUKO HIZKUNTZA-ANIZTASUNA<\/strong><\/p>\n<ul>\n<li><a title=\"Munduko hizkuntza-aniztasuna web orria leiho berrian irekiko da\" href=\"http:\/\/www15.gencat.net\/pres_casa_llengues\/mapes\/index.html?idioma=7\" target=\"_blank\" rel=\"noopener noreferrer\">Mapa dinamikoak<\/a><\/li>\n<\/ul>\n<h4>HEMEN DITUZU IKASKETEN BALIOZTATZEARI BURUZKO ARGIBIDEAK<\/h4>\n<table>\n<tbody>\n<tr>\n<td><img loading=\"lazy\" decoding=\"async\" class=\"aligncenter\" style=\"color: #333333\" src=\"\/wp-content\/uploads\/2013\/04\/Homologaci\u00f3n-Estudios.jpg\" alt=\"Balioztatzeari Buruzko Argibideak\" width=\"184\" height=\"245\" \/><\/td>\n<td>\n<ul style=\"color: #333333;font-family: Georgia, 'Times New Roman', 'Bitstream Charter', Times, serif;font-size: 13px;line-height: 19px\">\n<li><a title=\"Leiho berrian PDF dokumentua irekiko da\" href=\"\/wp-content\/uploads\/2013\/04\/homologacion-estudios-euskera.pdf\" target=\"_blank\" rel=\"noopener noreferrer\">Euskara-gaztelaniazko orribikoa<\/a><\/li>\n<li><a title=\"Leiho berrian PDF dokumentua irekiko da\" href=\"\/wp-content\/uploads\/2013\/04\/Homologaci%F3n-estudios-Ukraniano.pdf\" target=\"_blank\" rel=\"noopener noreferrer\">Ukraniera-gaztelaniazko orribikoa\u00a0(Tamaina 412Kb)<\/a><\/li>\n<li><a title=\"Leiho berrian PDF dokumentua irekiko da\" href=\"\/wp-content\/uploads\/2013\/04\/homologacion-estudios-Bulgaro.pdf\" target=\"_blank\" rel=\"noopener noreferrer\">Bulgariera-gaztelaniazko orribikoa\u00a0(Tamaina 444Kb)<\/a><\/li>\n<li><a title=\"Leiho berrian PDF dokumentua irekiko da\" href=\"\/wp-content\/uploads\/2013\/04\/homologacion-estudios-portugues.pdf\" target=\"_blank\" rel=\"noopener noreferrer\">Portugalera-gaztelaniazko orribikoa\u00a0(Tamaina 2,38MB)<\/a><\/li>\n<li><a title=\"Leiho berrian PDF dokumentua irekiko da\" href=\"\/wp-content\/uploads\/2013\/04\/homologacion-estudios-Rumano.pdf\" target=\"_blank\" rel=\"noopener noreferrer\">Errumaniera-gaztelaniazko orribikoa\u00a0(Tamaina 411Kb)<\/a><\/li>\n<li><a title=\"Leiho berrian PDF dokumentua irekiko da\" href=\"\/wp-content\/uploads\/2013\/04\/homologacion-estudios-franc%E9s.pdf\" target=\"_blank\" rel=\"noopener noreferrer\">Frantsesa-gaztelaniazko orribikoa\u00a0(Tamaina 2.418MB)<\/a><\/li>\n<li><a title=\"Leiho berrian PDF dokumentua irekiko da\" href=\"\/wp-content\/uploads\/2013\/04\/Homologaci%F3n-estudios-Ingl%E9s.pdf\" target=\"_blank\" rel=\"noopener noreferrer\">Ingelesa-gaztelaniazko orribikoa\u00a0(Tamaina 2,34MB)<\/a><\/li>\n<\/ul>\n<\/td>\n<\/tr>\n<\/tbody>\n<\/table>\n<h4>AFEKTIBITATE-OSASUNA, SEXU-OSASUNA<\/h4>\n<table>\n<tbody>\n<tr>\n<td><img loading=\"lazy\" decoding=\"async\" class=\"aligncenter\" src=\"\/wp-content\/uploads\/2013\/04\/servicio_de_inmigracion.jpg\" alt=\"Immigrazio Zerbitzua\" width=\"199\" height=\"193\" \/><\/td>\n<td>\n<ul style=\"color: #333333;font-family: Georgia, 'Times New Roman', 'Bitstream Charter', Times, serif;font-size: 13px;line-height: 19px\">\n<li><a title=\"Leiho berrian PDF dokumentua irekiko da\" href=\"\/wp-content\/uploads\/2013\/04\/salud_afectiva_castellano.pdf\" target=\"_blank\" rel=\"noopener noreferrer\">Afektibitate-osasuna, sexu-osasuna &#8211;\u00a0Gaztelania (Tamaina 20Kb).<\/a><\/li>\n<li><a title=\"Leiho berrian PDF dokumentua irekiko da\" href=\"\/wp-content\/uploads\/2013\/04\/salud_afectiva_euskera.pdf\" target=\"_blank\" rel=\"noopener noreferrer\">Afektibitate-osasuna, sexu-osasuna\u00a0&#8211; Euskara (Tamaina 22Kb).<\/a><\/li>\n<li><a title=\"Leiho berrian PDF dokumentua irekiko da\" href=\"\/wp-content\/uploads\/2013\/04\/salud_afectiva_frances.pdf\" target=\"_blank\" rel=\"noopener noreferrer\">Afektibitate-osasuna, sexu-osasuna\u00a0&#8211; Frantsesa (Tamaina 22Kb).<\/a><\/li>\n<li><a title=\"Leiho berrian PDF dokumentua irekiko da\" href=\"\/wp-content\/uploads\/2013\/04\/salud_afectiva_ingles.pdf\" target=\"_blank\" rel=\"noopener noreferrer\">Afektibitate-osasuna, sexu-osasuna\u00a0&#8211; Ingelesa (Tamaina 21Kb).<\/a><\/li>\n<li><a title=\"Leiho berrian PDF dokumentua irekiko da\" href=\"\/wp-content\/uploads\/2013\/04\/salud_afectiva_portugues.pdf\" target=\"_blank\" rel=\"noopener noreferrer\">Afektibitate-osasuna,\u00a0sexu-osasuna &#8211;\u00a0Portugesa (Tamaina 22Kb).<\/a><\/li>\n<li><a title=\"Leiho berrian PDF dokumentua irekiko da\" href=\"\/wp-content\/uploads\/2013\/04\/salud_afectiva_bulgaro.pdf\" target=\"_blank\" rel=\"noopener noreferrer\">Afektibitate-osasuna,\u00a0sexu-osasuna &#8211; Bulgariera (Tamaina 67Kb).<\/a><\/li>\n<li><a title=\"Leiho berrian PDF dokumentua irekiko da\" href=\"\/wp-content\/uploads\/2013\/04\/salud_afectiva_rumano.pdf\" target=\"_blank\" rel=\"noopener noreferrer\">Afektibitate-osasuna, sexu-osasuna &#8211;\u00a0Errumaniera (Tamaina 42Kb).<\/a><\/li>\n<li><a title=\"Leiho berrian PDF dokumentua irekiko da\" href=\"\/wp-content\/uploads\/2013\/04\/salud_afectiva_ucraniano.pdf\" target=\"_blank\" rel=\"noopener noreferrer\">Afektibitate-osasuna, sexu-osasuna &#8211; Ukrainera (Tamaina 78Kb).<\/a><\/li>\n<li><a title=\"Leiho berrian PDF dokumentua irekiko da\" href=\"\/wp-content\/uploads\/2013\/04\/salud_afectiva_arabe.pdf\" target=\"_blank\" rel=\"noopener noreferrer\">Afektibitate-osasuna, sexu-osasuna &#8211;\u00a0Arabiera (Tamaina 59Kb).<\/a><\/li>\n<\/ul>\n<\/td>\n<\/tr>\n<\/tbody>\n<\/table>\n<h4><strong>ELIKADURA OSASUNGARRIRAKO OHITURAK<\/strong><\/h4>\n<ul>\n<li><a title=\"Leiho berrian PDF dokumentua irekiko da (gaztelaniaz)\" href=\"\/wp-content\/uploads\/2013\/04\/Alimentaci%F3n-sana-para-todas-las-personas.pdf\" target=\"_blank\" rel=\"noopener noreferrer\">Elikadura osasuntsua jende guztiarentzat (Tamaina 2,67MB)<\/a><\/li>\n<li><a title=\"Leiho berrian PDF dokumentua irekiko da (gaztelaniaz)\" href=\"\/wp-content\/uploads\/2013\/04\/Por-preguntar-que-no-quede.-Comer-y-Crecer.pdf\" target=\"_blank\" rel=\"noopener noreferrer\">Galdetzeagatik ez dadila izan. Jan eta hazi (Tamaina 1,81MB)<\/a><\/li>\n<\/ul>\n<\/div>\n","protected":false},"excerpt":{"rendered":"<p>ETORKINAK HARTZEKO PROGRAMA LEHEN HARRERAKO PROGRAMAREN GARAPENA: Informazio, orientazio eta aholkularitza\u00a0zerbitzua da, doakoa, etorkinarentzat eta bertakoarentzat, atzerritarrei eta,\u00a0batik bat, immigraziorekin lotutako gaiei buruzkoa. Aldez aurretiko\u00a0hitzordua eskatuta\u00a0eskaintzen da\u00a0arreta, astearteetan, 10:00etatik 14:00era. Hitzordua 012 Infolocal zerbitzuan eska daiteke, eta baita 948 19 92 49 telefonoan ere. ETORKINEN FAMILIAK ELKARTZEKO GIZARTE-TXOSTENA IZAPIDETZEA: Oinarrizko Gizarte Zerbitzuko Gizarte-langilearekin hitzordua eskatuko [&hellip;]<\/p>\n","protected":false},"author":88,"featured_media":0,"comment_status":"closed","ping_status":"closed","sticky":false,"template":"","format":"standard","meta":{"_exactmetrics_skip_tracking":false,"_exactmetrics_sitenote_active":false,"_exactmetrics_sitenote_note":"","_exactmetrics_sitenote_category":0,"footnotes":""},"categories":[142],"tags":[],"yoast_head":"<!-- This site is optimized with the Yoast SEO plugin v22.3 - https:\/\/yoast.com\/wordpress\/plugins\/seo\/ -->\r\n<title>IMMIGRAZIO ZERBITZUA - Ayuntamiento de Bara\u00f1ain\/Bara\u00f1aingo Udala<\/title>\r\n<meta name=\"robots\" content=\"index, follow, max-snippet:-1, max-image-preview:large, max-video-preview:-1\" \/>\r\n<link rel=\"canonical\" href=\"https:\/\/www.baranain.es\/eu\/immigrazio-zerbitzua\/\" \/>\r\n<meta property=\"og:locale\" content=\"eu_ES\" \/>\r\n<meta property=\"og:type\" content=\"article\" \/>\r\n<meta property=\"og:title\" content=\"IMMIGRAZIO ZERBITZUA - Ayuntamiento de Bara\u00f1ain\/Bara\u00f1aingo Udala\" \/>\r\n<meta property=\"og:description\" content=\"ETORKINAK HARTZEKO PROGRAMA LEHEN HARRERAKO PROGRAMAREN GARAPENA: Informazio, orientazio eta aholkularitza\u00a0zerbitzua da, doakoa, etorkinarentzat eta bertakoarentzat, atzerritarrei eta,\u00a0batik bat, immigraziorekin lotutako gaiei buruzkoa. Aldez aurretiko\u00a0hitzordua eskatuta\u00a0eskaintzen da\u00a0arreta, astearteetan, 10:00etatik 14:00era. Hitzordua 012 Infolocal zerbitzuan eska daiteke, eta baita 948 19 92 49 telefonoan ere. ETORKINEN FAMILIAK ELKARTZEKO GIZARTE-TXOSTENA IZAPIDETZEA: Oinarrizko Gizarte Zerbitzuko Gizarte-langilearekin hitzordua eskatuko [&hellip;]\" \/>\r\n<meta property=\"og:url\" content=\"https:\/\/www.baranain.es\/eu\/immigrazio-zerbitzua\/\" \/>\r\n<meta property=\"og:site_name\" content=\"Ayuntamiento de Bara\u00f1ain\/Bara\u00f1aingo Udala\" \/>\r\n<meta property=\"article:published_time\" content=\"2013-04-11T11:01:19+00:00\" \/>\r\n<meta property=\"og:image\" content=\"https:\/\/www.baranain.es\/wp-content\/uploads\/2013\/04\/Portada-Gu\u00eda.jpg\" \/>\r\n<meta name=\"twitter:card\" content=\"summary_large_image\" \/>\r\n<meta name=\"twitter:label1\" content=\"Written by\" \/>\n\t<meta name=\"twitter:data1\" content=\"\" \/>\n\t<meta name=\"twitter:label2\" content=\"Est. reading time\" \/>\n\t<meta name=\"twitter:data2\" content=\"1 minute\" \/>\r\n<script type=\"application\/ld+json\" class=\"yoast-schema-graph\">{\"@context\":\"https:\/\/schema.org\",\"@graph\":[{\"@type\":\"WebPage\",\"@id\":\"https:\/\/www.baranain.es\/eu\/immigrazio-zerbitzua\/\",\"url\":\"https:\/\/www.baranain.es\/eu\/immigrazio-zerbitzua\/\",\"name\":\"IMMIGRAZIO ZERBITZUA - Ayuntamiento de Bara\u00f1ain\/Bara\u00f1aingo Udala\",\"isPartOf\":{\"@id\":\"https:\/\/www.baranain.es\/eu\/#website\"},\"datePublished\":\"2013-04-11T11:01:19+00:00\",\"dateModified\":\"2013-04-11T11:01:19+00:00\",\"author\":{\"@id\":\"\"},\"breadcrumb\":{\"@id\":\"https:\/\/www.baranain.es\/eu\/immigrazio-zerbitzua\/#breadcrumb\"},\"inLanguage\":\"eu-ES\",\"potentialAction\":[{\"@type\":\"ReadAction\",\"target\":[\"https:\/\/www.baranain.es\/eu\/immigrazio-zerbitzua\/\"]}]},{\"@type\":\"BreadcrumbList\",\"@id\":\"https:\/\/www.baranain.es\/eu\/immigrazio-zerbitzua\/#breadcrumb\",\"itemListElement\":[{\"@type\":\"ListItem\",\"position\":1,\"name\":\"Home\",\"item\":\"https:\/\/www.baranain.es\/eu\/\"},{\"@type\":\"ListItem\",\"position\":2,\"name\":\"IMMIGRAZIO ZERBITZUA\"}]},{\"@type\":\"WebSite\",\"@id\":\"https:\/\/www.baranain.es\/eu\/#website\",\"url\":\"https:\/\/www.baranain.es\/eu\/\",\"name\":\"Ayuntamiento de Bara\u00f1ain\/Bara\u00f1aingo Udala\",\"description\":\"Ayuntamiento de Bara\u00f1ain\/Bara\u00f1aingo Udala\",\"potentialAction\":[{\"@type\":\"SearchAction\",\"target\":{\"@type\":\"EntryPoint\",\"urlTemplate\":\"https:\/\/www.baranain.es\/eu\/?s={search_term_string}\"},\"query-input\":\"required name=search_term_string\"}],\"inLanguage\":\"eu-ES\"},{\"@type\":\"Person\",\"@id\":\"\"}]}<\/script>\r\n<!-- \/ Yoast SEO plugin. -->","yoast_head_json":{"title":"IMMIGRAZIO ZERBITZUA - Ayuntamiento de Bara\u00f1ain\/Bara\u00f1aingo Udala","robots":{"index":"index","follow":"follow","max-snippet":"max-snippet:-1","max-image-preview":"max-image-preview:large","max-video-preview":"max-video-preview:-1"},"canonical":"https:\/\/www.baranain.es\/eu\/immigrazio-zerbitzua\/","og_locale":"eu_ES","og_type":"article","og_title":"IMMIGRAZIO ZERBITZUA - Ayuntamiento de Bara\u00f1ain\/Bara\u00f1aingo Udala","og_description":"ETORKINAK HARTZEKO PROGRAMA LEHEN HARRERAKO PROGRAMAREN GARAPENA: Informazio, orientazio eta aholkularitza\u00a0zerbitzua da, doakoa, etorkinarentzat eta bertakoarentzat, atzerritarrei eta,\u00a0batik bat, immigraziorekin lotutako gaiei buruzkoa. Aldez aurretiko\u00a0hitzordua eskatuta\u00a0eskaintzen da\u00a0arreta, astearteetan, 10:00etatik 14:00era. Hitzordua 012 Infolocal zerbitzuan eska daiteke, eta baita 948 19 92 49 telefonoan ere. ETORKINEN FAMILIAK ELKARTZEKO GIZARTE-TXOSTENA IZAPIDETZEA: Oinarrizko Gizarte Zerbitzuko Gizarte-langilearekin hitzordua eskatuko [&hellip;]","og_url":"https:\/\/www.baranain.es\/eu\/immigrazio-zerbitzua\/","og_site_name":"Ayuntamiento de Bara\u00f1ain\/Bara\u00f1aingo Udala","article_published_time":"2013-04-11T11:01:19+00:00","og_image":[{"url":"https:\/\/www.baranain.es\/wp-content\/uploads\/2013\/04\/Portada-Gu\u00eda.jpg"}],"twitter_card":"summary_large_image","twitter_misc":{"Written by":"","Est. reading time":"1 minute"},"schema":{"@context":"https:\/\/schema.org","@graph":[{"@type":"WebPage","@id":"https:\/\/www.baranain.es\/eu\/immigrazio-zerbitzua\/","url":"https:\/\/www.baranain.es\/eu\/immigrazio-zerbitzua\/","name":"IMMIGRAZIO ZERBITZUA - Ayuntamiento de Bara\u00f1ain\/Bara\u00f1aingo Udala","isPartOf":{"@id":"https:\/\/www.baranain.es\/eu\/#website"},"datePublished":"2013-04-11T11:01:19+00:00","dateModified":"2013-04-11T11:01:19+00:00","author":{"@id":""},"breadcrumb":{"@id":"https:\/\/www.baranain.es\/eu\/immigrazio-zerbitzua\/#breadcrumb"},"inLanguage":"eu-ES","potentialAction":[{"@type":"ReadAction","target":["https:\/\/www.baranain.es\/eu\/immigrazio-zerbitzua\/"]}]},{"@type":"BreadcrumbList","@id":"https:\/\/www.baranain.es\/eu\/immigrazio-zerbitzua\/#breadcrumb","itemListElement":[{"@type":"ListItem","position":1,"name":"Home","item":"https:\/\/www.baranain.es\/eu\/"},{"@type":"ListItem","position":2,"name":"IMMIGRAZIO ZERBITZUA"}]},{"@type":"WebSite","@id":"https:\/\/www.baranain.es\/eu\/#website","url":"https:\/\/www.baranain.es\/eu\/","name":"Ayuntamiento de Bara\u00f1ain\/Bara\u00f1aingo Udala","description":"Ayuntamiento de Bara\u00f1ain\/Bara\u00f1aingo Udala","potentialAction":[{"@type":"SearchAction","target":{"@type":"EntryPoint","urlTemplate":"https:\/\/www.baranain.es\/eu\/?s={search_term_string}"},"query-input":"required name=search_term_string"}],"inLanguage":"eu-ES"},{"@type":"Person","@id":""}]}},"_links":{"self":[{"href":"https:\/\/www.baranain.es\/eu\/wp-json\/wp\/v2\/posts\/44279"}],"collection":[{"href":"https:\/\/www.baranain.es\/eu\/wp-json\/wp\/v2\/posts"}],"about":[{"href":"https:\/\/www.baranain.es\/eu\/wp-json\/wp\/v2\/types\/post"}],"author":[{"embeddable":true,"href":"https:\/\/www.baranain.es\/eu\/wp-json\/wp\/v2\/users\/88"}],"replies":[{"embeddable":true,"href":"https:\/\/www.baranain.es\/eu\/wp-json\/wp\/v2\/comments?post=44279"}],"version-history":[{"count":0,"href":"https:\/\/www.baranain.es\/eu\/wp-json\/wp\/v2\/posts\/44279\/revisions"}],"wp:attachment":[{"href":"https:\/\/www.baranain.es\/eu\/wp-json\/wp\/v2\/media?parent=44279"}],"wp:term":[{"taxonomy":"category","embeddable":true,"href":"https:\/\/www.baranain.es\/eu\/wp-json\/wp\/v2\/categories?post=44279"},{"taxonomy":"post_tag","embeddable":true,"href":"https:\/\/www.baranain.es\/eu\/wp-json\/wp\/v2\/tags?post=44279"}],"curies":[{"name":"wp","href":"https:\/\/api.w.org\/{rel}","templated":true}]}}