{"id":43587,"date":"2013-04-10T08:51:36","date_gmt":"2013-04-10T07:51:36","guid":{"rendered":"http:\/\/localhost:8000\/kultura\/"},"modified":"2013-04-10T08:51:36","modified_gmt":"2013-04-10T07:51:36","slug":"kultura","status":"publish","type":"post","link":"https:\/\/www.baranain.es\/eu\/kultura\/","title":{"rendered":"KULTURA"},"content":{"rendered":"<p><strong>Helbidea:<\/strong>\u00a0Nafarroako komunitatea kalea 2 pk 31010 Bara\u00f1ain (NAFARROA).<\/p>\n<p><strong>Telefonoa:<\/strong>\u00a0948 18 53 10.<\/p>\n<p><strong>E-Posta:<\/strong> <a title=\"Abrir\u00e1 su cliente de correo predeterminado\" href=\"mailto:cultura2@baranain.com\">cultura@baranain.com<\/a> \/ <a title=\"Abrir\u00e1 su cliente de correo predeterminado\" href=\"mailto:cultura2@baranain.com\">cultura2@baranain.com<\/a><\/p>\n<p><strong>Bulego ordutegia:<\/strong>\u00a0astelehenetik ostiralera, 9:00etatik 14:00etara.<\/p>\n<p><strong>Beste ordutegiak<\/strong><strong>:<\/strong>\u00a0Atezaintza (Uxue Balentzia Berruete \/ Daniel Amillano Hdez \/ Javier Cormenzana), astelehenetik ostiralera, 9:00-21:30.<\/p>\n<p><strong>Arduradun politikoa<\/strong><strong>:<\/strong>\u00a0Pablo Juan Arcelus Cavallero.<\/p>\n<p><strong>Udal teknikaria<\/strong><strong>:<\/strong>\u00a0Ana D\u00edez de Ure Eraul.<\/p>\n<p><strong>Ofizial administraria<\/strong><strong>:<\/strong>\u00a0Anjel Irureta Nemours.<\/p>\n<p><img loading=\"lazy\" decoding=\"async\" class=\"wp-image-313 alignleft\" src=\"http:\/\/localhost:8000\/wp-content\/uploads\/\/wp-content\/uploads\/2013\/04\/Vistas_de_Baranain.jpg\" alt=\"Vistas_de_Baranain\" width=\"1348\" height=\"258\" srcset=\"https:\/\/www.baranain.es\/wp-content\/uploads\/2013\/04\/Vistas_de_Baranain.jpg 651w, https:\/\/www.baranain.es\/wp-content\/uploads\/2013\/04\/Vistas_de_Baranain-300x57.jpg 300w\" sizes=\"(max-width: 1348px) 100vw, 1348px\" \/><\/p>\n<h3><\/h3>\n<h3><\/h3>\n<h3><\/h3>\n<h3><\/h3>\n<h3>ARGIBIDE OROKORRAK<\/h3>\n<p style=\"text-align: justify\">Bara\u00f1aingo Kultura Etxean lan egiten duen giza-taldeak Bara\u00f1aingo errealitate kulturala ezagutu nahi duten pertsonengana gerturatu nahi du web orri honen bidez edota pertsonalki.<\/p>\n<p style=\"text-align: justify\">Udalaren Kultura Arloaz gain, Bara\u00f1ainen, hiritarrei kultura esparru ezberdinei buruzko ezagutzak eskaini nahi dizkieten eta horren alde lan egiten duten bestelako kultura erakundeak baditugu (Bara\u00f1aingo kultura erakundeen zerrenda).<\/p>\n<p style=\"text-align: justify\">Bara\u00f1ainek egun Nafarroan dagoen eszenagune hoberenetarikoa dauka, Fundazio batek kudeatua, urteko kultura programazio anitzarekin. Bertara udalerriko ikusleak ezezik Nafarroako geografia guztikoak\u00a0ere gerturatzen dira.\u00a0<strong><em>Auditorio Bara\u00f1ain Auditorioa<\/em><\/strong>z\u00a0ari gara.<\/p>\n<p style=\"text-align: justify\">Bara\u00f1ain Auditorioaren Webgunea:\u00a0<a title=\"Leiho berrian irekiko da\" href=\"http:\/\/www.auditoriobaranain.com\/\" target=\"_blank\" rel=\"noopener noreferrer\">http:\/\/www.auditoriobaranain.com<\/a><\/p>\n<h3>ZERBITZUAK<\/h3>\n<p style=\"text-align: justify\">Kultura Etxean, Erakustareto batez gain, bestelako aretoak ere badaude. Areto horietan tailerrak egiten dira, eta erabili nahi dituzten beste kolektiboendako edo pertsonendako erabilgarriak izan daitezke, horien erabilera arautzen duten ordenantzen arabera (Erakustaretoa, Erabilera Askotariko Aretoa, erabilera anitzeko aretoak, material uzteak).<\/p>\n<h1 style=\"text-align: left\"><strong>KULTURA ARLOA\u00a0&#8211;\u00a0PROGRAMAZIOA<\/strong><\/h1>\n<h3>BIHILABETEKO KULTURA AGENDA<\/h3>\n<p>Ikus bihilabeteko kultura agenda\u00a0Web orriaren hurrengo atalean\u00a0\u00a0&#8211;&gt;\u00a0\u00a0<img loading=\"lazy\" decoding=\"async\" src=\"http:\/\/www.baranain.es\/wp-content\/uploads\/imgs\/publicaciones.png\" alt=\"Publicaciones\" width=\"65\" height=\"72\" \/>\u00a0<a title=\"Eskabideak\" href=\"http:\/\/www.baranain.es\/eu\/ayuntamiento\/publicaciones\/\">Argitalpenak<\/a><\/p>\n<h3>ARGITALPENAK<\/h3>\n<p>Kultura Etxean\u00a0lor ditzakezue\u00a0Kultura Arloaren ondoko argitalpenok:<\/p>\n<p><strong><img loading=\"lazy\" decoding=\"async\" src=\"\/wp-content\/uploads\/2013\/04\/ConversacionesBiblioteca.jpg\" alt=\"-\" width=\"54\" height=\"71\" \/><\/strong>\u00a0\u00a0\u00a0\u00a0 \u00a0 \u00a0 \u00a0 \u00a0 \u00a0 \u00a0 <img loading=\"lazy\" decoding=\"async\" src=\"\/wp-content\/uploads\/2013\/04\/VecinosyVecinas.jpg\" alt=\"-\" width=\"54\" height=\"71\" \/>\u00a0\u00a0\u00a0\u00a0\u00a0 \u00a0 \u00a0 \u00a0 \u00a0 \u00a0 \u00a0 <img loading=\"lazy\" decoding=\"async\" src=\"\/wp-content\/uploads\/2013\/04\/15aos.jpg\" alt=\"-\" width=\"58\" height=\"71\" \/><\/p>\n<p><a href=\"http:\/\/www.baranain.es\/wp-content\/uploads\/2013\/04\/Alkateak.pdf\">Alkateak<\/a> \u00a0\u00a0\u00a0\u00a0\u00a0\u00a0 Bizilagunak\u00a0\u00a0 \u00a0 \u00a0 \u00a0\u00a0 <a href=\"http:\/\/www.baranain.es\/wp-content\/uploads\/2013\/04\/Festival-Titeres-15-anos-Txotxongilo-Jaialdia-15-urte.pdf\">Festival T\u00edteres 15 a\u00f1os &#8211; Txotxongilo Jaialdia 15 urte<\/a><\/p>\n<h3>BIURTEKO ARGAZKI LEHIAKETA<\/h3>\n<p><img loading=\"lazy\" decoding=\"async\" class=\"size-medium wp-image-11162 alignleft\" src=\"http:\/\/www.baranain.es\/wp-content\/uploads\/2013\/04\/CUL_2018_BASES-CERTAMEN-FOTOGRAFICO_EUS-300x213.jpg\" alt=\"\" width=\"300\" height=\"213\" srcset=\"https:\/\/www.baranain.es\/wp-content\/uploads\/2013\/04\/CUL_2018_BASES-CERTAMEN-FOTOGRAFICO_EUS-300x214.jpg 300w, https:\/\/www.baranain.es\/wp-content\/uploads\/2013\/04\/CUL_2018_BASES-CERTAMEN-FOTOGRAFICO_EUS-768x546.jpg 768w, https:\/\/www.baranain.es\/wp-content\/uploads\/2013\/04\/CUL_2018_BASES-CERTAMEN-FOTOGRAFICO_EUS-1024x728.jpg 1024w, https:\/\/www.baranain.es\/wp-content\/uploads\/2013\/04\/CUL_2018_BASES-CERTAMEN-FOTOGRAFICO_EUS.jpg 1160w\" sizes=\"(max-width: 300px) 100vw, 300px\" \/><\/p>\n<p>&nbsp;<\/p>\n<p style=\"text-align: justify\">Kultura\u00a0Arloak bi urtetik behin &#8220;Bara\u00f1ain Hiria&#8221; Argazki Lehiaketa antolatzen du, Ramon Trancheroren omenez; Bara\u00f1aingo argazkilari honi (2008an zendua) esker ona erakusteko argazkigintzan egin zuen lanarengatik -guztia dohaintzan emana udalerri honi-.<\/p>\n<p><a href=\"http:\/\/www.baranain.es\/wp-content\/uploads\/2013\/04\/CUL_2018_BASES_Certamen-fotografico-Argazki-lehiaketa.pdf\" target=\"_blank\" rel=\"noopener noreferrer\"><em>ArgazkiLehiaketa-2018-Oinarriak<\/em><\/a><\/p>\n<p><em>\u00a0<a href=\"http:\/\/www.baranain.es\/wp-content\/uploads\/2013\/04\/SARITUAK-XXII-ARGAZKI-LEHIAKETA.pdf\">SARITUAK-XXII ARGAZKI LEHIAKETA<\/a><\/em><\/p>\n<p>Hurrengo leihaketa 2020ean aurreikusia dago ospatzea.<\/p>\n<h3><\/h3>\n<h3>DEIALDIAK<\/h3>\n<p style=\"padding-left: 30px;text-align: justify\">DIRU-LAGUNTZA DEIALDIAK, OLENTZERO eta KABALGATA antolatzeko.<\/p>\n<p style=\"padding-left: 30px;text-align: justify\">DIRU-LAGUNTZA DEIALDIAK,\u00a0ELKARLANERAKO eta JARDUERA SOZIOKULTURALAK antolatzeko.<\/p>\n<p style=\"padding-left: 30px;text-align: justify\"><a href=\"http:\/\/www.baranain.es\/wp-content\/uploads\/2013\/04\/Logo-ConvocatoriasCultura.jpg\"><img loading=\"lazy\" decoding=\"async\" class=\"wp-image-75 alignleft\" src=\"http:\/\/www.baranain.es\/wp-content\/uploads\/2013\/04\/Logo-ConvocatoriasCultura.jpg\" alt=\"Logo-ConvocatoriasCultura\" width=\"89\" height=\"95\" \/><\/a>Ikus deialdiak\u00a0Web orriaren <strong>hurrengo atalean\u00a0\u00a0<\/strong>&#8211;&gt;\u00a0\u00a0\u00a0 \u00a0\u00a0<img loading=\"lazy\" decoding=\"async\" src=\"http:\/\/www.baranain.es\/wp-content\/uploads\/imgs\/tab_anun.png\" alt=\"Tabl\u00f3n de Anuncios\" width=\"59\" height=\"56\" \/>\u00a0<strong><a title=\"Deialdiak\" href=\"http:\/\/www.baranain.es\/eu\/actualidad\/tablon\/\">Deialdiak<\/a>\u00a0<\/strong><\/p>\n<h3 style=\"text-align: left\"><\/h3>\n<h3 style=\"text-align: left\">KULTURA TAILERRAK<\/h3>\n<p><img loading=\"lazy\" decoding=\"async\" class=\"size-full wp-image-3108\" src=\"http:\/\/localhost:8000\/wp-content\/uploads\/\/wp-content\/uploads\/2015\/07\/CUL-CulturaCursos.jpg\" alt=\"CUL-CulturaCursos\" width=\"112\" height=\"84\" \/><img loading=\"lazy\" decoding=\"async\" class=\"size-full wp-image-3108\" src=\"http:\/\/localhost:8000\/wp-content\/uploads\/\/wp-content\/uploads\/2015\/07\/CUL-CulturaCursos.jpg\" alt=\"CUL-CulturaCursos\" width=\"112\" height=\"84\" \/><img loading=\"lazy\" decoding=\"async\" class=\"size-full wp-image-3108\" src=\"http:\/\/localhost:8000\/wp-content\/uploads\/\/wp-content\/uploads\/2015\/07\/CUL-CulturaCursos.jpg\" alt=\"CUL-CulturaCursos\" width=\"112\" height=\"84\" \/><img loading=\"lazy\" decoding=\"async\" class=\"size-full wp-image-3108\" src=\"http:\/\/localhost:8000\/wp-content\/uploads\/\/wp-content\/uploads\/2015\/07\/CUL-CulturaCursos.jpg\" alt=\"CUL-CulturaCursos\" width=\"112\" height=\"84\" \/><img loading=\"lazy\" decoding=\"async\" class=\"size-full wp-image-3108\" src=\"http:\/\/localhost:8000\/wp-content\/uploads\/\/wp-content\/uploads\/2015\/07\/CUL-CulturaCursos.jpg\" alt=\"CUL-CulturaCursos\" width=\"112\" height=\"84\" \/><img loading=\"lazy\" decoding=\"async\" class=\"size-full wp-image-3108\" src=\"http:\/\/localhost:8000\/wp-content\/uploads\/\/wp-content\/uploads\/2015\/07\/CUL-CulturaCursos.jpg\" alt=\"CUL-CulturaCursos\" width=\"112\" height=\"84\" \/><\/p>\n<p style=\"text-align: justify\">Urtero, tailer-ikasturteari ekin ohi zaio, eta hona hemen ikastaro motak:<\/p>\n<p style=\"text-align: justify;padding-left: 30px\">\u2022 Lehenengo lauhilabeteko tailerrak (urriaren 1etik\u00a0 urtarrilaren 31 bitarte).<\/p>\n<p style=\"text-align: justify;padding-left: 30px\">\u2022\u00a0Bigarren lauhilabeteko tailerrak\u00a0(otsailaren 1etik maiatzaren 31 bitarte).<\/p>\n<p style=\"text-align: justify;padding-left: 30px\">\u2022 Ikasturte osoko tailerrak (urriaren 1etik maiatzaren 31ra).<\/p>\n<p style=\"text-align: justify;padding-left: 30px\">(Bigarren lauhilabetekoan egiten den tailerra lehenengoan eginikoaren jarraipena da beti).<\/p>\n<p style=\"text-align: justify\"><em>Prozedura orokor bati jarraiki,\u00a0aipatu tailerretan izena emateko bi epe bereizi ohi dira:<\/em><\/p>\n<p style=\"text-align: justify;padding-left: 30px\"><em><span style=\"text-decoration: underline\">IRAILA<\/span>: 1. lauhilabeteko eta ikasturte osorako\u00a0tailerretan\u00a0izena emateko epealdia (hilabete hasieratik).<\/em><\/p>\n<p style=\"text-align: justify;padding-left: 30px\"><em><span style=\"text-decoration: underline\">URTARRILA<\/span>:\u00a02. lauhilabetekorako tailerretan izena emateko epealdia (hilabete hasieratik).<\/em><\/p>\n<p style=\"text-align: justify;padding-left: 30px\"><strong>\u00a0<\/strong><\/p>\n<p style=\"text-align: justify;padding-left: 30px\"><em><img loading=\"lazy\" decoding=\"async\" class=\" wp-image-3106 alignleft\" src=\"http:\/\/www.baranain.es\/wp-content\/uploads\/2015\/07\/CUL-BaileDantzan-166x300.jpg\" alt=\"CUL-BaileDantzan\" width=\"153\" height=\"276\" srcset=\"https:\/\/www.baranain.es\/wp-content\/uploads\/2015\/07\/CUL-BaileDantzan-166x300.jpg 166w, https:\/\/www.baranain.es\/wp-content\/uploads\/2015\/07\/CUL-BaileDantzan.jpg 198w\" sizes=\"(max-width: 153px) 100vw, 153px\" \/>2019-2020 dugu\u00a0indarreko tailer-ikasturtea; azalduriko egutegiari jarraiki, urriaren 1a da ikasturte hasiera. Lehendabiziko lauhilabeteko tailerrek urtarrilaren 31n dute amaiera.\u00a0Bigarren lauhilabeteko tailerrak otsailaren 1etik maiatzaren 31 bitarte luzatzen dira. Ikasturte osoko tailerrak urriaren 1ean hasten dira, eta maiatzaren 31n amaitu. <\/em><\/p>\n<p><a href=\"http:\/\/www.baranain.es\/wp-content\/uploads\/2013\/04\/2019-2020-Ikastaroak.pdf\">2019-2020 Ikastaroak<\/a><\/p>\n<p>OHARRA: Egun, osasun krisia dela eta, ikastaro guztiak bertan behera utzi behar izan dira. Egoerak baimentzen duenean berriro jarriko dira martxan.<\/p>\n<h3><\/h3>\n<h3>ELKARTASUNERAKO BARA\u00d1AINGO AZOKA TXIKIA<\/h3>\n<p style=\"text-align: justify\">Bara\u00f1aingo Udalak 2004tik hona urtero egin ohi du elkartasunerako azoka txikia. Azokaren xedea dirua biltzea da, Nakupenda Afrika GKEren hainbat lankidetza-proiekturentzako. Bigarren eskuko hainbat produktu eros ditzakezue azokan: liburuak, diskak, jostailuak, e.a. Horietaz gain, zeramika- eta artisautza-lanak ere eskura ditzakezue (martxoa eta maiatza bitarte ohikoa izaten da azokarako zeramika tailerra egitea Kultura Etxean). Azoka txikia girotzeko hainbat ekitaldi izaten dira bertan: Bara\u00f1aingo Luis Morondo Musika Ikastetxearen musika emanaldiak, baita Baragazteko, Kultura Etxeko eta Bara\u00f1ain Auditorioko Bayaderos Aula Escena taldeko ikasleen dantza erakustaldiak ere. Elkartasunerako Bara\u00f1aingo azoka txikia ekainaren hasieran egin ohi da. <span style=\"color: #ff6600\"><strong><a href=\"http:\/\/www.baranain.es\/wp-content\/uploads\/2014\/03\/CUL-MercadilloSolidario.jpg\" target=\"_blank\" rel=\"noopener noreferrer\"><span style=\"color: #ff6600\"><em>&#8220;Afrikaren alde mugitzen gara!&#8221;<\/em><\/span><\/a><\/strong><\/span><\/p>\n<h3>ERAKUSKETAK<\/h3>\n<p style=\"text-align: justify\">Kultura Arloak askotariko erakusketak antolatu eta ikusgai jartzen ditu Kultura Etxeko Erakustaretoan eta korridoreetan, interesdun pertsona orori zuzendurikoak.<\/p>\n<h3>TITERE ETA TXOTXONGILO JAIALDIA<\/h3>\n<p style=\"text-align: justify\">Urtero\u00a0antolatzen du Udalak Nazioarteko Jaialdi hau, bakarra Nafarroan, bertara mundu osoko konpainiak etorri ohi direlarik.<\/p>\n<p style=\"text-align: justify\"><em>2019an Bara\u00f1aingo Nazioarteko Titere eta Txotxongilo Jaialdiak XXV. edizioa egin zuen eta maiatzaren 3tik 5era ospatu zen.<br \/>\n<\/em><\/p>\n<p>2020an, osasun krisia dela eta, bertan behera gelditu zen maiatzean ospatzeko ohitura, eta egoerak baimentzen badu, irailean ospatzea aurreikusten da.<\/p>\n<p style=\"padding-left: 30px;text-align: justify\"><img loading=\"lazy\" decoding=\"async\" src=\"http:\/\/www.baranain.es\/wp-content\/uploads\/2013\/04\/LogoConcursosCultura.jpg\" alt=\"LogoConcursosCultura\" width=\"77\" height=\"73\" \/><img loading=\"lazy\" decoding=\"async\" src=\"\/wp-content\/uploads\/2013\/04\/titere.gif\" alt=\"-\" width=\"48\" height=\"78\" \/>Jaialdia hurrengo bi lehiaketekin batera abiatu ohi da:<\/p>\n<h3 style=\"text-align: justify;padding-left: 30px\"><\/h3>\n<h3 style=\"text-align: justify;padding-left: 30px\">\u00a0\u00a0\u00a0\u00a0\u00a0 1.- Bara\u00f1aingo Titere Jaialdia iragartzeko Kartel Lehiaketa<\/h3>\n<p style=\"text-align: justify;padding-left: 60px\"><a href=\"http:\/\/www.baranain.es\/eu\/news\/cultura-cartel-anunciador-del-festival-de-titeres-2019\/\"><strong>2019ko Bara\u00f1aingo Titere Jaialdia iragartzeko Kartel Lehiaketaren irabazlea<\/strong><\/a><\/p>\n<p style=\"text-align: justify;padding-left: 60px\">Lehiaketaren eta Jaialdiaren ibilbide laburra, 2014ko apirileko <em>Vivir en Bara\u00f1\u00e1in aldizkarian, <a href=\"http:\/\/www.diariodenavarra.es\/uploads\/documentos\/2014\/04\/10\/documentos_vbabril2014_095e8a80.pdf\"><em>8. eta 9. orrialdeetan<\/em><\/a>.<\/em><\/p>\n<h3 style=\"text-align: justify;padding-left: 60px\"><strong>2.- Jaialdiaren lehiaketak: &#8220;Nire txotxongiloa egiten dut&#8221; eta &#8220;Txotxongiloen istorio bat&#8221;:<\/strong><\/h3>\n<p style=\"text-align: justify;padding-left: 60px\"><strong>Maiatza -Jaialdiak bere egitaraua plazaratzen duen hilabetea- eta azaroa bitarte zabaltzen da lanak aurkezteko epea.<\/strong>\u00a0 Lehiaketa hauetan\u00a0parte hartzen duten neska-mutikoak gonbidatuak izaten dira hurrengo urteko Jaialdiko sari banaketa ekitaldi batera eta Jaialdi horretan bertan haien lanak Kultura Etxean jarri ohi dira\u00a0ikusgai. \u00a0Bi <strong>lehiaketak\u00a0URTERO plazaratzen\u00a0dira<\/strong>, eta\u00a0lehen eta bigarren hezkuntzako haur-gazteei dira zuzenduak protagonismo handiagoa emateko haiei, jakinda arreta gehien eskaintzen diotela Bara\u00f1aingo Jaialdiari.<\/p>\n<p style=\"text-align: justify;padding-left: 60px\"><em>Aurkezten dizkizuegu baita ere, ideia bat egin dezazuen, aurkeztu diren lanen adibide bat: <a href=\"http:\/\/www.baranain.es\/wp-content\/uploads\/2013\/04\/Txotxongiloak.pdf\">Txotxongiloak<\/a>.<br \/>\n<\/em><\/p>\n<p style=\"text-align: justify;padding-left: 60px\"><strong><span style=\"color: #ff6600\"><em>\u00a0<\/em><\/span><\/strong><\/p>\n<h3 style=\"text-align: justify\">BARA\u00d1AINGO FESTAK<\/h3>\n<h3 style=\"text-align: justify\"><\/h3>\n<p>Herriko festak ekaineko azken astean ospatu ohi dira.<\/p>\n<p style=\"padding-left: 30px\"><img loading=\"lazy\" decoding=\"async\" src=\"http:\/\/www.baranain.es\/wp-content\/uploads\/2013\/04\/LogoConcursosCultura.jpg\" alt=\"LogoConcursosCultura\" width=\"77\" height=\"73\" \/><\/p>\n<p style=\"padding-left: 30px\">Festak iragartzeko kartel leihaketa bat egiten da.<\/p>\n<p style=\"padding-left: 30px\">2 Modalitate: Haurrak\/Helduak<\/p>\n<p><a href=\"http:\/\/www.baranain.es\/eu\/news\/eus-cartel-ganador-de-fiestas-de-baranain-2019\/\">2019ko FESTAK IRAGARTZEKO KARTEL IRABAZLEA<\/a><\/p>\n<p>&nbsp;<\/p>\n<h3>ARAUDIA<\/h3>\n<p style=\"padding-left: 30px;text-align: justify\"><a class=\"mtli_attachment mtli_pdf\" title=\"19. ORDENANTZA \u2013 ORDENANTZA FISKALA, UDALAK ANTOLATZEN DITUEN KULTURAKO IKASTARO EDO JARDUERETARAKO SARRERA, IZEN EMATE EDO MATRIKULAGATIK ORDAINDU BEHARREKO PREZIO PUBLIKOAK ARAUTZEN DITUENA (Tamaina 7Kb)\" href=\"http:\/\/www.baranain.es\/wp-content\/uploads\/2013\/04\/REC_ord_19_eusk_2014.pdf\" target=\"_blank\" rel=\"noopener noreferrer\">19. ORDENANTZA \u2013 ORDENANTZA FISKALA, UDALAK ANTOLATZEN DITUEN KULTURAKO IKASTARO EDO JARDUERETARAKO SARRERA, IZEN EMATE EDO MATRIKULAGATIK ORDAINDU BEHARREKO PREZIO PUBLIKOAK ARAUTZEN DITUENA (Tamaina 7Kb)<\/a><\/p>\n<p style=\"padding-left: 30px;text-align: justify\"><a class=\"mtli_attachment mtli_pdf\" title=\"21. ORDENANTZA \u2013 ORDENANTZA FISKALA, BARA\u00d1AINGO UDALAREN KULTURA ARETO ETA KULTURA GUNEAK ERABILTZEKO PREZIO PUBLIKOAK ARAUTZEN DITUENA (Tamaina 30Kb)\" href=\"http:\/\/www.baranain.es\/wp-content\/uploads\/2013\/04\/ord_21_eusk_2018.pdf\" target=\"_blank\" rel=\"noopener noreferrer\">21. ORDENANTZA \u2013 ORDENANTZA FISKALA, BARA\u00d1AINGO UDALAREN KULTURA ARETO ETA KULTURA GUNEAK ERABILTZEKO PREZIO PUBLIKOAK ARAUTZEN DITUENA (Tamaina 30Kb)<\/a><\/p>\n<p>\u00a0\u00a0\u00a0\u00a0\u00a0\u00a0\u00a0 <a href=\"http:\/\/www.baranain.es\/wp-content\/uploads\/2013\/04\/ord_22_eusk_2018.pdf\">22. ORDENANTZA &#8211;\u00a0 UDAL ELEMENTUAK ERABILTZEKO PREZIO PUBLIKOA ARAUTZEN DUENA\u00a0<\/a><\/p>\n<h3 style=\"text-align: left\">ESTEKAK<\/h3>\n<p style=\"padding-left: 30px\"><a title=\"Informaci\u00f3n cultural Facebook VIVIR EN BARA\u00d1\u00c1IN Facebook Informazio Kulturala\" href=\"https:\/\/www.facebook.com\/vivirenbaranain?ref=stream&amp;hc_location=timeline\">Ikus ezazu Facebook &#8211; Vivir en Bara\u00f1\u00e1in komunikabidearen informazio kulturala <\/a><\/p>\n<p style=\"padding-left: 30px\"><a href=\"http:\/\/www.plazaberri.info\/\" target=\"_blank\" rel=\"noopener noreferrer\">Ikus ezazu Plazaberri komunikabidearen informazio kulturala <\/a><\/p>\n","protected":false},"excerpt":{"rendered":"<p>Helbidea:\u00a0Nafarroako komunitatea kalea 2 pk 31010 Bara\u00f1ain (NAFARROA). Telefonoa:\u00a0948 18 53 10. E-Posta: cultura@baranain.com \/ cultura2@baranain.com Bulego ordutegia:\u00a0astelehenetik ostiralera, 9:00etatik 14:00etara. Beste ordutegiak:\u00a0Atezaintza (Uxue Balentzia Berruete \/ Daniel Amillano Hdez \/ Javier Cormenzana), astelehenetik ostiralera, 9:00-21:30. Arduradun politikoa:\u00a0Pablo Juan Arcelus Cavallero. Udal teknikaria:\u00a0Ana D\u00edez de Ure Eraul. Ofizial administraria:\u00a0Anjel Irureta Nemours. ARGIBIDE OROKORRAK Bara\u00f1aingo Kultura [&hellip;]<\/p>\n","protected":false},"author":19020,"featured_media":0,"comment_status":"closed","ping_status":"closed","sticky":false,"template":"","format":"standard","meta":{"_exactmetrics_skip_tracking":false,"_exactmetrics_sitenote_active":false,"_exactmetrics_sitenote_note":"","_exactmetrics_sitenote_category":0,"footnotes":""},"categories":[142],"tags":[],"yoast_head":"<!-- This site is optimized with the Yoast SEO plugin v22.3 - https:\/\/yoast.com\/wordpress\/plugins\/seo\/ -->\r\n<title>KULTURA - Ayuntamiento de Bara\u00f1ain\/Bara\u00f1aingo Udala<\/title>\r\n<meta name=\"robots\" content=\"index, follow, max-snippet:-1, max-image-preview:large, max-video-preview:-1\" \/>\r\n<link rel=\"canonical\" href=\"https:\/\/www.baranain.es\/eu\/kultura\/\" \/>\r\n<meta property=\"og:locale\" content=\"eu_ES\" \/>\r\n<meta property=\"og:type\" content=\"article\" \/>\r\n<meta property=\"og:title\" content=\"KULTURA - Ayuntamiento de Bara\u00f1ain\/Bara\u00f1aingo Udala\" \/>\r\n<meta property=\"og:description\" content=\"Helbidea:\u00a0Nafarroako komunitatea kalea 2 pk 31010 Bara\u00f1ain (NAFARROA). Telefonoa:\u00a0948 18 53 10. E-Posta: cultura@baranain.com \/ cultura2@baranain.com Bulego ordutegia:\u00a0astelehenetik ostiralera, 9:00etatik 14:00etara. Beste ordutegiak:\u00a0Atezaintza (Uxue Balentzia Berruete \/ Daniel Amillano Hdez \/ Javier Cormenzana), astelehenetik ostiralera, 9:00-21:30. Arduradun politikoa:\u00a0Pablo Juan Arcelus Cavallero. Udal teknikaria:\u00a0Ana D\u00edez de Ure Eraul. Ofizial administraria:\u00a0Anjel Irureta Nemours. ARGIBIDE OROKORRAK Bara\u00f1aingo Kultura [&hellip;]\" \/>\r\n<meta property=\"og:url\" content=\"https:\/\/www.baranain.es\/eu\/kultura\/\" \/>\r\n<meta property=\"og:site_name\" content=\"Ayuntamiento de Bara\u00f1ain\/Bara\u00f1aingo Udala\" \/>\r\n<meta property=\"article:published_time\" content=\"2013-04-10T07:51:36+00:00\" \/>\r\n<meta property=\"og:image\" content=\"http:\/\/localhost:8000\/wp-content\/uploads\/\/wp-content\/uploads\/2013\/04\/Vistas_de_Baranain.jpg\" \/>\r\n<meta name=\"author\" content=\"baranain\" \/>\r\n<meta name=\"twitter:card\" content=\"summary_large_image\" \/>\r\n<meta name=\"twitter:label1\" content=\"Written by\" \/>\n\t<meta name=\"twitter:data1\" content=\"baranain\" \/>\n\t<meta name=\"twitter:label2\" content=\"Est. reading time\" \/>\n\t<meta name=\"twitter:data2\" content=\"4 minutes\" \/>\r\n<script type=\"application\/ld+json\" class=\"yoast-schema-graph\">{\"@context\":\"https:\/\/schema.org\",\"@graph\":[{\"@type\":\"WebPage\",\"@id\":\"https:\/\/www.baranain.es\/eu\/kultura\/\",\"url\":\"https:\/\/www.baranain.es\/eu\/kultura\/\",\"name\":\"KULTURA - Ayuntamiento de Bara\u00f1ain\/Bara\u00f1aingo Udala\",\"isPartOf\":{\"@id\":\"https:\/\/www.baranain.es\/eu\/#website\"},\"primaryImageOfPage\":{\"@id\":\"https:\/\/www.baranain.es\/eu\/kultura\/#primaryimage\"},\"image\":{\"@id\":\"https:\/\/www.baranain.es\/eu\/kultura\/#primaryimage\"},\"thumbnailUrl\":\"http:\/\/localhost:8000\/wp-content\/uploads\/\/wp-content\/uploads\/2013\/04\/Vistas_de_Baranain.jpg\",\"datePublished\":\"2013-04-10T07:51:36+00:00\",\"dateModified\":\"2013-04-10T07:51:36+00:00\",\"author\":{\"@id\":\"https:\/\/www.baranain.es\/eu\/#\/schema\/person\/99f67cd14147de8ec56b602efb412946\"},\"breadcrumb\":{\"@id\":\"https:\/\/www.baranain.es\/eu\/kultura\/#breadcrumb\"},\"inLanguage\":\"eu-ES\",\"potentialAction\":[{\"@type\":\"ReadAction\",\"target\":[\"https:\/\/www.baranain.es\/eu\/kultura\/\"]}]},{\"@type\":\"ImageObject\",\"inLanguage\":\"eu-ES\",\"@id\":\"https:\/\/www.baranain.es\/eu\/kultura\/#primaryimage\",\"url\":\"http:\/\/localhost:8000\/wp-content\/uploads\/\/wp-content\/uploads\/2013\/04\/Vistas_de_Baranain.jpg\",\"contentUrl\":\"http:\/\/localhost:8000\/wp-content\/uploads\/\/wp-content\/uploads\/2013\/04\/Vistas_de_Baranain.jpg\"},{\"@type\":\"BreadcrumbList\",\"@id\":\"https:\/\/www.baranain.es\/eu\/kultura\/#breadcrumb\",\"itemListElement\":[{\"@type\":\"ListItem\",\"position\":1,\"name\":\"Home\",\"item\":\"https:\/\/www.baranain.es\/eu\/\"},{\"@type\":\"ListItem\",\"position\":2,\"name\":\"KULTURA\"}]},{\"@type\":\"WebSite\",\"@id\":\"https:\/\/www.baranain.es\/eu\/#website\",\"url\":\"https:\/\/www.baranain.es\/eu\/\",\"name\":\"Ayuntamiento de Bara\u00f1ain\/Bara\u00f1aingo Udala\",\"description\":\"Ayuntamiento de Bara\u00f1ain\/Bara\u00f1aingo Udala\",\"potentialAction\":[{\"@type\":\"SearchAction\",\"target\":{\"@type\":\"EntryPoint\",\"urlTemplate\":\"https:\/\/www.baranain.es\/eu\/?s={search_term_string}\"},\"query-input\":\"required name=search_term_string\"}],\"inLanguage\":\"eu-ES\"},{\"@type\":\"Person\",\"@id\":\"https:\/\/www.baranain.es\/eu\/#\/schema\/person\/99f67cd14147de8ec56b602efb412946\",\"name\":\"baranain\",\"image\":{\"@type\":\"ImageObject\",\"inLanguage\":\"eu-ES\",\"@id\":\"https:\/\/www.baranain.es\/eu\/#\/schema\/person\/image\/\",\"url\":\"https:\/\/secure.gravatar.com\/avatar\/f0d6bf319999fae65576cfd2b342984f?s=96&d=mm&r=g\",\"contentUrl\":\"https:\/\/secure.gravatar.com\/avatar\/f0d6bf319999fae65576cfd2b342984f?s=96&d=mm&r=g\",\"caption\":\"baranain\"}}]}<\/script>\r\n<!-- \/ Yoast SEO plugin. -->","yoast_head_json":{"title":"KULTURA - Ayuntamiento de Bara\u00f1ain\/Bara\u00f1aingo Udala","robots":{"index":"index","follow":"follow","max-snippet":"max-snippet:-1","max-image-preview":"max-image-preview:large","max-video-preview":"max-video-preview:-1"},"canonical":"https:\/\/www.baranain.es\/eu\/kultura\/","og_locale":"eu_ES","og_type":"article","og_title":"KULTURA - Ayuntamiento de Bara\u00f1ain\/Bara\u00f1aingo Udala","og_description":"Helbidea:\u00a0Nafarroako komunitatea kalea 2 pk 31010 Bara\u00f1ain (NAFARROA). Telefonoa:\u00a0948 18 53 10. E-Posta: cultura@baranain.com \/ cultura2@baranain.com Bulego ordutegia:\u00a0astelehenetik ostiralera, 9:00etatik 14:00etara. Beste ordutegiak:\u00a0Atezaintza (Uxue Balentzia Berruete \/ Daniel Amillano Hdez \/ Javier Cormenzana), astelehenetik ostiralera, 9:00-21:30. Arduradun politikoa:\u00a0Pablo Juan Arcelus Cavallero. Udal teknikaria:\u00a0Ana D\u00edez de Ure Eraul. Ofizial administraria:\u00a0Anjel Irureta Nemours. ARGIBIDE OROKORRAK Bara\u00f1aingo Kultura [&hellip;]","og_url":"https:\/\/www.baranain.es\/eu\/kultura\/","og_site_name":"Ayuntamiento de Bara\u00f1ain\/Bara\u00f1aingo Udala","article_published_time":"2013-04-10T07:51:36+00:00","og_image":[{"url":"http:\/\/localhost:8000\/wp-content\/uploads\/\/wp-content\/uploads\/2013\/04\/Vistas_de_Baranain.jpg"}],"author":"baranain","twitter_card":"summary_large_image","twitter_misc":{"Written by":"baranain","Est. reading time":"4 minutes"},"schema":{"@context":"https:\/\/schema.org","@graph":[{"@type":"WebPage","@id":"https:\/\/www.baranain.es\/eu\/kultura\/","url":"https:\/\/www.baranain.es\/eu\/kultura\/","name":"KULTURA - Ayuntamiento de Bara\u00f1ain\/Bara\u00f1aingo Udala","isPartOf":{"@id":"https:\/\/www.baranain.es\/eu\/#website"},"primaryImageOfPage":{"@id":"https:\/\/www.baranain.es\/eu\/kultura\/#primaryimage"},"image":{"@id":"https:\/\/www.baranain.es\/eu\/kultura\/#primaryimage"},"thumbnailUrl":"http:\/\/localhost:8000\/wp-content\/uploads\/\/wp-content\/uploads\/2013\/04\/Vistas_de_Baranain.jpg","datePublished":"2013-04-10T07:51:36+00:00","dateModified":"2013-04-10T07:51:36+00:00","author":{"@id":"https:\/\/www.baranain.es\/eu\/#\/schema\/person\/99f67cd14147de8ec56b602efb412946"},"breadcrumb":{"@id":"https:\/\/www.baranain.es\/eu\/kultura\/#breadcrumb"},"inLanguage":"eu-ES","potentialAction":[{"@type":"ReadAction","target":["https:\/\/www.baranain.es\/eu\/kultura\/"]}]},{"@type":"ImageObject","inLanguage":"eu-ES","@id":"https:\/\/www.baranain.es\/eu\/kultura\/#primaryimage","url":"http:\/\/localhost:8000\/wp-content\/uploads\/\/wp-content\/uploads\/2013\/04\/Vistas_de_Baranain.jpg","contentUrl":"http:\/\/localhost:8000\/wp-content\/uploads\/\/wp-content\/uploads\/2013\/04\/Vistas_de_Baranain.jpg"},{"@type":"BreadcrumbList","@id":"https:\/\/www.baranain.es\/eu\/kultura\/#breadcrumb","itemListElement":[{"@type":"ListItem","position":1,"name":"Home","item":"https:\/\/www.baranain.es\/eu\/"},{"@type":"ListItem","position":2,"name":"KULTURA"}]},{"@type":"WebSite","@id":"https:\/\/www.baranain.es\/eu\/#website","url":"https:\/\/www.baranain.es\/eu\/","name":"Ayuntamiento de Bara\u00f1ain\/Bara\u00f1aingo Udala","description":"Ayuntamiento de Bara\u00f1ain\/Bara\u00f1aingo Udala","potentialAction":[{"@type":"SearchAction","target":{"@type":"EntryPoint","urlTemplate":"https:\/\/www.baranain.es\/eu\/?s={search_term_string}"},"query-input":"required name=search_term_string"}],"inLanguage":"eu-ES"},{"@type":"Person","@id":"https:\/\/www.baranain.es\/eu\/#\/schema\/person\/99f67cd14147de8ec56b602efb412946","name":"baranain","image":{"@type":"ImageObject","inLanguage":"eu-ES","@id":"https:\/\/www.baranain.es\/eu\/#\/schema\/person\/image\/","url":"https:\/\/secure.gravatar.com\/avatar\/f0d6bf319999fae65576cfd2b342984f?s=96&d=mm&r=g","contentUrl":"https:\/\/secure.gravatar.com\/avatar\/f0d6bf319999fae65576cfd2b342984f?s=96&d=mm&r=g","caption":"baranain"}}]}},"_links":{"self":[{"href":"https:\/\/www.baranain.es\/eu\/wp-json\/wp\/v2\/posts\/43587"}],"collection":[{"href":"https:\/\/www.baranain.es\/eu\/wp-json\/wp\/v2\/posts"}],"about":[{"href":"https:\/\/www.baranain.es\/eu\/wp-json\/wp\/v2\/types\/post"}],"author":[{"embeddable":true,"href":"https:\/\/www.baranain.es\/eu\/wp-json\/wp\/v2\/users\/19020"}],"replies":[{"embeddable":true,"href":"https:\/\/www.baranain.es\/eu\/wp-json\/wp\/v2\/comments?post=43587"}],"version-history":[{"count":0,"href":"https:\/\/www.baranain.es\/eu\/wp-json\/wp\/v2\/posts\/43587\/revisions"}],"wp:attachment":[{"href":"https:\/\/www.baranain.es\/eu\/wp-json\/wp\/v2\/media?parent=43587"}],"wp:term":[{"taxonomy":"category","embeddable":true,"href":"https:\/\/www.baranain.es\/eu\/wp-json\/wp\/v2\/categories?post=43587"},{"taxonomy":"post_tag","embeddable":true,"href":"https:\/\/www.baranain.es\/eu\/wp-json\/wp\/v2\/tags?post=43587"}],"curies":[{"name":"wp","href":"https:\/\/api.w.org\/{rel}","templated":true}]}}