{"id":84208,"date":"2026-04-28T12:19:31","date_gmt":"2026-04-28T10:19:31","guid":{"rendered":"https:\/\/www.baranain.es\/?post_type=noticias&#038;p=84208"},"modified":"2026-04-28T12:19:31","modified_gmt":"2026-04-28T10:19:31","slug":"2025eko-bai-euskarari-ziurtagiriak-banatuta","status":"publish","type":"noticias","link":"https:\/\/www.baranain.es\/eu\/noticias\/2025eko-bai-euskarari-ziurtagiriak-banatuta\/","title":{"rendered":"2025eko Bai Euskarari ziurtagiriak banatuta"},"content":{"rendered":"<p>Bai Euskarari Ziurtagiriaren banaketa-ekitaldia ospatu dute Bara\u00f1ainen, apirilaren 24an, 36 enpresa, saltoki eta entitateen euskara maila aitortzeko. Bara\u00f1aingo Udaletik, Maria Lecumberrik, alkateak, Bai Euskarari Elkartetik, Beatriz Tomasek, koordinatzaileak, eta udaleko alderdietako zinegotziek<\/p>\n<ul>\n<li>UPN \u2013 Bego\u00f1a Aceituno<\/li>\n<li>PSN-PSOE \u2013 Rosa Le\u00f3n<\/li>\n<li>PP \u2013 Jes\u00fas Emilio S\u00e1nchez<\/li>\n<li>GEROA BAI \u2013 Flor Gonz\u00e1lez<\/li>\n<li>EH-Bildu \u2013 Joseba Jimenez<\/li>\n<\/ul>\n<p>&nbsp;<\/p>\n<p>eman zituzten bereizgarriak, eta nabarmendu zuten entitateen lan eredugarria eta horien borondate eta konpromisoari esker emandako urratsak.<\/p>\n<p>Aurkezpen lanetan Amaia De Esteban eta Alejandro Pulido aritu ziren.<\/p>\n<p>Ekitaldia girotzeko eta kulturaz gozatzeko Leire Redin herriko sopranoak eta Xabier Olano piano-joleak, bi gazte horiek, musika eta hiru kantu eskaini zizkiguten: <em>Behe klasekoa<\/em> (Olaia Inziarte), <em>Lisboa<\/em> (Anne Lukin) eta <em>Loretxoa <\/em>(en versi\u00f3n \u00d3pera).<\/p>\n<p>&nbsp;<\/p>\n<p><a href=\"https:\/\/www.baranain.es\/wp-content\/uploads\/2026\/04\/BARANAIN-36-Ziurtagiridun-BE-2025.pdf\">BARA\u00d1AIN-36 Ziurtagiridun-BE 2025<\/a><\/p>\n","protected":false},"author":19161,"featured_media":84205,"comment_status":"closed","ping_status":"closed","template":"","format":"standard","meta":{"_wpml_word_count":["{\"total\":0,\"to_translate\":{\"eu\":2,\"es\":2}}"],"_edit_lock":["1777371584:19161"],"_edit_last":["19161"],"_wpml_media_duplicate":["1"],"_wpml_media_featured":["1"],"barra":[""],"imagenslia":[""],"subti":[""],"_thumbnail_id":["84205"],"_exactmetrics_sitenote_active":["0"],"mostrar_barra":["1"],"_yoast_wpseo_primary_categorianoticias":[""],"_yoast_wpseo_content_score":["90"],"_yoast_wpseo_estimated-reading-time-minutes":["1"],"_yoast_wpseo_wordproof_timestamp":[""]},"yoast_head":"<!-- This site is optimized with the Yoast SEO plugin v22.3 - https:\/\/yoast.com\/wordpress\/plugins\/seo\/ -->\r\n<title>2025eko Bai Euskarari ziurtagiriak banatuta - Ayuntamiento de Bara\u00f1ain\/Bara\u00f1aingo Udala<\/title>\r\n<meta name=\"robots\" content=\"index, follow, max-snippet:-1, max-image-preview:large, max-video-preview:-1\" \/>\r\n<link rel=\"canonical\" href=\"https:\/\/www.baranain.es\/eu\/noticias\/2025eko-bai-euskarari-ziurtagiriak-banatuta\/\" \/>\r\n<meta property=\"og:locale\" content=\"eu_ES\" \/>\r\n<meta property=\"og:type\" content=\"article\" \/>\r\n<meta property=\"og:title\" content=\"2025eko Bai Euskarari ziurtagiriak banatuta - Ayuntamiento de Bara\u00f1ain\/Bara\u00f1aingo Udala\" \/>\r\n<meta property=\"og:description\" content=\"Bai Euskarari Ziurtagiriaren banaketa-ekitaldia ospatu dute Bara\u00f1ainen, apirilaren 24an, 36 enpresa, saltoki eta entitateen euskara maila aitortzeko. Bara\u00f1aingo Udaletik, Maria Lecumberrik, alkateak, Bai Euskarari Elkartetik, Beatriz Tomasek, koordinatzaileak, eta udaleko alderdietako zinegotziek UPN \u2013 Bego\u00f1a Aceituno PSN-PSOE \u2013 Rosa Le\u00f3n PP \u2013 Jes\u00fas Emilio S\u00e1nchez GEROA BAI \u2013 Flor Gonz\u00e1lez EH-Bildu \u2013 Joseba Jimenez &nbsp; [&hellip;]\" \/>\r\n<meta property=\"og:url\" content=\"https:\/\/www.baranain.es\/eu\/noticias\/2025eko-bai-euskarari-ziurtagiriak-banatuta\/\" \/>\r\n<meta property=\"og:site_name\" content=\"Ayuntamiento de Bara\u00f1ain\/Bara\u00f1aingo Udala\" \/>\r\n<meta property=\"og:image\" content=\"https:\/\/www.baranain.es\/wp-content\/uploads\/2026\/04\/720X340-1.png\" \/>\r\n\t<meta property=\"og:image:width\" content=\"720\" \/>\r\n\t<meta property=\"og:image:height\" content=\"340\" \/>\r\n\t<meta property=\"og:image:type\" content=\"image\/png\" \/>\r\n<meta name=\"twitter:card\" content=\"summary_large_image\" \/>\r\n<meta name=\"twitter:label1\" content=\"Est. reading time\" \/>\n\t<meta name=\"twitter:data1\" content=\"1 minute\" \/>\r\n<script type=\"application\/ld+json\" class=\"yoast-schema-graph\">{\"@context\":\"https:\/\/schema.org\",\"@graph\":[{\"@type\":\"WebPage\",\"@id\":\"https:\/\/www.baranain.es\/eu\/noticias\/2025eko-bai-euskarari-ziurtagiriak-banatuta\/\",\"url\":\"https:\/\/www.baranain.es\/eu\/noticias\/2025eko-bai-euskarari-ziurtagiriak-banatuta\/\",\"name\":\"2025eko Bai Euskarari ziurtagiriak banatuta - Ayuntamiento de Bara\u00f1ain\/Bara\u00f1aingo Udala\",\"isPartOf\":{\"@id\":\"https:\/\/www.baranain.es\/eu\/#website\"},\"primaryImageOfPage\":{\"@id\":\"https:\/\/www.baranain.es\/eu\/noticias\/2025eko-bai-euskarari-ziurtagiriak-banatuta\/#primaryimage\"},\"image\":{\"@id\":\"https:\/\/www.baranain.es\/eu\/noticias\/2025eko-bai-euskarari-ziurtagiriak-banatuta\/#primaryimage\"},\"thumbnailUrl\":\"https:\/\/www.baranain.es\/wp-content\/uploads\/2026\/04\/720X340-1.png\",\"datePublished\":\"2026-04-28T10:19:31+00:00\",\"dateModified\":\"2026-04-28T10:19:31+00:00\",\"breadcrumb\":{\"@id\":\"https:\/\/www.baranain.es\/eu\/noticias\/2025eko-bai-euskarari-ziurtagiriak-banatuta\/#breadcrumb\"},\"inLanguage\":\"eu-ES\",\"potentialAction\":[{\"@type\":\"ReadAction\",\"target\":[\"https:\/\/www.baranain.es\/eu\/noticias\/2025eko-bai-euskarari-ziurtagiriak-banatuta\/\"]}]},{\"@type\":\"ImageObject\",\"inLanguage\":\"eu-ES\",\"@id\":\"https:\/\/www.baranain.es\/eu\/noticias\/2025eko-bai-euskarari-ziurtagiriak-banatuta\/#primaryimage\",\"url\":\"https:\/\/www.baranain.es\/wp-content\/uploads\/2026\/04\/720X340-1.png\",\"contentUrl\":\"https:\/\/www.baranain.es\/wp-content\/uploads\/2026\/04\/720X340-1.png\",\"width\":720,\"height\":340},{\"@type\":\"BreadcrumbList\",\"@id\":\"https:\/\/www.baranain.es\/eu\/noticias\/2025eko-bai-euskarari-ziurtagiriak-banatuta\/#breadcrumb\",\"itemListElement\":[{\"@type\":\"ListItem\",\"position\":1,\"name\":\"Home\",\"item\":\"https:\/\/www.baranain.es\/eu\/\"},{\"@type\":\"ListItem\",\"position\":2,\"name\":\"Albisteak\",\"item\":\"https:\/\/www.baranain.es\/eu\/noticias\/\"},{\"@type\":\"ListItem\",\"position\":3,\"name\":\"2025eko Bai Euskarari ziurtagiriak banatuta\"}]},{\"@type\":\"WebSite\",\"@id\":\"https:\/\/www.baranain.es\/eu\/#website\",\"url\":\"https:\/\/www.baranain.es\/eu\/\",\"name\":\"Ayuntamiento de Bara\u00f1ain\/Bara\u00f1aingo Udala\",\"description\":\"Ayuntamiento de Bara\u00f1ain\/Bara\u00f1aingo Udala\",\"potentialAction\":[{\"@type\":\"SearchAction\",\"target\":{\"@type\":\"EntryPoint\",\"urlTemplate\":\"https:\/\/www.baranain.es\/eu\/?s={search_term_string}\"},\"query-input\":\"required name=search_term_string\"}],\"inLanguage\":\"eu-ES\"}]}<\/script>\r\n<!-- \/ Yoast SEO plugin. -->","yoast_head_json":{"title":"2025eko Bai Euskarari ziurtagiriak banatuta - Ayuntamiento de Bara\u00f1ain\/Bara\u00f1aingo Udala","robots":{"index":"index","follow":"follow","max-snippet":"max-snippet:-1","max-image-preview":"max-image-preview:large","max-video-preview":"max-video-preview:-1"},"canonical":"https:\/\/www.baranain.es\/eu\/noticias\/2025eko-bai-euskarari-ziurtagiriak-banatuta\/","og_locale":"eu_ES","og_type":"article","og_title":"2025eko Bai Euskarari ziurtagiriak banatuta - Ayuntamiento de Bara\u00f1ain\/Bara\u00f1aingo Udala","og_description":"Bai Euskarari Ziurtagiriaren banaketa-ekitaldia ospatu dute Bara\u00f1ainen, apirilaren 24an, 36 enpresa, saltoki eta entitateen euskara maila aitortzeko. Bara\u00f1aingo Udaletik, Maria Lecumberrik, alkateak, Bai Euskarari Elkartetik, Beatriz Tomasek, koordinatzaileak, eta udaleko alderdietako zinegotziek UPN \u2013 Bego\u00f1a Aceituno PSN-PSOE \u2013 Rosa Le\u00f3n PP \u2013 Jes\u00fas Emilio S\u00e1nchez GEROA BAI \u2013 Flor Gonz\u00e1lez EH-Bildu \u2013 Joseba Jimenez &nbsp; [&hellip;]","og_url":"https:\/\/www.baranain.es\/eu\/noticias\/2025eko-bai-euskarari-ziurtagiriak-banatuta\/","og_site_name":"Ayuntamiento de Bara\u00f1ain\/Bara\u00f1aingo Udala","og_image":[{"width":720,"height":340,"url":"https:\/\/www.baranain.es\/wp-content\/uploads\/2026\/04\/720X340-1.png","type":"image\/png"}],"twitter_card":"summary_large_image","twitter_misc":{"Est. reading time":"1 minute"},"schema":{"@context":"https:\/\/schema.org","@graph":[{"@type":"WebPage","@id":"https:\/\/www.baranain.es\/eu\/noticias\/2025eko-bai-euskarari-ziurtagiriak-banatuta\/","url":"https:\/\/www.baranain.es\/eu\/noticias\/2025eko-bai-euskarari-ziurtagiriak-banatuta\/","name":"2025eko Bai Euskarari ziurtagiriak banatuta - Ayuntamiento de Bara\u00f1ain\/Bara\u00f1aingo Udala","isPartOf":{"@id":"https:\/\/www.baranain.es\/eu\/#website"},"primaryImageOfPage":{"@id":"https:\/\/www.baranain.es\/eu\/noticias\/2025eko-bai-euskarari-ziurtagiriak-banatuta\/#primaryimage"},"image":{"@id":"https:\/\/www.baranain.es\/eu\/noticias\/2025eko-bai-euskarari-ziurtagiriak-banatuta\/#primaryimage"},"thumbnailUrl":"https:\/\/www.baranain.es\/wp-content\/uploads\/2026\/04\/720X340-1.png","datePublished":"2026-04-28T10:19:31+00:00","dateModified":"2026-04-28T10:19:31+00:00","breadcrumb":{"@id":"https:\/\/www.baranain.es\/eu\/noticias\/2025eko-bai-euskarari-ziurtagiriak-banatuta\/#breadcrumb"},"inLanguage":"eu-ES","potentialAction":[{"@type":"ReadAction","target":["https:\/\/www.baranain.es\/eu\/noticias\/2025eko-bai-euskarari-ziurtagiriak-banatuta\/"]}]},{"@type":"ImageObject","inLanguage":"eu-ES","@id":"https:\/\/www.baranain.es\/eu\/noticias\/2025eko-bai-euskarari-ziurtagiriak-banatuta\/#primaryimage","url":"https:\/\/www.baranain.es\/wp-content\/uploads\/2026\/04\/720X340-1.png","contentUrl":"https:\/\/www.baranain.es\/wp-content\/uploads\/2026\/04\/720X340-1.png","width":720,"height":340},{"@type":"BreadcrumbList","@id":"https:\/\/www.baranain.es\/eu\/noticias\/2025eko-bai-euskarari-ziurtagiriak-banatuta\/#breadcrumb","itemListElement":[{"@type":"ListItem","position":1,"name":"Home","item":"https:\/\/www.baranain.es\/eu\/"},{"@type":"ListItem","position":2,"name":"Albisteak","item":"https:\/\/www.baranain.es\/eu\/noticias\/"},{"@type":"ListItem","position":3,"name":"2025eko Bai Euskarari ziurtagiriak banatuta"}]},{"@type":"WebSite","@id":"https:\/\/www.baranain.es\/eu\/#website","url":"https:\/\/www.baranain.es\/eu\/","name":"Ayuntamiento de Bara\u00f1ain\/Bara\u00f1aingo Udala","description":"Ayuntamiento de Bara\u00f1ain\/Bara\u00f1aingo Udala","potentialAction":[{"@type":"SearchAction","target":{"@type":"EntryPoint","urlTemplate":"https:\/\/www.baranain.es\/eu\/?s={search_term_string}"},"query-input":"required name=search_term_string"}],"inLanguage":"eu-ES"}]}},"_links":{"self":[{"href":"https:\/\/www.baranain.es\/eu\/wp-json\/wp\/v2\/noticias\/84208"}],"collection":[{"href":"https:\/\/www.baranain.es\/eu\/wp-json\/wp\/v2\/noticias"}],"about":[{"href":"https:\/\/www.baranain.es\/eu\/wp-json\/wp\/v2\/types\/noticias"}],"author":[{"embeddable":true,"href":"https:\/\/www.baranain.es\/eu\/wp-json\/wp\/v2\/users\/19161"}],"replies":[{"embeddable":true,"href":"https:\/\/www.baranain.es\/eu\/wp-json\/wp\/v2\/comments?post=84208"}],"wp:featuredmedia":[{"embeddable":true,"href":"https:\/\/www.baranain.es\/eu\/wp-json\/wp\/v2\/media\/84205"}],"wp:attachment":[{"href":"https:\/\/www.baranain.es\/eu\/wp-json\/wp\/v2\/media?parent=84208"}],"curies":[{"name":"wp","href":"https:\/\/api.w.org\/{rel}","templated":true}]}}