{"id":82807,"date":"2025-12-23T13:28:04","date_gmt":"2025-12-23T12:28:04","guid":{"rendered":"https:\/\/www.baranain.es\/?post_type=noticias&#038;p=82807"},"modified":"2025-12-23T14:45:33","modified_gmt":"2025-12-23T13:45:33","slug":"kultura-olentzero-maridomingi-2025-eta-ekialdeko-errege-magoen-kabalgata-2026","status":"publish","type":"noticias","link":"https:\/\/www.baranain.es\/eu\/noticias\/kultura-olentzero-maridomingi-2025-eta-ekialdeko-errege-magoen-kabalgata-2026\/","title":{"rendered":"Kultura &#8211; Olentzero-Maridomingi 2025 eta Ekialdeko Errege Magoen Kabalgata 2026"},"content":{"rendered":"<p>Olentzero 2025 eta Kabalgata 2026 ekitaldien programak aurkezten dizkizuegu, Bara\u00f1aingo Jai Batzordeak eta Akabar Cabalgata Bara\u00f1ain Elkarteak, hurrenez hurren, Udalarekin elkarlanean antolatuak.<\/p>\n<p>Ekitaldi tradizional hauetaz gozatzea espero dugu!<\/p>\n<h2><a href=\"https:\/\/www.baranain.es\/wp-content\/uploads\/2025\/12\/CUL-CartelOlentzero2025.pdf\">KARTELA OLENTZERO-MARIDOMINGI BARA\u00d1AIN 2025 (pdf)<\/a><\/h2>\n<p><a href=\"https:\/\/www.baranain.es\/wp-content\/uploads\/2025\/12\/CUL-CartelOlentzero2025.png\"><img loading=\"lazy\" decoding=\"async\" class=\"alignnone size-full wp-image-82789\" src=\"https:\/\/www.baranain.es\/wp-content\/uploads\/2025\/12\/CUL-CartelOlentzero2025.png\" alt=\"\" width=\"1226\" height=\"1539\" srcset=\"https:\/\/www.baranain.es\/wp-content\/uploads\/2025\/12\/CUL-CartelOlentzero2025.png 1226w, https:\/\/www.baranain.es\/wp-content\/uploads\/2025\/12\/CUL-CartelOlentzero2025-239x300.png 239w, https:\/\/www.baranain.es\/wp-content\/uploads\/2025\/12\/CUL-CartelOlentzero2025-816x1024.png 816w, https:\/\/www.baranain.es\/wp-content\/uploads\/2025\/12\/CUL-CartelOlentzero2025-768x964.png 768w, https:\/\/www.baranain.es\/wp-content\/uploads\/2025\/12\/CUL-CartelOlentzero2025-1224x1536.png 1224w, https:\/\/www.baranain.es\/wp-content\/uploads\/2025\/12\/CUL-CartelOlentzero2025-300x377.png 300w, https:\/\/www.baranain.es\/wp-content\/uploads\/2025\/12\/CUL-CartelOlentzero2025-92x115.png 92w\" sizes=\"(max-width: 1226px) 100vw, 1226px\" \/><\/a><\/p>\n<h2><\/h2>\n<h2><a href=\"https:\/\/www.baranain.es\/wp-content\/uploads\/2025\/12\/CUL-DEF-CartelCabalgata2026.pdf\">KARTELA EKIALDEKO ERREGE MAGOEN KABALGATA 2026 (pdf)<\/a><\/h2>\n<p><a href=\"https:\/\/www.baranain.es\/wp-content\/uploads\/2025\/12\/CUL-DEF-CartelCabalgata2026-scaled.jpg\"><img loading=\"lazy\" decoding=\"async\" class=\"alignnone size-full wp-image-82791\" src=\"https:\/\/www.baranain.es\/wp-content\/uploads\/2025\/12\/CUL-DEF-CartelCabalgata2026-scaled.jpg\" alt=\"\" width=\"1821\" height=\"2560\" srcset=\"https:\/\/www.baranain.es\/wp-content\/uploads\/2025\/12\/CUL-DEF-CartelCabalgata2026-scaled.jpg 1821w, https:\/\/www.baranain.es\/wp-content\/uploads\/2025\/12\/CUL-DEF-CartelCabalgata2026-213x300.jpg 213w, https:\/\/www.baranain.es\/wp-content\/uploads\/2025\/12\/CUL-DEF-CartelCabalgata2026-728x1024.jpg 728w, https:\/\/www.baranain.es\/wp-content\/uploads\/2025\/12\/CUL-DEF-CartelCabalgata2026-768x1080.jpg 768w, https:\/\/www.baranain.es\/wp-content\/uploads\/2025\/12\/CUL-DEF-CartelCabalgata2026-1093x1536.jpg 1093w, https:\/\/www.baranain.es\/wp-content\/uploads\/2025\/12\/CUL-DEF-CartelCabalgata2026-1457x2048.jpg 1457w, https:\/\/www.baranain.es\/wp-content\/uploads\/2025\/12\/CUL-DEF-CartelCabalgata2026-300x422.jpg 300w, https:\/\/www.baranain.es\/wp-content\/uploads\/2025\/12\/CUL-DEF-CartelCabalgata2026-82x115.jpg 82w\" sizes=\"(max-width: 1821px) 100vw, 1821px\" \/><\/a><\/p>\n<h4><span style=\"color: #ff0000\">ERREGE MAGOEI HARRERA URTARRILAREN 5ean, BARA\u00d1AINGO AUDITORIOAN, 20:30ean.<\/span><br \/>\nAbenduaren 16an eta 17an Auditorioko leihatila presentzialean erroldatuta dauden pertsonek, 18:30etik 20:30era, sarrerak aldez aurretik hartu ahal izango dituzte Errege Magoei espazio eszenikoan harrera egiteko, NANa edo agiri baliokidea aurkeztuz ; eta interesa duten pertsona guztiek, abenduaren 18tik aurrera takilan edo Auditorioaren webgunearen bidez sarrerak agortu arte. (1 \u20ac\/ sarrera)<\/h4>\n<blockquote class=\"wp-embedded-content\" data-secret=\"SEXYz3MDJp\"><p><a href=\"https:\/\/www.auditoriobaranain.com\/eu\/programacion\/cabalgata-recibimiento-de-ssmm-los-reyes-magos-y-sequito\/\">CABALGATA: RECIBIMIENTO DE SSMM LOS REYES MAGOS Y SEQUITO<\/a><\/p><\/blockquote>\n<p><iframe class=\"wp-embedded-content\" sandbox=\"allow-scripts\" security=\"restricted\" style=\"position: absolute; clip: rect(1px, 1px, 1px, 1px);\" title=\"&#8220;CABALGATA: RECIBIMIENTO DE SSMM LOS REYES MAGOS Y SEQUITO&#8221; &#8212; Auditorio Bara\u00f1ain Auditorioa\" src=\"https:\/\/www.auditoriobaranain.com\/eu\/programacion\/cabalgata-recibimiento-de-ssmm-los-reyes-magos-y-sequito\/embed\/#?secret=SEXYz3MDJp\" data-secret=\"SEXYz3MDJp\" width=\"500\" height=\"282\" frameborder=\"0\" marginwidth=\"0\" marginheight=\"0\" scrolling=\"no\"><\/iframe><\/p>\n<h4><\/h4>\n","protected":false},"author":19135,"featured_media":82806,"comment_status":"closed","ping_status":"closed","template":"","format":"standard","meta":{"_wpml_media_featured":["1"],"_wpml_media_duplicate":["1"],"_wpml_word_count":["{\"total\":150,\"to_translate\":{\"eu\":150}}"],"imagenslia":["69602"],"subti":[""],"_yoast_wpseo_primary_categorianoticias":[""],"_yoast_wpseo_content_score":["90"],"_yoast_wpseo_estimated-reading-time-minutes":["2"],"_yoast_wpseo_wordproof_timestamp":[""],"_oembed_0fffb7e7b8cb2f04d97e8053cc93b763":["<blockquote class=\"wp-embedded-content\" data-secret=\"HuRNnftq0F\"><a href=\"https:\/\/www.auditoriobaranain.com\/programacion\/cabalgata-reyes-magos-2023\/\">CABALGATA REYES MAGOS 2023<\/a><\/blockquote><iframe class=\"wp-embedded-content\" sandbox=\"allow-scripts\" security=\"restricted\" style=\"position: absolute; clip: rect(1px, 1px, 1px, 1px);\" title=\"&#171;CABALGATA REYES MAGOS 2023&#187; &#8212; Auditorio Bara\u00f1ain Auditorioa\" src=\"https:\/\/www.auditoriobaranain.com\/programacion\/cabalgata-reyes-magos-2023\/embed\/#?secret=HuRNnftq0F\" data-secret=\"HuRNnftq0F\" width=\"600\" height=\"338\" frameborder=\"0\" marginwidth=\"0\" marginheight=\"0\" scrolling=\"no\"><\/iframe>"],"_oembed_time_0fffb7e7b8cb2f04d97e8053cc93b763":["1671526785"],"_oembed_406d4baaee4ccbe72bacda3b4a3afa08":["<blockquote class=\"wp-embedded-content\" data-secret=\"QNS9o9xU1a\"><a href=\"https:\/\/www.auditoriobaranain.com\/programacion\/cabalgata-reyes-magos-2023\/\">CABALGATA REYES MAGOS 2023<\/a><\/blockquote><iframe class=\"wp-embedded-content\" sandbox=\"allow-scripts\" security=\"restricted\" style=\"position: absolute; clip: rect(1px, 1px, 1px, 1px);\" title=\"&#171;CABALGATA REYES MAGOS 2023&#187; &#8212; Auditorio Bara\u00f1ain Auditorioa\" src=\"https:\/\/www.auditoriobaranain.com\/programacion\/cabalgata-reyes-magos-2023\/embed\/#?secret=QNS9o9xU1a\" data-secret=\"QNS9o9xU1a\" width=\"500\" height=\"282\" frameborder=\"0\" marginwidth=\"0\" marginheight=\"0\" scrolling=\"no\"><\/iframe>"],"_oembed_time_406d4baaee4ccbe72bacda3b4a3afa08":["1671526811"],"_oembed_50af3be402d441d4a245df6ae41105e2":["<blockquote class=\"wp-embedded-content\" data-secret=\"3Hsr5UbJFv\"><a href=\"https:\/\/www.auditoriobaranain.com\/programacion\/cabalgata-reyes-magos-2023\/\">CABALGATA REYES MAGOS 2023<\/a><\/blockquote><iframe class=\"wp-embedded-content\" sandbox=\"allow-scripts\" security=\"restricted\" style=\"position: absolute; clip: rect(1px, 1px, 1px, 1px);\" title=\"&#171;CABALGATA REYES MAGOS 2023&#187; &#8212; Auditorio Bara\u00f1ain Auditorioa\" src=\"https:\/\/www.auditoriobaranain.com\/programacion\/cabalgata-reyes-magos-2023\/embed\/#?secret=3Hsr5UbJFv\" data-secret=\"3Hsr5UbJFv\" width=\"600\" height=\"338\" frameborder=\"0\" marginwidth=\"0\" marginheight=\"0\" scrolling=\"no\"><\/iframe>"],"_oembed_time_50af3be402d441d4a245df6ae41105e2":["1671526823"],"barra":["general"],"mostrar_barra":["1"],"_oembed_71376805777d998bc40d2b79f4db7975":["<blockquote class=\"wp-embedded-content\" data-secret=\"fmE0lE7kJA\"><a href=\"https:\/\/www.auditoriobaranain.com\/programacion\/cabalgata-recibimiento-de-ssmm-los-reyes-magos-y-sequito\/\">CABALGATA: RECIBIMIENTO DE SSMM LOS REYES MAGOS Y SEQUITO<\/a><\/blockquote><iframe class=\"wp-embedded-content\" sandbox=\"allow-scripts\" security=\"restricted\" style=\"position: absolute; clip: rect(1px, 1px, 1px, 1px);\" title=\"&#171;CABALGATA: RECIBIMIENTO DE SSMM LOS REYES MAGOS Y SEQUITO&#187; &#8212; Auditorio Bara\u00f1ain Auditorioa\" src=\"https:\/\/www.auditoriobaranain.com\/programacion\/cabalgata-recibimiento-de-ssmm-los-reyes-magos-y-sequito\/embed\/#?secret=fmE0lE7kJA\" data-secret=\"fmE0lE7kJA\" width=\"600\" height=\"338\" frameborder=\"0\" marginwidth=\"0\" marginheight=\"0\" scrolling=\"no\"><\/iframe>"],"_oembed_time_71376805777d998bc40d2b79f4db7975":["1766491256"],"_oembed_a185bbb43590d24b6a3ce93175e921e4":["<blockquote class=\"wp-embedded-content\" data-secret=\"dwI95LOlxY\"><a href=\"https:\/\/www.auditoriobaranain.com\/programacion\/cabalgata-recibimiento-de-ssmm-los-reyes-magos-y-sequito\/\">CABALGATA: RECIBIMIENTO DE SSMM LOS REYES MAGOS Y SEQUITO<\/a><\/blockquote><iframe class=\"wp-embedded-content\" sandbox=\"allow-scripts\" security=\"restricted\" style=\"position: absolute; clip: rect(1px, 1px, 1px, 1px);\" title=\"&#171;CABALGATA: RECIBIMIENTO DE SSMM LOS REYES MAGOS Y SEQUITO&#187; &#8212; Auditorio Bara\u00f1ain Auditorioa\" src=\"https:\/\/www.auditoriobaranain.com\/programacion\/cabalgata-recibimiento-de-ssmm-los-reyes-magos-y-sequito\/embed\/#?secret=dwI95LOlxY\" data-secret=\"dwI95LOlxY\" width=\"500\" height=\"282\" frameborder=\"0\" marginwidth=\"0\" marginheight=\"0\" scrolling=\"no\"><\/iframe>"],"_oembed_time_a185bbb43590d24b6a3ce93175e921e4":["1766491355"],"_oembed_a1269fd41a54a9eb89dd3cd8ed96f70a":["<blockquote class=\"wp-embedded-content\" data-secret=\"xP08msNXkV\"><a href=\"https:\/\/www.auditoriobaranain.com\/programacion\/cabalgata-recibimiento-de-ssmm-los-reyes-magos-y-sequito\/\">CABALGATA: RECIBIMIENTO DE SSMM LOS REYES MAGOS Y SEQUITO<\/a><\/blockquote><iframe class=\"wp-embedded-content\" sandbox=\"allow-scripts\" security=\"restricted\" style=\"position: absolute; clip: rect(1px, 1px, 1px, 1px);\" title=\"&#171;CABALGATA: RECIBIMIENTO DE SSMM LOS REYES MAGOS Y SEQUITO&#187; &#8212; Auditorio Bara\u00f1ain Auditorioa\" src=\"https:\/\/www.auditoriobaranain.com\/programacion\/cabalgata-recibimiento-de-ssmm-los-reyes-magos-y-sequito\/embed\/#?secret=xP08msNXkV\" data-secret=\"xP08msNXkV\" width=\"600\" height=\"338\" frameborder=\"0\" marginwidth=\"0\" marginheight=\"0\" scrolling=\"no\"><\/iframe>"],"_oembed_time_a1269fd41a54a9eb89dd3cd8ed96f70a":["1766491356"],"_thumbnail_id":["82806"],"_edit_lock":["1766497406:19135"],"_edit_last":["19135"],"_oembed_d915823f33e2c81c399d5c4a39e859d8":["<blockquote class=\"wp-embedded-content\" data-secret=\"d3JgB7X3dD\"><a href=\"https:\/\/www.auditoriobaranain.com\/eu\/programacion\/cabalgata-recibimiento-de-ssmm-los-reyes-magos-y-sequito\/\">CABALGATA: RECIBIMIENTO DE SSMM LOS REYES MAGOS Y SEQUITO<\/a><\/blockquote><iframe class=\"wp-embedded-content\" sandbox=\"allow-scripts\" security=\"restricted\" style=\"position: absolute; clip: rect(1px, 1px, 1px, 1px);\" title=\"&#8220;CABALGATA: RECIBIMIENTO DE SSMM LOS REYES MAGOS Y SEQUITO&#8221; &#8212; Auditorio Bara\u00f1ain Auditorioa\" src=\"https:\/\/www.auditoriobaranain.com\/eu\/programacion\/cabalgata-recibimiento-de-ssmm-los-reyes-magos-y-sequito\/embed\/#?secret=d3JgB7X3dD\" data-secret=\"d3JgB7X3dD\" width=\"600\" height=\"338\" frameborder=\"0\" marginwidth=\"0\" marginheight=\"0\" scrolling=\"no\"><\/iframe>"],"_oembed_time_d915823f33e2c81c399d5c4a39e859d8":["1766492853"],"_exactmetrics_sitenote_active":["0"],"_oembed_39eb98ecdc52b4f61f789d5fb3ba281e":["<blockquote class=\"wp-embedded-content\" data-secret=\"SEXYz3MDJp\"><a href=\"https:\/\/www.auditoriobaranain.com\/eu\/programacion\/cabalgata-recibimiento-de-ssmm-los-reyes-magos-y-sequito\/\">CABALGATA: RECIBIMIENTO DE SSMM LOS REYES MAGOS Y SEQUITO<\/a><\/blockquote><iframe class=\"wp-embedded-content\" sandbox=\"allow-scripts\" security=\"restricted\" style=\"position: absolute; clip: rect(1px, 1px, 1px, 1px);\" title=\"&#8220;CABALGATA: RECIBIMIENTO DE SSMM LOS REYES MAGOS Y SEQUITO&#8221; &#8212; Auditorio Bara\u00f1ain Auditorioa\" src=\"https:\/\/www.auditoriobaranain.com\/eu\/programacion\/cabalgata-recibimiento-de-ssmm-los-reyes-magos-y-sequito\/embed\/#?secret=SEXYz3MDJp\" data-secret=\"SEXYz3MDJp\" width=\"500\" height=\"282\" frameborder=\"0\" marginwidth=\"0\" marginheight=\"0\" scrolling=\"no\"><\/iframe>"],"_oembed_time_39eb98ecdc52b4f61f789d5fb3ba281e":["1766492886"],"_oembed_b3fcf11c414dbd23ffed09cf4a49b1ba":["<blockquote class=\"wp-embedded-content\" data-secret=\"sNU2qQYFxK\"><a href=\"https:\/\/www.auditoriobaranain.com\/eu\/programacion\/cabalgata-recibimiento-de-ssmm-los-reyes-magos-y-sequito\/\">CABALGATA: RECIBIMIENTO DE SSMM LOS REYES MAGOS Y SEQUITO<\/a><\/blockquote><iframe class=\"wp-embedded-content\" sandbox=\"allow-scripts\" security=\"restricted\" style=\"position: absolute; clip: rect(1px, 1px, 1px, 1px);\" title=\"&#8220;CABALGATA: RECIBIMIENTO DE SSMM LOS REYES MAGOS Y SEQUITO&#8221; &#8212; Auditorio Bara\u00f1ain Auditorioa\" src=\"https:\/\/www.auditoriobaranain.com\/eu\/programacion\/cabalgata-recibimiento-de-ssmm-los-reyes-magos-y-sequito\/embed\/#?secret=sNU2qQYFxK\" data-secret=\"sNU2qQYFxK\" width=\"600\" height=\"338\" frameborder=\"0\" marginwidth=\"0\" marginheight=\"0\" scrolling=\"no\"><\/iframe>"],"_oembed_time_b3fcf11c414dbd23ffed09cf4a49b1ba":["1766492900"]},"yoast_head":"<!-- This site is optimized with the Yoast SEO plugin v22.3 - https:\/\/yoast.com\/wordpress\/plugins\/seo\/ -->\r\n<title>Kultura - Olentzero-Maridomingi 2025 eta Ekialdeko Errege Magoen Kabalgata 2026 - Ayuntamiento de Bara\u00f1ain\/Bara\u00f1aingo Udala<\/title>\r\n<meta name=\"robots\" content=\"index, follow, max-snippet:-1, max-image-preview:large, max-video-preview:-1\" \/>\r\n<link rel=\"canonical\" href=\"https:\/\/www.baranain.es\/eu\/noticias\/kultura-olentzero-maridomingi-2025-eta-ekialdeko-errege-magoen-kabalgata-2026\/\" \/>\r\n<meta property=\"og:locale\" content=\"eu_ES\" \/>\r\n<meta property=\"og:type\" content=\"article\" \/>\r\n<meta property=\"og:title\" content=\"Kultura - Olentzero-Maridomingi 2025 eta Ekialdeko Errege Magoen Kabalgata 2026 - Ayuntamiento de Bara\u00f1ain\/Bara\u00f1aingo Udala\" \/>\r\n<meta property=\"og:description\" content=\"Olentzero 2025 eta Kabalgata 2026 ekitaldien programak aurkezten dizkizuegu, Bara\u00f1aingo Jai Batzordeak eta Akabar Cabalgata Bara\u00f1ain Elkarteak, hurrenez hurren, Udalarekin elkarlanean antolatuak. Ekitaldi tradizional hauetaz gozatzea espero dugu! KARTELA OLENTZERO-MARIDOMINGI BARA\u00d1AIN 2025 (pdf) KARTELA EKIALDEKO ERREGE MAGOEN KABALGATA 2026 (pdf) ERREGE MAGOEI HARRERA URTARRILAREN 5ean, BARA\u00d1AINGO AUDITORIOAN, 20:30ean. Abenduaren 16an eta 17an Auditorioko leihatila presentzialean [&hellip;]\" \/>\r\n<meta property=\"og:url\" content=\"https:\/\/www.baranain.es\/eu\/noticias\/kultura-olentzero-maridomingi-2025-eta-ekialdeko-errege-magoen-kabalgata-2026\/\" \/>\r\n<meta property=\"og:site_name\" content=\"Ayuntamiento de Bara\u00f1ain\/Bara\u00f1aingo Udala\" \/>\r\n<meta property=\"article:modified_time\" content=\"2025-12-23T13:45:33+00:00\" \/>\r\n<meta property=\"og:image\" content=\"https:\/\/www.baranain.es\/wp-content\/uploads\/2025\/12\/CUL-720X340-Olentzero25-26Cabalgata.png\" \/>\r\n\t<meta property=\"og:image:width\" content=\"720\" \/>\r\n\t<meta property=\"og:image:height\" content=\"339\" \/>\r\n\t<meta property=\"og:image:type\" content=\"image\/png\" \/>\r\n<meta name=\"twitter:card\" content=\"summary_large_image\" \/>\r\n<meta name=\"twitter:label1\" content=\"Est. reading time\" \/>\n\t<meta name=\"twitter:data1\" content=\"2 minutes\" \/>\r\n<script type=\"application\/ld+json\" class=\"yoast-schema-graph\">{\"@context\":\"https:\/\/schema.org\",\"@graph\":[{\"@type\":\"WebPage\",\"@id\":\"https:\/\/www.baranain.es\/eu\/noticias\/kultura-olentzero-maridomingi-2025-eta-ekialdeko-errege-magoen-kabalgata-2026\/\",\"url\":\"https:\/\/www.baranain.es\/eu\/noticias\/kultura-olentzero-maridomingi-2025-eta-ekialdeko-errege-magoen-kabalgata-2026\/\",\"name\":\"Kultura - Olentzero-Maridomingi 2025 eta Ekialdeko Errege Magoen Kabalgata 2026 - Ayuntamiento de Bara\u00f1ain\/Bara\u00f1aingo Udala\",\"isPartOf\":{\"@id\":\"https:\/\/www.baranain.es\/eu\/#website\"},\"primaryImageOfPage\":{\"@id\":\"https:\/\/www.baranain.es\/eu\/noticias\/kultura-olentzero-maridomingi-2025-eta-ekialdeko-errege-magoen-kabalgata-2026\/#primaryimage\"},\"image\":{\"@id\":\"https:\/\/www.baranain.es\/eu\/noticias\/kultura-olentzero-maridomingi-2025-eta-ekialdeko-errege-magoen-kabalgata-2026\/#primaryimage\"},\"thumbnailUrl\":\"https:\/\/www.baranain.es\/wp-content\/uploads\/2025\/12\/CUL-720X340-Olentzero25-26Cabalgata.png\",\"datePublished\":\"2025-12-23T12:28:04+00:00\",\"dateModified\":\"2025-12-23T13:45:33+00:00\",\"breadcrumb\":{\"@id\":\"https:\/\/www.baranain.es\/eu\/noticias\/kultura-olentzero-maridomingi-2025-eta-ekialdeko-errege-magoen-kabalgata-2026\/#breadcrumb\"},\"inLanguage\":\"eu-ES\",\"potentialAction\":[{\"@type\":\"ReadAction\",\"target\":[\"https:\/\/www.baranain.es\/eu\/noticias\/kultura-olentzero-maridomingi-2025-eta-ekialdeko-errege-magoen-kabalgata-2026\/\"]}]},{\"@type\":\"ImageObject\",\"inLanguage\":\"eu-ES\",\"@id\":\"https:\/\/www.baranain.es\/eu\/noticias\/kultura-olentzero-maridomingi-2025-eta-ekialdeko-errege-magoen-kabalgata-2026\/#primaryimage\",\"url\":\"https:\/\/www.baranain.es\/wp-content\/uploads\/2025\/12\/CUL-720X340-Olentzero25-26Cabalgata.png\",\"contentUrl\":\"https:\/\/www.baranain.es\/wp-content\/uploads\/2025\/12\/CUL-720X340-Olentzero25-26Cabalgata.png\",\"width\":720,\"height\":339},{\"@type\":\"BreadcrumbList\",\"@id\":\"https:\/\/www.baranain.es\/eu\/noticias\/kultura-olentzero-maridomingi-2025-eta-ekialdeko-errege-magoen-kabalgata-2026\/#breadcrumb\",\"itemListElement\":[{\"@type\":\"ListItem\",\"position\":1,\"name\":\"Home\",\"item\":\"https:\/\/www.baranain.es\/eu\/\"},{\"@type\":\"ListItem\",\"position\":2,\"name\":\"Albisteak\",\"item\":\"https:\/\/www.baranain.es\/eu\/noticias\/\"},{\"@type\":\"ListItem\",\"position\":3,\"name\":\"Kultura &#8211; Olentzero-Maridomingi 2025 eta Ekialdeko Errege Magoen Kabalgata 2026\"}]},{\"@type\":\"WebSite\",\"@id\":\"https:\/\/www.baranain.es\/eu\/#website\",\"url\":\"https:\/\/www.baranain.es\/eu\/\",\"name\":\"Ayuntamiento de Bara\u00f1ain\/Bara\u00f1aingo Udala\",\"description\":\"Ayuntamiento de Bara\u00f1ain\/Bara\u00f1aingo Udala\",\"potentialAction\":[{\"@type\":\"SearchAction\",\"target\":{\"@type\":\"EntryPoint\",\"urlTemplate\":\"https:\/\/www.baranain.es\/eu\/?s={search_term_string}\"},\"query-input\":\"required name=search_term_string\"}],\"inLanguage\":\"eu-ES\"}]}<\/script>\r\n<!-- \/ Yoast SEO plugin. -->","yoast_head_json":{"title":"Kultura - Olentzero-Maridomingi 2025 eta Ekialdeko Errege Magoen Kabalgata 2026 - Ayuntamiento de Bara\u00f1ain\/Bara\u00f1aingo Udala","robots":{"index":"index","follow":"follow","max-snippet":"max-snippet:-1","max-image-preview":"max-image-preview:large","max-video-preview":"max-video-preview:-1"},"canonical":"https:\/\/www.baranain.es\/eu\/noticias\/kultura-olentzero-maridomingi-2025-eta-ekialdeko-errege-magoen-kabalgata-2026\/","og_locale":"eu_ES","og_type":"article","og_title":"Kultura - Olentzero-Maridomingi 2025 eta Ekialdeko Errege Magoen Kabalgata 2026 - Ayuntamiento de Bara\u00f1ain\/Bara\u00f1aingo Udala","og_description":"Olentzero 2025 eta Kabalgata 2026 ekitaldien programak aurkezten dizkizuegu, Bara\u00f1aingo Jai Batzordeak eta Akabar Cabalgata Bara\u00f1ain Elkarteak, hurrenez hurren, Udalarekin elkarlanean antolatuak. Ekitaldi tradizional hauetaz gozatzea espero dugu! KARTELA OLENTZERO-MARIDOMINGI BARA\u00d1AIN 2025 (pdf) KARTELA EKIALDEKO ERREGE MAGOEN KABALGATA 2026 (pdf) ERREGE MAGOEI HARRERA URTARRILAREN 5ean, BARA\u00d1AINGO AUDITORIOAN, 20:30ean. Abenduaren 16an eta 17an Auditorioko leihatila presentzialean [&hellip;]","og_url":"https:\/\/www.baranain.es\/eu\/noticias\/kultura-olentzero-maridomingi-2025-eta-ekialdeko-errege-magoen-kabalgata-2026\/","og_site_name":"Ayuntamiento de Bara\u00f1ain\/Bara\u00f1aingo Udala","article_modified_time":"2025-12-23T13:45:33+00:00","og_image":[{"width":720,"height":339,"url":"https:\/\/www.baranain.es\/wp-content\/uploads\/2025\/12\/CUL-720X340-Olentzero25-26Cabalgata.png","type":"image\/png"}],"twitter_card":"summary_large_image","twitter_misc":{"Est. reading time":"2 minutes"},"schema":{"@context":"https:\/\/schema.org","@graph":[{"@type":"WebPage","@id":"https:\/\/www.baranain.es\/eu\/noticias\/kultura-olentzero-maridomingi-2025-eta-ekialdeko-errege-magoen-kabalgata-2026\/","url":"https:\/\/www.baranain.es\/eu\/noticias\/kultura-olentzero-maridomingi-2025-eta-ekialdeko-errege-magoen-kabalgata-2026\/","name":"Kultura - Olentzero-Maridomingi 2025 eta Ekialdeko Errege Magoen Kabalgata 2026 - Ayuntamiento de Bara\u00f1ain\/Bara\u00f1aingo Udala","isPartOf":{"@id":"https:\/\/www.baranain.es\/eu\/#website"},"primaryImageOfPage":{"@id":"https:\/\/www.baranain.es\/eu\/noticias\/kultura-olentzero-maridomingi-2025-eta-ekialdeko-errege-magoen-kabalgata-2026\/#primaryimage"},"image":{"@id":"https:\/\/www.baranain.es\/eu\/noticias\/kultura-olentzero-maridomingi-2025-eta-ekialdeko-errege-magoen-kabalgata-2026\/#primaryimage"},"thumbnailUrl":"https:\/\/www.baranain.es\/wp-content\/uploads\/2025\/12\/CUL-720X340-Olentzero25-26Cabalgata.png","datePublished":"2025-12-23T12:28:04+00:00","dateModified":"2025-12-23T13:45:33+00:00","breadcrumb":{"@id":"https:\/\/www.baranain.es\/eu\/noticias\/kultura-olentzero-maridomingi-2025-eta-ekialdeko-errege-magoen-kabalgata-2026\/#breadcrumb"},"inLanguage":"eu-ES","potentialAction":[{"@type":"ReadAction","target":["https:\/\/www.baranain.es\/eu\/noticias\/kultura-olentzero-maridomingi-2025-eta-ekialdeko-errege-magoen-kabalgata-2026\/"]}]},{"@type":"ImageObject","inLanguage":"eu-ES","@id":"https:\/\/www.baranain.es\/eu\/noticias\/kultura-olentzero-maridomingi-2025-eta-ekialdeko-errege-magoen-kabalgata-2026\/#primaryimage","url":"https:\/\/www.baranain.es\/wp-content\/uploads\/2025\/12\/CUL-720X340-Olentzero25-26Cabalgata.png","contentUrl":"https:\/\/www.baranain.es\/wp-content\/uploads\/2025\/12\/CUL-720X340-Olentzero25-26Cabalgata.png","width":720,"height":339},{"@type":"BreadcrumbList","@id":"https:\/\/www.baranain.es\/eu\/noticias\/kultura-olentzero-maridomingi-2025-eta-ekialdeko-errege-magoen-kabalgata-2026\/#breadcrumb","itemListElement":[{"@type":"ListItem","position":1,"name":"Home","item":"https:\/\/www.baranain.es\/eu\/"},{"@type":"ListItem","position":2,"name":"Albisteak","item":"https:\/\/www.baranain.es\/eu\/noticias\/"},{"@type":"ListItem","position":3,"name":"Kultura &#8211; Olentzero-Maridomingi 2025 eta Ekialdeko Errege Magoen Kabalgata 2026"}]},{"@type":"WebSite","@id":"https:\/\/www.baranain.es\/eu\/#website","url":"https:\/\/www.baranain.es\/eu\/","name":"Ayuntamiento de Bara\u00f1ain\/Bara\u00f1aingo Udala","description":"Ayuntamiento de Bara\u00f1ain\/Bara\u00f1aingo Udala","potentialAction":[{"@type":"SearchAction","target":{"@type":"EntryPoint","urlTemplate":"https:\/\/www.baranain.es\/eu\/?s={search_term_string}"},"query-input":"required name=search_term_string"}],"inLanguage":"eu-ES"}]}},"_links":{"self":[{"href":"https:\/\/www.baranain.es\/eu\/wp-json\/wp\/v2\/noticias\/82807"}],"collection":[{"href":"https:\/\/www.baranain.es\/eu\/wp-json\/wp\/v2\/noticias"}],"about":[{"href":"https:\/\/www.baranain.es\/eu\/wp-json\/wp\/v2\/types\/noticias"}],"author":[{"embeddable":true,"href":"https:\/\/www.baranain.es\/eu\/wp-json\/wp\/v2\/users\/19135"}],"replies":[{"embeddable":true,"href":"https:\/\/www.baranain.es\/eu\/wp-json\/wp\/v2\/comments?post=82807"}],"wp:featuredmedia":[{"embeddable":true,"href":"https:\/\/www.baranain.es\/eu\/wp-json\/wp\/v2\/media\/82806"}],"wp:attachment":[{"href":"https:\/\/www.baranain.es\/eu\/wp-json\/wp\/v2\/media?parent=82807"}],"curies":[{"name":"wp","href":"https:\/\/api.w.org\/{rel}","templated":true}]}}