{"id":80717,"date":"2025-06-11T14:41:31","date_gmt":"2025-06-11T12:41:31","guid":{"rendered":"https:\/\/www.baranain.es\/?post_type=noticias&#038;p=80717"},"modified":"2025-06-11T14:41:31","modified_gmt":"2025-06-11T12:41:31","slug":"ardo-dastaketa-herrikoia-festen-atarikoa","status":"publish","type":"noticias","link":"https:\/\/www.baranain.es\/eu\/noticias\/ardo-dastaketa-herrikoia-festen-atarikoa\/","title":{"rendered":"Ardo dastaketa herrikoia, Festen Atarikoa"},"content":{"rendered":"<p>Bara\u00f1aingo Nabarcata ardo dastaketa elkarteak, Bara\u00f1aingo Udalarekin lankidetzan, Nafarroako upeltegiak sustatzen ditu irabazi asmorik gabe. Hartara, elkarteak ardo dastaketa jardunaldi bat antolatu du ekainaren 21erako, larunbata, herriko festen atarikoa izango delarik, Udalak diruz lagundutako beste jarduera batzuk barne.<\/p>\n<p>Dastatze jardunaldi honen helburua da gure ardoak, Nafarroako upeltegien lana eta haien historia ezagutarazten jarraitzea, produktu hori herritarrei hurbilduz, kasu honetan Bara\u00f1aingoei, eta zer hoberik jai egun batean egitea baino.<\/p>\n<p>Jardunaldia Udaletxe plazan egingo da eguerdiko 12etan.<\/p>\n<p><a href=\"https:\/\/www.baranain.es\/wp-content\/uploads\/2025\/06\/DEF-CATA1.png\"><img loading=\"lazy\" decoding=\"async\" class=\"alignnone size-full wp-image-80709\" src=\"https:\/\/www.baranain.es\/wp-content\/uploads\/2025\/06\/DEF-CATA1.png\" alt=\"\" width=\"1020\" height=\"1367\" srcset=\"https:\/\/www.baranain.es\/wp-content\/uploads\/2025\/06\/DEF-CATA1.png 1020w, https:\/\/www.baranain.es\/wp-content\/uploads\/2025\/06\/DEF-CATA1-224x300.png 224w, https:\/\/www.baranain.es\/wp-content\/uploads\/2025\/06\/DEF-CATA1-764x1024.png 764w, https:\/\/www.baranain.es\/wp-content\/uploads\/2025\/06\/DEF-CATA1-768x1029.png 768w, https:\/\/www.baranain.es\/wp-content\/uploads\/2025\/06\/DEF-CATA1-300x402.png 300w, https:\/\/www.baranain.es\/wp-content\/uploads\/2025\/06\/DEF-CATA1-86x115.png 86w\" sizes=\"(max-width: 1020px) 100vw, 1020px\" \/><\/a><\/p>\n<p><a href=\"https:\/\/www.baranain.es\/wp-content\/uploads\/2025\/06\/DEF-CATA2.png\"><img loading=\"lazy\" decoding=\"async\" class=\"alignnone size-full wp-image-80711\" src=\"https:\/\/www.baranain.es\/wp-content\/uploads\/2025\/06\/DEF-CATA2.png\" alt=\"\" width=\"1020\" height=\"1363\" srcset=\"https:\/\/www.baranain.es\/wp-content\/uploads\/2025\/06\/DEF-CATA2.png 1020w, https:\/\/www.baranain.es\/wp-content\/uploads\/2025\/06\/DEF-CATA2-225x300.png 225w, https:\/\/www.baranain.es\/wp-content\/uploads\/2025\/06\/DEF-CATA2-766x1024.png 766w, https:\/\/www.baranain.es\/wp-content\/uploads\/2025\/06\/DEF-CATA2-768x1026.png 768w, https:\/\/www.baranain.es\/wp-content\/uploads\/2025\/06\/DEF-CATA2-300x401.png 300w, https:\/\/www.baranain.es\/wp-content\/uploads\/2025\/06\/DEF-CATA2-86x115.png 86w\" sizes=\"(max-width: 1020px) 100vw, 1020px\" \/><\/a><\/p>\n","protected":false},"author":19135,"featured_media":80714,"comment_status":"closed","ping_status":"closed","template":"","format":"standard","meta":{"_wpml_word_count":["{\"total\":120,\"to_translate\":{\"eu\":120}}"],"imagenslia":["80715"],"subti":[""],"barra":["general"],"mostrar_barra":["1"],"_wpml_media_duplicate":["1"],"_wpml_media_featured":["1"],"_yoast_wpseo_primary_categorianoticias":[""],"_yoast_wpseo_content_score":["90"],"_yoast_wpseo_estimated-reading-time-minutes":["1"],"_yoast_wpseo_wordproof_timestamp":[""],"_thumbnail_id":["80714"],"_edit_lock":["1749645563:19135"],"_edit_last":["19135"],"_exactmetrics_sitenote_active":["0"]},"yoast_head":"<!-- This site is optimized with the Yoast SEO plugin v22.3 - https:\/\/yoast.com\/wordpress\/plugins\/seo\/ -->\r\n<title>Ardo dastaketa herrikoia, Festen Atarikoa - Ayuntamiento de Bara\u00f1ain\/Bara\u00f1aingo Udala<\/title>\r\n<meta name=\"robots\" content=\"index, follow, max-snippet:-1, max-image-preview:large, max-video-preview:-1\" \/>\r\n<link rel=\"canonical\" href=\"https:\/\/www.baranain.es\/eu\/noticias\/ardo-dastaketa-herrikoia-festen-atarikoa\/\" \/>\r\n<meta property=\"og:locale\" content=\"eu_ES\" \/>\r\n<meta property=\"og:type\" content=\"article\" \/>\r\n<meta property=\"og:title\" content=\"Ardo dastaketa herrikoia, Festen Atarikoa - Ayuntamiento de Bara\u00f1ain\/Bara\u00f1aingo Udala\" \/>\r\n<meta property=\"og:description\" content=\"Bara\u00f1aingo Nabarcata ardo dastaketa elkarteak, Bara\u00f1aingo Udalarekin lankidetzan, Nafarroako upeltegiak sustatzen ditu irabazi asmorik gabe. Hartara, elkarteak ardo dastaketa jardunaldi bat antolatu du ekainaren 21erako, larunbata, herriko festen atarikoa izango delarik, Udalak diruz lagundutako beste jarduera batzuk barne. Dastatze jardunaldi honen helburua da gure ardoak, Nafarroako upeltegien lana eta haien historia ezagutarazten jarraitzea, produktu hori [&hellip;]\" \/>\r\n<meta property=\"og:url\" content=\"https:\/\/www.baranain.es\/eu\/noticias\/ardo-dastaketa-herrikoia-festen-atarikoa\/\" \/>\r\n<meta property=\"og:site_name\" content=\"Ayuntamiento de Bara\u00f1ain\/Bara\u00f1aingo Udala\" \/>\r\n<meta property=\"og:image\" content=\"https:\/\/www.baranain.es\/wp-content\/uploads\/2025\/06\/720x340-CataVino.png\" \/>\r\n\t<meta property=\"og:image:width\" content=\"720\" \/>\r\n\t<meta property=\"og:image:height\" content=\"340\" \/>\r\n\t<meta property=\"og:image:type\" content=\"image\/png\" \/>\r\n<meta name=\"twitter:card\" content=\"summary_large_image\" \/>\r\n<meta name=\"twitter:label1\" content=\"Est. reading time\" \/>\n\t<meta name=\"twitter:data1\" content=\"1 minute\" \/>\r\n<script type=\"application\/ld+json\" class=\"yoast-schema-graph\">{\"@context\":\"https:\/\/schema.org\",\"@graph\":[{\"@type\":\"WebPage\",\"@id\":\"https:\/\/www.baranain.es\/eu\/noticias\/ardo-dastaketa-herrikoia-festen-atarikoa\/\",\"url\":\"https:\/\/www.baranain.es\/eu\/noticias\/ardo-dastaketa-herrikoia-festen-atarikoa\/\",\"name\":\"Ardo dastaketa herrikoia, Festen Atarikoa - Ayuntamiento de Bara\u00f1ain\/Bara\u00f1aingo Udala\",\"isPartOf\":{\"@id\":\"https:\/\/www.baranain.es\/eu\/#website\"},\"primaryImageOfPage\":{\"@id\":\"https:\/\/www.baranain.es\/eu\/noticias\/ardo-dastaketa-herrikoia-festen-atarikoa\/#primaryimage\"},\"image\":{\"@id\":\"https:\/\/www.baranain.es\/eu\/noticias\/ardo-dastaketa-herrikoia-festen-atarikoa\/#primaryimage\"},\"thumbnailUrl\":\"https:\/\/www.baranain.es\/wp-content\/uploads\/2025\/06\/720x340-CataVino.png\",\"datePublished\":\"2025-06-11T12:41:31+00:00\",\"dateModified\":\"2025-06-11T12:41:31+00:00\",\"breadcrumb\":{\"@id\":\"https:\/\/www.baranain.es\/eu\/noticias\/ardo-dastaketa-herrikoia-festen-atarikoa\/#breadcrumb\"},\"inLanguage\":\"eu-ES\",\"potentialAction\":[{\"@type\":\"ReadAction\",\"target\":[\"https:\/\/www.baranain.es\/eu\/noticias\/ardo-dastaketa-herrikoia-festen-atarikoa\/\"]}]},{\"@type\":\"ImageObject\",\"inLanguage\":\"eu-ES\",\"@id\":\"https:\/\/www.baranain.es\/eu\/noticias\/ardo-dastaketa-herrikoia-festen-atarikoa\/#primaryimage\",\"url\":\"https:\/\/www.baranain.es\/wp-content\/uploads\/2025\/06\/720x340-CataVino.png\",\"contentUrl\":\"https:\/\/www.baranain.es\/wp-content\/uploads\/2025\/06\/720x340-CataVino.png\",\"width\":720,\"height\":340},{\"@type\":\"BreadcrumbList\",\"@id\":\"https:\/\/www.baranain.es\/eu\/noticias\/ardo-dastaketa-herrikoia-festen-atarikoa\/#breadcrumb\",\"itemListElement\":[{\"@type\":\"ListItem\",\"position\":1,\"name\":\"Home\",\"item\":\"https:\/\/www.baranain.es\/eu\/\"},{\"@type\":\"ListItem\",\"position\":2,\"name\":\"Albisteak\",\"item\":\"https:\/\/www.baranain.es\/eu\/noticias\/\"},{\"@type\":\"ListItem\",\"position\":3,\"name\":\"Ardo dastaketa herrikoia, Festen Atarikoa\"}]},{\"@type\":\"WebSite\",\"@id\":\"https:\/\/www.baranain.es\/eu\/#website\",\"url\":\"https:\/\/www.baranain.es\/eu\/\",\"name\":\"Ayuntamiento de Bara\u00f1ain\/Bara\u00f1aingo Udala\",\"description\":\"Ayuntamiento de Bara\u00f1ain\/Bara\u00f1aingo Udala\",\"potentialAction\":[{\"@type\":\"SearchAction\",\"target\":{\"@type\":\"EntryPoint\",\"urlTemplate\":\"https:\/\/www.baranain.es\/eu\/?s={search_term_string}\"},\"query-input\":\"required name=search_term_string\"}],\"inLanguage\":\"eu-ES\"}]}<\/script>\r\n<!-- \/ Yoast SEO plugin. -->","yoast_head_json":{"title":"Ardo dastaketa herrikoia, Festen Atarikoa - Ayuntamiento de Bara\u00f1ain\/Bara\u00f1aingo Udala","robots":{"index":"index","follow":"follow","max-snippet":"max-snippet:-1","max-image-preview":"max-image-preview:large","max-video-preview":"max-video-preview:-1"},"canonical":"https:\/\/www.baranain.es\/eu\/noticias\/ardo-dastaketa-herrikoia-festen-atarikoa\/","og_locale":"eu_ES","og_type":"article","og_title":"Ardo dastaketa herrikoia, Festen Atarikoa - Ayuntamiento de Bara\u00f1ain\/Bara\u00f1aingo Udala","og_description":"Bara\u00f1aingo Nabarcata ardo dastaketa elkarteak, Bara\u00f1aingo Udalarekin lankidetzan, Nafarroako upeltegiak sustatzen ditu irabazi asmorik gabe. Hartara, elkarteak ardo dastaketa jardunaldi bat antolatu du ekainaren 21erako, larunbata, herriko festen atarikoa izango delarik, Udalak diruz lagundutako beste jarduera batzuk barne. Dastatze jardunaldi honen helburua da gure ardoak, Nafarroako upeltegien lana eta haien historia ezagutarazten jarraitzea, produktu hori [&hellip;]","og_url":"https:\/\/www.baranain.es\/eu\/noticias\/ardo-dastaketa-herrikoia-festen-atarikoa\/","og_site_name":"Ayuntamiento de Bara\u00f1ain\/Bara\u00f1aingo Udala","og_image":[{"width":720,"height":340,"url":"https:\/\/www.baranain.es\/wp-content\/uploads\/2025\/06\/720x340-CataVino.png","type":"image\/png"}],"twitter_card":"summary_large_image","twitter_misc":{"Est. reading time":"1 minute"},"schema":{"@context":"https:\/\/schema.org","@graph":[{"@type":"WebPage","@id":"https:\/\/www.baranain.es\/eu\/noticias\/ardo-dastaketa-herrikoia-festen-atarikoa\/","url":"https:\/\/www.baranain.es\/eu\/noticias\/ardo-dastaketa-herrikoia-festen-atarikoa\/","name":"Ardo dastaketa herrikoia, Festen Atarikoa - Ayuntamiento de Bara\u00f1ain\/Bara\u00f1aingo Udala","isPartOf":{"@id":"https:\/\/www.baranain.es\/eu\/#website"},"primaryImageOfPage":{"@id":"https:\/\/www.baranain.es\/eu\/noticias\/ardo-dastaketa-herrikoia-festen-atarikoa\/#primaryimage"},"image":{"@id":"https:\/\/www.baranain.es\/eu\/noticias\/ardo-dastaketa-herrikoia-festen-atarikoa\/#primaryimage"},"thumbnailUrl":"https:\/\/www.baranain.es\/wp-content\/uploads\/2025\/06\/720x340-CataVino.png","datePublished":"2025-06-11T12:41:31+00:00","dateModified":"2025-06-11T12:41:31+00:00","breadcrumb":{"@id":"https:\/\/www.baranain.es\/eu\/noticias\/ardo-dastaketa-herrikoia-festen-atarikoa\/#breadcrumb"},"inLanguage":"eu-ES","potentialAction":[{"@type":"ReadAction","target":["https:\/\/www.baranain.es\/eu\/noticias\/ardo-dastaketa-herrikoia-festen-atarikoa\/"]}]},{"@type":"ImageObject","inLanguage":"eu-ES","@id":"https:\/\/www.baranain.es\/eu\/noticias\/ardo-dastaketa-herrikoia-festen-atarikoa\/#primaryimage","url":"https:\/\/www.baranain.es\/wp-content\/uploads\/2025\/06\/720x340-CataVino.png","contentUrl":"https:\/\/www.baranain.es\/wp-content\/uploads\/2025\/06\/720x340-CataVino.png","width":720,"height":340},{"@type":"BreadcrumbList","@id":"https:\/\/www.baranain.es\/eu\/noticias\/ardo-dastaketa-herrikoia-festen-atarikoa\/#breadcrumb","itemListElement":[{"@type":"ListItem","position":1,"name":"Home","item":"https:\/\/www.baranain.es\/eu\/"},{"@type":"ListItem","position":2,"name":"Albisteak","item":"https:\/\/www.baranain.es\/eu\/noticias\/"},{"@type":"ListItem","position":3,"name":"Ardo dastaketa herrikoia, Festen Atarikoa"}]},{"@type":"WebSite","@id":"https:\/\/www.baranain.es\/eu\/#website","url":"https:\/\/www.baranain.es\/eu\/","name":"Ayuntamiento de Bara\u00f1ain\/Bara\u00f1aingo Udala","description":"Ayuntamiento de Bara\u00f1ain\/Bara\u00f1aingo Udala","potentialAction":[{"@type":"SearchAction","target":{"@type":"EntryPoint","urlTemplate":"https:\/\/www.baranain.es\/eu\/?s={search_term_string}"},"query-input":"required name=search_term_string"}],"inLanguage":"eu-ES"}]}},"_links":{"self":[{"href":"https:\/\/www.baranain.es\/eu\/wp-json\/wp\/v2\/noticias\/80717"}],"collection":[{"href":"https:\/\/www.baranain.es\/eu\/wp-json\/wp\/v2\/noticias"}],"about":[{"href":"https:\/\/www.baranain.es\/eu\/wp-json\/wp\/v2\/types\/noticias"}],"author":[{"embeddable":true,"href":"https:\/\/www.baranain.es\/eu\/wp-json\/wp\/v2\/users\/19135"}],"replies":[{"embeddable":true,"href":"https:\/\/www.baranain.es\/eu\/wp-json\/wp\/v2\/comments?post=80717"}],"wp:featuredmedia":[{"embeddable":true,"href":"https:\/\/www.baranain.es\/eu\/wp-json\/wp\/v2\/media\/80714"}],"wp:attachment":[{"href":"https:\/\/www.baranain.es\/eu\/wp-json\/wp\/v2\/media?parent=80717"}],"curies":[{"name":"wp","href":"https:\/\/api.w.org\/{rel}","templated":true}]}}