{"id":79303,"date":"2025-02-26T12:21:10","date_gmt":"2025-02-26T11:21:10","guid":{"rendered":"https:\/\/www.baranain.es\/?post_type=noticias&#038;p=79303"},"modified":"2025-02-26T12:30:44","modified_gmt":"2025-02-26T11:30:44","slug":"carnavales-b-a-r-a-n-a-i-n-2025-ihauteriak","status":"publish","type":"noticias","link":"https:\/\/www.baranain.es\/eu\/noticias\/carnavales-b-a-r-a-n-a-i-n-2025-ihauteriak\/","title":{"rendered":"Carnavales B A R A \u00d1 A I N 2025 Ihauteriak"},"content":{"rendered":"<p>Bara\u00f1aingo Jai Batzordeak, Bara\u00f1aingo Udalaren Kultura Arloaren laguntzarekin, aurtengo ihauterien egitaraua aurkeztu du. Egitarauak tradizioa, festa eta kultura uztartzen dituzten hainbat jarduera biltzen ditu.<\/p>\n<p><strong>Otsailaren 28an, ostiralez,<\/strong> ekitaldiak 17:00etan hasiko dira txokolatada batekin Udaletxe plazan. 18:00etan momotxorroak prestatuko dira Alaitz ikastetxean, eta ondoren odolaren errituala eginen dute. 18:30ean herriko hainbat musika talderekin ihauteri-kalejira izanen da\u00a0Bara\u00f1aingo kaleetan zehar: <em>Udaletxe plaza \u2013 Kirolen etorbidea \u2013 Gaztainondo plaza \u2013 Haraneko etorbidea \u2013 Lurgorri kalea \u2013 Haraneko etorbidea \u2013 Kultura kalea \u2013 Udaletxe plaza<\/em>. 17etatik 18:30ak arte gutxi gora behera Luzianoren emanaldia Udaletxe plazan.<\/p>\n<p>Miel Otxin ihauteri-pertsonaiak suak janda amaituko du.<\/p>\n<p><em>(Antolatzailea: Bara\u00f1aingo Jai Batzordea; laguntzailea: Bara\u00f1aingo Udala).<\/em><\/p>\n<p><em>(Oharra: eguraldi txarra eginez gero, egitaraua Alaitz ikastetxean gauzatuko da).<\/em><\/p>\n<p>&nbsp;<\/p>\n<p><strong>Martxoaren 1ean, larunbatez<\/strong>, 19:30ean, Jacobo de Licras ihauteri-pertsonaiarekin batera momotxorroen desfilea eginen da osasun-zentro zaharretik Udaletxeraino (ibilbidea Merkataritza etorbidetik barna), musika, dantza eta kantu tradizionalez lagunduta. Jacobo de Licras pertsonaiak urkatuta amaituko du.<\/p>\n<p><em>(Antolatzailea: Ezpelur Dultzaineroak; laguntzailea: Bara\u00f1aingo Udala).<\/em><\/p>\n","protected":false},"author":19135,"featured_media":79304,"comment_status":"closed","ping_status":"closed","template":"","format":"standard","meta":{"_wpml_word_count":["{\"total\":249,\"to_translate\":{\"eu\":249}}"],"_wpml_media_featured":["1"],"_wpml_media_duplicate":["1"],"imagenslia":[""],"subti":[""],"_yoast_wpseo_primary_categorianoticias":[""],"_yoast_wpseo_estimated-reading-time-minutes":["1"],"_yoast_wpseo_wordproof_timestamp":[""],"_last_translation_edit_mode":["native-editor"],"barra":["general"],"mostrar_barra":["1"],"_yoast_wpseo_content_score":["90"],"_thumbnail_id":["79304"],"_edit_lock":["1740569313:19135"],"_edit_last":["19135"],"_exactmetrics_sitenote_active":["0"],"_wp_old_slug":["carnavales-b-a-r-a-n-a-i-n-2024-ihauteriak"]},"yoast_head":"<!-- This site is optimized with the Yoast SEO plugin v22.3 - https:\/\/yoast.com\/wordpress\/plugins\/seo\/ -->\r\n<title>Carnavales B A R A \u00d1 A I N 2025 Ihauteriak - Ayuntamiento de Bara\u00f1ain\/Bara\u00f1aingo Udala<\/title>\r\n<meta name=\"robots\" content=\"index, follow, max-snippet:-1, max-image-preview:large, max-video-preview:-1\" \/>\r\n<link rel=\"canonical\" href=\"https:\/\/www.baranain.es\/eu\/noticias\/carnavales-b-a-r-a-n-a-i-n-2025-ihauteriak\/\" \/>\r\n<meta property=\"og:locale\" content=\"eu_ES\" \/>\r\n<meta property=\"og:type\" content=\"article\" \/>\r\n<meta property=\"og:title\" content=\"Carnavales B A R A \u00d1 A I N 2025 Ihauteriak - Ayuntamiento de Bara\u00f1ain\/Bara\u00f1aingo Udala\" \/>\r\n<meta property=\"og:description\" content=\"Bara\u00f1aingo Jai Batzordeak, Bara\u00f1aingo Udalaren Kultura Arloaren laguntzarekin, aurtengo ihauterien egitaraua aurkeztu du. Egitarauak tradizioa, festa eta kultura uztartzen dituzten hainbat jarduera biltzen ditu. Otsailaren 28an, ostiralez, ekitaldiak 17:00etan hasiko dira txokolatada batekin Udaletxe plazan. 18:00etan momotxorroak prestatuko dira Alaitz ikastetxean, eta ondoren odolaren errituala eginen dute. 18:30ean herriko hainbat musika talderekin ihauteri-kalejira izanen da\u00a0Bara\u00f1aingo [&hellip;]\" \/>\r\n<meta property=\"og:url\" content=\"https:\/\/www.baranain.es\/eu\/noticias\/carnavales-b-a-r-a-n-a-i-n-2025-ihauteriak\/\" \/>\r\n<meta property=\"og:site_name\" content=\"Ayuntamiento de Bara\u00f1ain\/Bara\u00f1aingo Udala\" \/>\r\n<meta property=\"article:modified_time\" content=\"2025-02-26T11:30:44+00:00\" \/>\r\n<meta property=\"og:image\" content=\"https:\/\/www.baranain.es\/wp-content\/uploads\/2025\/02\/CUL-720x340-Carnavales.png\" \/>\r\n\t<meta property=\"og:image:width\" content=\"719\" \/>\r\n\t<meta property=\"og:image:height\" content=\"341\" \/>\r\n\t<meta property=\"og:image:type\" content=\"image\/png\" \/>\r\n<meta name=\"twitter:card\" content=\"summary_large_image\" \/>\r\n<meta name=\"twitter:label1\" content=\"Est. reading time\" \/>\n\t<meta name=\"twitter:data1\" content=\"1 minute\" \/>\r\n<script type=\"application\/ld+json\" class=\"yoast-schema-graph\">{\"@context\":\"https:\/\/schema.org\",\"@graph\":[{\"@type\":\"WebPage\",\"@id\":\"https:\/\/www.baranain.es\/eu\/noticias\/carnavales-b-a-r-a-n-a-i-n-2025-ihauteriak\/\",\"url\":\"https:\/\/www.baranain.es\/eu\/noticias\/carnavales-b-a-r-a-n-a-i-n-2025-ihauteriak\/\",\"name\":\"Carnavales B A R A \u00d1 A I N 2025 Ihauteriak - Ayuntamiento de Bara\u00f1ain\/Bara\u00f1aingo Udala\",\"isPartOf\":{\"@id\":\"https:\/\/www.baranain.es\/eu\/#website\"},\"primaryImageOfPage\":{\"@id\":\"https:\/\/www.baranain.es\/eu\/noticias\/carnavales-b-a-r-a-n-a-i-n-2025-ihauteriak\/#primaryimage\"},\"image\":{\"@id\":\"https:\/\/www.baranain.es\/eu\/noticias\/carnavales-b-a-r-a-n-a-i-n-2025-ihauteriak\/#primaryimage\"},\"thumbnailUrl\":\"https:\/\/www.baranain.es\/wp-content\/uploads\/2025\/02\/CUL-720x340-Carnavales.png\",\"datePublished\":\"2025-02-26T11:21:10+00:00\",\"dateModified\":\"2025-02-26T11:30:44+00:00\",\"breadcrumb\":{\"@id\":\"https:\/\/www.baranain.es\/eu\/noticias\/carnavales-b-a-r-a-n-a-i-n-2025-ihauteriak\/#breadcrumb\"},\"inLanguage\":\"eu-ES\",\"potentialAction\":[{\"@type\":\"ReadAction\",\"target\":[\"https:\/\/www.baranain.es\/eu\/noticias\/carnavales-b-a-r-a-n-a-i-n-2025-ihauteriak\/\"]}]},{\"@type\":\"ImageObject\",\"inLanguage\":\"eu-ES\",\"@id\":\"https:\/\/www.baranain.es\/eu\/noticias\/carnavales-b-a-r-a-n-a-i-n-2025-ihauteriak\/#primaryimage\",\"url\":\"https:\/\/www.baranain.es\/wp-content\/uploads\/2025\/02\/CUL-720x340-Carnavales.png\",\"contentUrl\":\"https:\/\/www.baranain.es\/wp-content\/uploads\/2025\/02\/CUL-720x340-Carnavales.png\",\"width\":719,\"height\":341},{\"@type\":\"BreadcrumbList\",\"@id\":\"https:\/\/www.baranain.es\/eu\/noticias\/carnavales-b-a-r-a-n-a-i-n-2025-ihauteriak\/#breadcrumb\",\"itemListElement\":[{\"@type\":\"ListItem\",\"position\":1,\"name\":\"Home\",\"item\":\"https:\/\/www.baranain.es\/eu\/\"},{\"@type\":\"ListItem\",\"position\":2,\"name\":\"Albisteak\",\"item\":\"https:\/\/www.baranain.es\/eu\/noticias\/\"},{\"@type\":\"ListItem\",\"position\":3,\"name\":\"Carnavales B A R A \u00d1 A I N 2025 Ihauteriak\"}]},{\"@type\":\"WebSite\",\"@id\":\"https:\/\/www.baranain.es\/eu\/#website\",\"url\":\"https:\/\/www.baranain.es\/eu\/\",\"name\":\"Ayuntamiento de Bara\u00f1ain\/Bara\u00f1aingo Udala\",\"description\":\"Ayuntamiento de Bara\u00f1ain\/Bara\u00f1aingo Udala\",\"potentialAction\":[{\"@type\":\"SearchAction\",\"target\":{\"@type\":\"EntryPoint\",\"urlTemplate\":\"https:\/\/www.baranain.es\/eu\/?s={search_term_string}\"},\"query-input\":\"required name=search_term_string\"}],\"inLanguage\":\"eu-ES\"}]}<\/script>\r\n<!-- \/ Yoast SEO plugin. -->","yoast_head_json":{"title":"Carnavales B A R A \u00d1 A I N 2025 Ihauteriak - Ayuntamiento de Bara\u00f1ain\/Bara\u00f1aingo Udala","robots":{"index":"index","follow":"follow","max-snippet":"max-snippet:-1","max-image-preview":"max-image-preview:large","max-video-preview":"max-video-preview:-1"},"canonical":"https:\/\/www.baranain.es\/eu\/noticias\/carnavales-b-a-r-a-n-a-i-n-2025-ihauteriak\/","og_locale":"eu_ES","og_type":"article","og_title":"Carnavales B A R A \u00d1 A I N 2025 Ihauteriak - Ayuntamiento de Bara\u00f1ain\/Bara\u00f1aingo Udala","og_description":"Bara\u00f1aingo Jai Batzordeak, Bara\u00f1aingo Udalaren Kultura Arloaren laguntzarekin, aurtengo ihauterien egitaraua aurkeztu du. Egitarauak tradizioa, festa eta kultura uztartzen dituzten hainbat jarduera biltzen ditu. Otsailaren 28an, ostiralez, ekitaldiak 17:00etan hasiko dira txokolatada batekin Udaletxe plazan. 18:00etan momotxorroak prestatuko dira Alaitz ikastetxean, eta ondoren odolaren errituala eginen dute. 18:30ean herriko hainbat musika talderekin ihauteri-kalejira izanen da\u00a0Bara\u00f1aingo [&hellip;]","og_url":"https:\/\/www.baranain.es\/eu\/noticias\/carnavales-b-a-r-a-n-a-i-n-2025-ihauteriak\/","og_site_name":"Ayuntamiento de Bara\u00f1ain\/Bara\u00f1aingo Udala","article_modified_time":"2025-02-26T11:30:44+00:00","og_image":[{"width":719,"height":341,"url":"https:\/\/www.baranain.es\/wp-content\/uploads\/2025\/02\/CUL-720x340-Carnavales.png","type":"image\/png"}],"twitter_card":"summary_large_image","twitter_misc":{"Est. reading time":"1 minute"},"schema":{"@context":"https:\/\/schema.org","@graph":[{"@type":"WebPage","@id":"https:\/\/www.baranain.es\/eu\/noticias\/carnavales-b-a-r-a-n-a-i-n-2025-ihauteriak\/","url":"https:\/\/www.baranain.es\/eu\/noticias\/carnavales-b-a-r-a-n-a-i-n-2025-ihauteriak\/","name":"Carnavales B A R A \u00d1 A I N 2025 Ihauteriak - Ayuntamiento de Bara\u00f1ain\/Bara\u00f1aingo Udala","isPartOf":{"@id":"https:\/\/www.baranain.es\/eu\/#website"},"primaryImageOfPage":{"@id":"https:\/\/www.baranain.es\/eu\/noticias\/carnavales-b-a-r-a-n-a-i-n-2025-ihauteriak\/#primaryimage"},"image":{"@id":"https:\/\/www.baranain.es\/eu\/noticias\/carnavales-b-a-r-a-n-a-i-n-2025-ihauteriak\/#primaryimage"},"thumbnailUrl":"https:\/\/www.baranain.es\/wp-content\/uploads\/2025\/02\/CUL-720x340-Carnavales.png","datePublished":"2025-02-26T11:21:10+00:00","dateModified":"2025-02-26T11:30:44+00:00","breadcrumb":{"@id":"https:\/\/www.baranain.es\/eu\/noticias\/carnavales-b-a-r-a-n-a-i-n-2025-ihauteriak\/#breadcrumb"},"inLanguage":"eu-ES","potentialAction":[{"@type":"ReadAction","target":["https:\/\/www.baranain.es\/eu\/noticias\/carnavales-b-a-r-a-n-a-i-n-2025-ihauteriak\/"]}]},{"@type":"ImageObject","inLanguage":"eu-ES","@id":"https:\/\/www.baranain.es\/eu\/noticias\/carnavales-b-a-r-a-n-a-i-n-2025-ihauteriak\/#primaryimage","url":"https:\/\/www.baranain.es\/wp-content\/uploads\/2025\/02\/CUL-720x340-Carnavales.png","contentUrl":"https:\/\/www.baranain.es\/wp-content\/uploads\/2025\/02\/CUL-720x340-Carnavales.png","width":719,"height":341},{"@type":"BreadcrumbList","@id":"https:\/\/www.baranain.es\/eu\/noticias\/carnavales-b-a-r-a-n-a-i-n-2025-ihauteriak\/#breadcrumb","itemListElement":[{"@type":"ListItem","position":1,"name":"Home","item":"https:\/\/www.baranain.es\/eu\/"},{"@type":"ListItem","position":2,"name":"Albisteak","item":"https:\/\/www.baranain.es\/eu\/noticias\/"},{"@type":"ListItem","position":3,"name":"Carnavales B A R A \u00d1 A I N 2025 Ihauteriak"}]},{"@type":"WebSite","@id":"https:\/\/www.baranain.es\/eu\/#website","url":"https:\/\/www.baranain.es\/eu\/","name":"Ayuntamiento de Bara\u00f1ain\/Bara\u00f1aingo Udala","description":"Ayuntamiento de Bara\u00f1ain\/Bara\u00f1aingo Udala","potentialAction":[{"@type":"SearchAction","target":{"@type":"EntryPoint","urlTemplate":"https:\/\/www.baranain.es\/eu\/?s={search_term_string}"},"query-input":"required name=search_term_string"}],"inLanguage":"eu-ES"}]}},"_links":{"self":[{"href":"https:\/\/www.baranain.es\/eu\/wp-json\/wp\/v2\/noticias\/79303"}],"collection":[{"href":"https:\/\/www.baranain.es\/eu\/wp-json\/wp\/v2\/noticias"}],"about":[{"href":"https:\/\/www.baranain.es\/eu\/wp-json\/wp\/v2\/types\/noticias"}],"author":[{"embeddable":true,"href":"https:\/\/www.baranain.es\/eu\/wp-json\/wp\/v2\/users\/19135"}],"replies":[{"embeddable":true,"href":"https:\/\/www.baranain.es\/eu\/wp-json\/wp\/v2\/comments?post=79303"}],"wp:featuredmedia":[{"embeddable":true,"href":"https:\/\/www.baranain.es\/eu\/wp-json\/wp\/v2\/media\/79304"}],"wp:attachment":[{"href":"https:\/\/www.baranain.es\/eu\/wp-json\/wp\/v2\/media?parent=79303"}],"curies":[{"name":"wp","href":"https:\/\/api.w.org\/{rel}","templated":true}]}}