{"id":77419,"date":"2024-10-28T09:20:57","date_gmt":"2024-10-28T08:20:57","guid":{"rendered":"https:\/\/www.baranain.es\/?post_type=noticias&#038;p=77419"},"modified":"2024-10-28T10:04:48","modified_gmt":"2024-10-28T09:04:48","slug":"kultura-hezkuntza-saria-vania-georgieva-kostadinova-rentzat-baranain-bhiko-ikasle-el-nacimiento-de-mi-municipio-baranain-1971-1984-ikerlanagatik","status":"publish","type":"noticias","link":"https:\/\/www.baranain.es\/eu\/noticias\/kultura-hezkuntza-saria-vania-georgieva-kostadinova-rentzat-baranain-bhiko-ikasle-el-nacimiento-de-mi-municipio-baranain-1971-1984-ikerlanagatik\/","title":{"rendered":"Kultura\/Hezkuntza &#8211; Saria Vania Georgieva Kostadinova-rentzat, Bara\u00f1ain BHIko ikasle, &#8220;El nacimiento de mi municipio: Bara\u00f1\u00e1in (1971-1984)&#8221; ikerlanagatik"},"content":{"rendered":"<p><strong><em>KULTURA \/ HEZKUNTZA \/ HISTORIA:<\/em><\/strong><\/p>\n<p>Bara\u00f1ain BHIren arrakasta handia Eustory Iberia Lehiaketan, XVII. edizioa: \u00abHelburu partekatuak. Gure erakundeak eta haien historiak\u00bb. Joan den ostiralean, hilaren 25ean, Rondan (Malaga) egindako ekitaldian, Vania Georgieva Kostadinova-k (Mikel Rodriguez tutorea) bigarren saria jaso zuen <em>El nacimiento de mi municipio: Bara\u00f1ain (1971-1984)<\/em> ikerlanagatik (1.000 euro ikertzailearentzat eta 500 tutorearentzat).<\/p>\n<p>Ekitaldia Rondako Zalditeriako Errege Elkartean egin zen, Josep Borrell Europar Batasuneko goi-ordezkaria bertan zela. Diruzko sariaz gain, K\u00f6rber-Stiftung Fundazioak urtero deitzen ditu Eustory Iberia lehiaketaren irabazleak Eustoryren nazioarteko topaketetan parte hartzera, Europa osoko estatu mailako lehiaketetako irabazleekin batera. Bidaiaren, ostatuaren eta jardueren gastuak EUSTORYk estaltzen ditu.<\/p>\n<p>Vaniaren <em>El nacimiento de mi municipio: Bara\u00f1\u00e1in (1971-1984)<\/em> izeneko ikerketak Bara\u00f1ain udal independente gisa sortzeari buruz dihardu, Espainiako trantsizioaren garai nahasian. Garai hartan, Bara\u00f1ainek erabaki behar zuen Zizur Zendeako zati gisa jarraitzen zuen, Iru\u00f1eko auzo gisa integratzen zen edo udalerri independente bihurtzen zen, eta azken aukera horri heldu zion azkenean.<\/p>\n<p>Eustory Bigarren Hezkuntzako ikasleentzako ikerketa historikoaren nazioarteko lehiaketa nagusia da. Eustory-Iberia atalean, Espainiako, Portugalgo eta Iberoamerika osoko ikertzaile gazteak aurkezten dira. Eskudiruzko sari garrantzitsuez gain, irabazleek K\u00f6rber-Stiftung Fundazioak urtero deitzen dituen ikerketa-campusetan parte har dezakete. Bertan, Europa osoko lehiaketa nazionaletako irabazleak biltzen dira. Besteak beste, Berlin, Brusela, Budapest, Helsinki, Liubliana, Oslo, Praga, Sofia, Tallin, Madril edo Ronda izan dira akademien helmugak.<\/p>\n<p><a href=\"https:\/\/www.baranain.es\/wp-content\/uploads\/2024\/10\/CUL-Vania-1024x576-1.jpg\"><img loading=\"lazy\" decoding=\"async\" class=\"size-full wp-image-77415 aligncenter\" src=\"https:\/\/www.baranain.es\/wp-content\/uploads\/2024\/10\/CUL-Vania-1024x576-1.jpg\" alt=\"\" width=\"1024\" height=\"576\" srcset=\"https:\/\/www.baranain.es\/wp-content\/uploads\/2024\/10\/CUL-Vania-1024x576-1.jpg 1024w, https:\/\/www.baranain.es\/wp-content\/uploads\/2024\/10\/CUL-Vania-1024x576-1-300x169.jpg 300w, https:\/\/www.baranain.es\/wp-content\/uploads\/2024\/10\/CUL-Vania-1024x576-1-768x432.jpg 768w, https:\/\/www.baranain.es\/wp-content\/uploads\/2024\/10\/CUL-Vania-1024x576-1-204x115.jpg 204w\" sizes=\"(max-width: 1024px) 100vw, 1024px\" \/><\/a><\/p>\n","protected":false},"author":19135,"featured_media":77414,"comment_status":"closed","ping_status":"closed","template":"","format":"standard","meta":{"_wpml_word_count":["{\"total\":158,\"to_translate\":{\"eu\":158}}"],"imagenslia":[""],"subti":[""],"barra":["general"],"mostrar_barra":["1"],"_wpml_media_duplicate":["1"],"_wpml_media_featured":["1"],"_yoast_wpseo_primary_categorianoticias":[""],"_yoast_wpseo_content_score":["90"],"_yoast_wpseo_estimated-reading-time-minutes":["2"],"_yoast_wpseo_wordproof_timestamp":[""],"_thumbnail_id":["77414"],"_edit_lock":["1730106246:19135"],"_edit_last":["19135"],"_exactmetrics_sitenote_active":["0"]},"yoast_head":"<!-- This site is optimized with the Yoast SEO plugin v22.3 - https:\/\/yoast.com\/wordpress\/plugins\/seo\/ -->\r\n<title>Kultura\/Hezkuntza - Saria Vania Georgieva Kostadinova-rentzat, Bara\u00f1ain BHIko ikasle, &quot;El nacimiento de mi municipio: Bara\u00f1\u00e1in (1971-1984)&quot; ikerlanagatik - Ayuntamiento de Bara\u00f1ain\/Bara\u00f1aingo Udala<\/title>\r\n<meta name=\"robots\" content=\"index, follow, max-snippet:-1, max-image-preview:large, max-video-preview:-1\" \/>\r\n<link rel=\"canonical\" href=\"https:\/\/www.baranain.es\/eu\/noticias\/kultura-hezkuntza-saria-vania-georgieva-kostadinova-rentzat-baranain-bhiko-ikasle-el-nacimiento-de-mi-municipio-baranain-1971-1984-ikerlanagatik\/\" \/>\r\n<meta property=\"og:locale\" content=\"eu_ES\" \/>\r\n<meta property=\"og:type\" content=\"article\" \/>\r\n<meta property=\"og:title\" content=\"Kultura\/Hezkuntza - Saria Vania Georgieva Kostadinova-rentzat, Bara\u00f1ain BHIko ikasle, &quot;El nacimiento de mi municipio: Bara\u00f1\u00e1in (1971-1984)&quot; ikerlanagatik - Ayuntamiento de Bara\u00f1ain\/Bara\u00f1aingo Udala\" \/>\r\n<meta property=\"og:description\" content=\"KULTURA \/ HEZKUNTZA \/ HISTORIA: Bara\u00f1ain BHIren arrakasta handia Eustory Iberia Lehiaketan, XVII. edizioa: \u00abHelburu partekatuak. Gure erakundeak eta haien historiak\u00bb. Joan den ostiralean, hilaren 25ean, Rondan (Malaga) egindako ekitaldian, Vania Georgieva Kostadinova-k (Mikel Rodriguez tutorea) bigarren saria jaso zuen El nacimiento de mi municipio: Bara\u00f1ain (1971-1984) ikerlanagatik (1.000 euro ikertzailearentzat eta 500 tutorearentzat). Ekitaldia [&hellip;]\" \/>\r\n<meta property=\"og:url\" content=\"https:\/\/www.baranain.es\/eu\/noticias\/kultura-hezkuntza-saria-vania-georgieva-kostadinova-rentzat-baranain-bhiko-ikasle-el-nacimiento-de-mi-municipio-baranain-1971-1984-ikerlanagatik\/\" \/>\r\n<meta property=\"og:site_name\" content=\"Ayuntamiento de Bara\u00f1ain\/Bara\u00f1aingo Udala\" \/>\r\n<meta property=\"article:modified_time\" content=\"2024-10-28T09:04:48+00:00\" \/>\r\n<meta property=\"og:image\" content=\"https:\/\/www.baranain.es\/wp-content\/uploads\/2024\/10\/CUL-720x340FotoEntregaVania.png\" \/>\r\n\t<meta property=\"og:image:width\" content=\"720\" \/>\r\n\t<meta property=\"og:image:height\" content=\"351\" \/>\r\n\t<meta property=\"og:image:type\" content=\"image\/png\" \/>\r\n<meta name=\"twitter:card\" content=\"summary_large_image\" \/>\r\n<meta name=\"twitter:label1\" content=\"Est. reading time\" \/>\n\t<meta name=\"twitter:data1\" content=\"2 minutes\" \/>\r\n<script type=\"application\/ld+json\" class=\"yoast-schema-graph\">{\"@context\":\"https:\/\/schema.org\",\"@graph\":[{\"@type\":\"WebPage\",\"@id\":\"https:\/\/www.baranain.es\/eu\/noticias\/kultura-hezkuntza-saria-vania-georgieva-kostadinova-rentzat-baranain-bhiko-ikasle-el-nacimiento-de-mi-municipio-baranain-1971-1984-ikerlanagatik\/\",\"url\":\"https:\/\/www.baranain.es\/eu\/noticias\/kultura-hezkuntza-saria-vania-georgieva-kostadinova-rentzat-baranain-bhiko-ikasle-el-nacimiento-de-mi-municipio-baranain-1971-1984-ikerlanagatik\/\",\"name\":\"Kultura\/Hezkuntza - Saria Vania Georgieva Kostadinova-rentzat, Bara\u00f1ain BHIko ikasle, \\\"El nacimiento de mi municipio: Bara\u00f1\u00e1in (1971-1984)\\\" ikerlanagatik - Ayuntamiento de Bara\u00f1ain\/Bara\u00f1aingo Udala\",\"isPartOf\":{\"@id\":\"https:\/\/www.baranain.es\/eu\/#website\"},\"primaryImageOfPage\":{\"@id\":\"https:\/\/www.baranain.es\/eu\/noticias\/kultura-hezkuntza-saria-vania-georgieva-kostadinova-rentzat-baranain-bhiko-ikasle-el-nacimiento-de-mi-municipio-baranain-1971-1984-ikerlanagatik\/#primaryimage\"},\"image\":{\"@id\":\"https:\/\/www.baranain.es\/eu\/noticias\/kultura-hezkuntza-saria-vania-georgieva-kostadinova-rentzat-baranain-bhiko-ikasle-el-nacimiento-de-mi-municipio-baranain-1971-1984-ikerlanagatik\/#primaryimage\"},\"thumbnailUrl\":\"https:\/\/www.baranain.es\/wp-content\/uploads\/2024\/10\/CUL-720x340FotoEntregaVania.png\",\"datePublished\":\"2024-10-28T08:20:57+00:00\",\"dateModified\":\"2024-10-28T09:04:48+00:00\",\"breadcrumb\":{\"@id\":\"https:\/\/www.baranain.es\/eu\/noticias\/kultura-hezkuntza-saria-vania-georgieva-kostadinova-rentzat-baranain-bhiko-ikasle-el-nacimiento-de-mi-municipio-baranain-1971-1984-ikerlanagatik\/#breadcrumb\"},\"inLanguage\":\"eu-ES\",\"potentialAction\":[{\"@type\":\"ReadAction\",\"target\":[\"https:\/\/www.baranain.es\/eu\/noticias\/kultura-hezkuntza-saria-vania-georgieva-kostadinova-rentzat-baranain-bhiko-ikasle-el-nacimiento-de-mi-municipio-baranain-1971-1984-ikerlanagatik\/\"]}]},{\"@type\":\"ImageObject\",\"inLanguage\":\"eu-ES\",\"@id\":\"https:\/\/www.baranain.es\/eu\/noticias\/kultura-hezkuntza-saria-vania-georgieva-kostadinova-rentzat-baranain-bhiko-ikasle-el-nacimiento-de-mi-municipio-baranain-1971-1984-ikerlanagatik\/#primaryimage\",\"url\":\"https:\/\/www.baranain.es\/wp-content\/uploads\/2024\/10\/CUL-720x340FotoEntregaVania.png\",\"contentUrl\":\"https:\/\/www.baranain.es\/wp-content\/uploads\/2024\/10\/CUL-720x340FotoEntregaVania.png\",\"width\":720,\"height\":351},{\"@type\":\"BreadcrumbList\",\"@id\":\"https:\/\/www.baranain.es\/eu\/noticias\/kultura-hezkuntza-saria-vania-georgieva-kostadinova-rentzat-baranain-bhiko-ikasle-el-nacimiento-de-mi-municipio-baranain-1971-1984-ikerlanagatik\/#breadcrumb\",\"itemListElement\":[{\"@type\":\"ListItem\",\"position\":1,\"name\":\"Home\",\"item\":\"https:\/\/www.baranain.es\/eu\/\"},{\"@type\":\"ListItem\",\"position\":2,\"name\":\"Albisteak\",\"item\":\"https:\/\/www.baranain.es\/eu\/noticias\/\"},{\"@type\":\"ListItem\",\"position\":3,\"name\":\"Kultura\/Hezkuntza &#8211; Saria Vania Georgieva Kostadinova-rentzat, Bara\u00f1ain BHIko ikasle, \u00abEl nacimiento de mi municipio: Bara\u00f1\u00e1in (1971-1984)\u00bb ikerlanagatik\"}]},{\"@type\":\"WebSite\",\"@id\":\"https:\/\/www.baranain.es\/eu\/#website\",\"url\":\"https:\/\/www.baranain.es\/eu\/\",\"name\":\"Ayuntamiento de Bara\u00f1ain\/Bara\u00f1aingo Udala\",\"description\":\"Ayuntamiento de Bara\u00f1ain\/Bara\u00f1aingo Udala\",\"potentialAction\":[{\"@type\":\"SearchAction\",\"target\":{\"@type\":\"EntryPoint\",\"urlTemplate\":\"https:\/\/www.baranain.es\/eu\/?s={search_term_string}\"},\"query-input\":\"required name=search_term_string\"}],\"inLanguage\":\"eu-ES\"}]}<\/script>\r\n<!-- \/ Yoast SEO plugin. -->","yoast_head_json":{"title":"Kultura\/Hezkuntza - Saria Vania Georgieva Kostadinova-rentzat, Bara\u00f1ain BHIko ikasle, \"El nacimiento de mi municipio: Bara\u00f1\u00e1in (1971-1984)\" ikerlanagatik - Ayuntamiento de Bara\u00f1ain\/Bara\u00f1aingo Udala","robots":{"index":"index","follow":"follow","max-snippet":"max-snippet:-1","max-image-preview":"max-image-preview:large","max-video-preview":"max-video-preview:-1"},"canonical":"https:\/\/www.baranain.es\/eu\/noticias\/kultura-hezkuntza-saria-vania-georgieva-kostadinova-rentzat-baranain-bhiko-ikasle-el-nacimiento-de-mi-municipio-baranain-1971-1984-ikerlanagatik\/","og_locale":"eu_ES","og_type":"article","og_title":"Kultura\/Hezkuntza - Saria Vania Georgieva Kostadinova-rentzat, Bara\u00f1ain BHIko ikasle, \"El nacimiento de mi municipio: Bara\u00f1\u00e1in (1971-1984)\" ikerlanagatik - Ayuntamiento de Bara\u00f1ain\/Bara\u00f1aingo Udala","og_description":"KULTURA \/ HEZKUNTZA \/ HISTORIA: Bara\u00f1ain BHIren arrakasta handia Eustory Iberia Lehiaketan, XVII. edizioa: \u00abHelburu partekatuak. Gure erakundeak eta haien historiak\u00bb. Joan den ostiralean, hilaren 25ean, Rondan (Malaga) egindako ekitaldian, Vania Georgieva Kostadinova-k (Mikel Rodriguez tutorea) bigarren saria jaso zuen El nacimiento de mi municipio: Bara\u00f1ain (1971-1984) ikerlanagatik (1.000 euro ikertzailearentzat eta 500 tutorearentzat). Ekitaldia [&hellip;]","og_url":"https:\/\/www.baranain.es\/eu\/noticias\/kultura-hezkuntza-saria-vania-georgieva-kostadinova-rentzat-baranain-bhiko-ikasle-el-nacimiento-de-mi-municipio-baranain-1971-1984-ikerlanagatik\/","og_site_name":"Ayuntamiento de Bara\u00f1ain\/Bara\u00f1aingo Udala","article_modified_time":"2024-10-28T09:04:48+00:00","og_image":[{"width":720,"height":351,"url":"https:\/\/www.baranain.es\/wp-content\/uploads\/2024\/10\/CUL-720x340FotoEntregaVania.png","type":"image\/png"}],"twitter_card":"summary_large_image","twitter_misc":{"Est. reading time":"2 minutes"},"schema":{"@context":"https:\/\/schema.org","@graph":[{"@type":"WebPage","@id":"https:\/\/www.baranain.es\/eu\/noticias\/kultura-hezkuntza-saria-vania-georgieva-kostadinova-rentzat-baranain-bhiko-ikasle-el-nacimiento-de-mi-municipio-baranain-1971-1984-ikerlanagatik\/","url":"https:\/\/www.baranain.es\/eu\/noticias\/kultura-hezkuntza-saria-vania-georgieva-kostadinova-rentzat-baranain-bhiko-ikasle-el-nacimiento-de-mi-municipio-baranain-1971-1984-ikerlanagatik\/","name":"Kultura\/Hezkuntza - Saria Vania Georgieva Kostadinova-rentzat, Bara\u00f1ain BHIko ikasle, \"El nacimiento de mi municipio: Bara\u00f1\u00e1in (1971-1984)\" ikerlanagatik - Ayuntamiento de Bara\u00f1ain\/Bara\u00f1aingo Udala","isPartOf":{"@id":"https:\/\/www.baranain.es\/eu\/#website"},"primaryImageOfPage":{"@id":"https:\/\/www.baranain.es\/eu\/noticias\/kultura-hezkuntza-saria-vania-georgieva-kostadinova-rentzat-baranain-bhiko-ikasle-el-nacimiento-de-mi-municipio-baranain-1971-1984-ikerlanagatik\/#primaryimage"},"image":{"@id":"https:\/\/www.baranain.es\/eu\/noticias\/kultura-hezkuntza-saria-vania-georgieva-kostadinova-rentzat-baranain-bhiko-ikasle-el-nacimiento-de-mi-municipio-baranain-1971-1984-ikerlanagatik\/#primaryimage"},"thumbnailUrl":"https:\/\/www.baranain.es\/wp-content\/uploads\/2024\/10\/CUL-720x340FotoEntregaVania.png","datePublished":"2024-10-28T08:20:57+00:00","dateModified":"2024-10-28T09:04:48+00:00","breadcrumb":{"@id":"https:\/\/www.baranain.es\/eu\/noticias\/kultura-hezkuntza-saria-vania-georgieva-kostadinova-rentzat-baranain-bhiko-ikasle-el-nacimiento-de-mi-municipio-baranain-1971-1984-ikerlanagatik\/#breadcrumb"},"inLanguage":"eu-ES","potentialAction":[{"@type":"ReadAction","target":["https:\/\/www.baranain.es\/eu\/noticias\/kultura-hezkuntza-saria-vania-georgieva-kostadinova-rentzat-baranain-bhiko-ikasle-el-nacimiento-de-mi-municipio-baranain-1971-1984-ikerlanagatik\/"]}]},{"@type":"ImageObject","inLanguage":"eu-ES","@id":"https:\/\/www.baranain.es\/eu\/noticias\/kultura-hezkuntza-saria-vania-georgieva-kostadinova-rentzat-baranain-bhiko-ikasle-el-nacimiento-de-mi-municipio-baranain-1971-1984-ikerlanagatik\/#primaryimage","url":"https:\/\/www.baranain.es\/wp-content\/uploads\/2024\/10\/CUL-720x340FotoEntregaVania.png","contentUrl":"https:\/\/www.baranain.es\/wp-content\/uploads\/2024\/10\/CUL-720x340FotoEntregaVania.png","width":720,"height":351},{"@type":"BreadcrumbList","@id":"https:\/\/www.baranain.es\/eu\/noticias\/kultura-hezkuntza-saria-vania-georgieva-kostadinova-rentzat-baranain-bhiko-ikasle-el-nacimiento-de-mi-municipio-baranain-1971-1984-ikerlanagatik\/#breadcrumb","itemListElement":[{"@type":"ListItem","position":1,"name":"Home","item":"https:\/\/www.baranain.es\/eu\/"},{"@type":"ListItem","position":2,"name":"Albisteak","item":"https:\/\/www.baranain.es\/eu\/noticias\/"},{"@type":"ListItem","position":3,"name":"Kultura\/Hezkuntza &#8211; Saria Vania Georgieva Kostadinova-rentzat, Bara\u00f1ain BHIko ikasle, \u00abEl nacimiento de mi municipio: Bara\u00f1\u00e1in (1971-1984)\u00bb ikerlanagatik"}]},{"@type":"WebSite","@id":"https:\/\/www.baranain.es\/eu\/#website","url":"https:\/\/www.baranain.es\/eu\/","name":"Ayuntamiento de Bara\u00f1ain\/Bara\u00f1aingo Udala","description":"Ayuntamiento de Bara\u00f1ain\/Bara\u00f1aingo Udala","potentialAction":[{"@type":"SearchAction","target":{"@type":"EntryPoint","urlTemplate":"https:\/\/www.baranain.es\/eu\/?s={search_term_string}"},"query-input":"required name=search_term_string"}],"inLanguage":"eu-ES"}]}},"_links":{"self":[{"href":"https:\/\/www.baranain.es\/eu\/wp-json\/wp\/v2\/noticias\/77419"}],"collection":[{"href":"https:\/\/www.baranain.es\/eu\/wp-json\/wp\/v2\/noticias"}],"about":[{"href":"https:\/\/www.baranain.es\/eu\/wp-json\/wp\/v2\/types\/noticias"}],"author":[{"embeddable":true,"href":"https:\/\/www.baranain.es\/eu\/wp-json\/wp\/v2\/users\/19135"}],"replies":[{"embeddable":true,"href":"https:\/\/www.baranain.es\/eu\/wp-json\/wp\/v2\/comments?post=77419"}],"wp:featuredmedia":[{"embeddable":true,"href":"https:\/\/www.baranain.es\/eu\/wp-json\/wp\/v2\/media\/77414"}],"wp:attachment":[{"href":"https:\/\/www.baranain.es\/eu\/wp-json\/wp\/v2\/media?parent=77419"}],"curies":[{"name":"wp","href":"https:\/\/api.w.org\/{rel}","templated":true}]}}