{"id":69672,"date":"2023-12-21T14:44:16","date_gmt":"2023-12-21T13:44:16","guid":{"rendered":"https:\/\/www.baranain.es\/?post_type=noticias&#038;p=69672"},"modified":"2023-12-21T14:45:52","modified_gmt":"2023-12-21T13:45:52","slug":"cultura-en-el-comercio-visita-escaparates-con-villancicos-de-los-grupos-culturales","status":"publish","type":"noticias","link":"https:\/\/www.baranain.es\/eu\/noticias\/cultura-en-el-comercio-visita-escaparates-con-villancicos-de-los-grupos-culturales\/","title":{"rendered":"Kultura Merkataritzan &#8211; Bisita itzazu erakusleihoak kultura taldeek musikaz eta kantuz lagundurik"},"content":{"rendered":"<p>(Gaztelaniaz, barka eragozpenak)<\/p>\n<p>\u00a1Os animamos a visitar los escaparates de los comercios participantes en el 2\u00ba concurso de escaparates de Bara\u00f1\u00e1in 2023\/2024 con animaci\u00f3n de grupos culturales:<\/p>\n<ul>\n<li><span style=\"color: #339966\"><strong>D\u00eda 22 de diciembre, salida a las 18:00 desde Pza. del Ayuntamiento con CANCIONES DE SIEMPRE<\/strong>, y se visitar\u00e1n los siguientes establecimientos participantes: Centro Est\u00e9tica Eva Berral Estetika Zentroa, Ciclos Muruz\u00e1bal Bizikletak, Cuadros Larr\u00e1yoz Koadroak, Farmacia Cubillas Botika, Farmacia Laura D\u00edaz Barcos Botika, Farmacia Iribas Botika, GlovesFit&amp;Box, Herbolario Andr\u00f3meda Belar-denda, Road Runner, Cenor Ferm\u00edn Electrod\u00f3mesticos\/Etxetresna elektrikoak.<\/span><\/li>\n<li><span style=\"color: #ff6600\"><strong>D\u00eda 29 de diciembre, salida a las 19:00 desde Pza. del Ayuntamiento con CANTO PUEBLO VIEJO<\/strong> y se visitar\u00e1n los siguientes establecimientos participantes: Bar Nekane Taberna, Carnicer\u00eda La Aldeana Harategia, Centro Est\u00e9tica Dosha Estetika Zentroa, Centro Est\u00e9tica Ilargi Estetika Zentroa, Farmacia Lurgorri Botika, Florister\u00eda Jes\u00fas Guill\u00e9n Lore-denda, Frutas Loreki Frutak, Issabela Moda, La Ventana Natural-Herbolario\/Belar-denda, Mercer\u00eda Dabea Mertzeria.<\/span><\/li>\n<\/ul>\n<h3>\u00a1\u00a1Y an\u00edmate a votar!!<\/h3>\n<h3><em><a href=\"https:\/\/www.baranain.es\/eu\/noticias\/erakuslehio-lehiaketa\/\">Noticia relacionada: vota tu escaparate favorito (2\u00ba Concurso de Escaparates de Navidad)<\/a><\/em><\/h3>\n","protected":false},"author":19135,"featured_media":0,"comment_status":"closed","ping_status":"closed","template":"","format":"standard","meta":{"_wpml_media_featured":["1"],"_wpml_media_duplicate":["1"],"_wpml_word_count":["{\"total\":175,\"to_translate\":{\"eu\":175}}"],"imagenslia":[""],"subti":[""],"_yoast_wpseo_content_score":["90"],"_yoast_wpseo_estimated-reading-time-minutes":["1"],"_yoast_wpseo_wordproof_timestamp":[""],"_oembed_51e4e858c46b81fbdb606d4bab78dff8":["{{unknown}}"],"_yoast_wpseo_primary_categorianoticias":[""],"barra":["general"],"mostrar_barra":["1"],"_edit_lock":["1703166337:19135"],"_edit_last":["19135"]},"yoast_head":"<!-- This site is optimized with the Yoast SEO plugin v22.3 - https:\/\/yoast.com\/wordpress\/plugins\/seo\/ -->\r\n<title>Kultura Merkataritzan - Bisita itzazu erakusleihoak kultura taldeek musikaz eta kantuz lagundurik - Ayuntamiento de Bara\u00f1ain\/Bara\u00f1aingo Udala<\/title>\r\n<meta name=\"robots\" content=\"index, follow, max-snippet:-1, max-image-preview:large, max-video-preview:-1\" \/>\r\n<link rel=\"canonical\" href=\"https:\/\/www.baranain.es\/eu\/noticias\/cultura-en-el-comercio-visita-escaparates-con-villancicos-de-los-grupos-culturales\/\" \/>\r\n<meta property=\"og:locale\" content=\"eu_ES\" \/>\r\n<meta property=\"og:type\" content=\"article\" \/>\r\n<meta property=\"og:title\" content=\"Kultura Merkataritzan - Bisita itzazu erakusleihoak kultura taldeek musikaz eta kantuz lagundurik - Ayuntamiento de Bara\u00f1ain\/Bara\u00f1aingo Udala\" \/>\r\n<meta property=\"og:description\" content=\"(Gaztelaniaz, barka eragozpenak) \u00a1Os animamos a visitar los escaparates de los comercios participantes en el 2\u00ba concurso de escaparates de Bara\u00f1\u00e1in 2023\/2024 con animaci\u00f3n de grupos culturales: D\u00eda 22 de diciembre, salida a las 18:00 desde Pza. del Ayuntamiento con CANCIONES DE SIEMPRE, y se visitar\u00e1n los siguientes establecimientos participantes: Centro Est\u00e9tica Eva Berral Estetika [&hellip;]\" \/>\r\n<meta property=\"og:url\" content=\"https:\/\/www.baranain.es\/eu\/noticias\/cultura-en-el-comercio-visita-escaparates-con-villancicos-de-los-grupos-culturales\/\" \/>\r\n<meta property=\"og:site_name\" content=\"Ayuntamiento de Bara\u00f1ain\/Bara\u00f1aingo Udala\" \/>\r\n<meta property=\"article:modified_time\" content=\"2023-12-21T13:45:52+00:00\" \/>\r\n<meta property=\"og:image\" content=\"https:\/\/www.baranain.es\/wp-content\/uploads\/2023\/12\/CUL-CulturaComercioEscaparates2023-2024.png\" \/>\r\n\t<meta property=\"og:image:width\" content=\"720\" \/>\r\n\t<meta property=\"og:image:height\" content=\"340\" \/>\r\n\t<meta property=\"og:image:type\" content=\"image\/png\" \/>\r\n<meta name=\"twitter:card\" content=\"summary_large_image\" \/>\r\n<meta name=\"twitter:label1\" content=\"Est. reading time\" \/>\n\t<meta name=\"twitter:data1\" content=\"1 minute\" \/>\r\n<script type=\"application\/ld+json\" class=\"yoast-schema-graph\">{\"@context\":\"https:\/\/schema.org\",\"@graph\":[{\"@type\":\"WebPage\",\"@id\":\"https:\/\/www.baranain.es\/eu\/noticias\/cultura-en-el-comercio-visita-escaparates-con-villancicos-de-los-grupos-culturales\/\",\"url\":\"https:\/\/www.baranain.es\/eu\/noticias\/cultura-en-el-comercio-visita-escaparates-con-villancicos-de-los-grupos-culturales\/\",\"name\":\"Kultura Merkataritzan - Bisita itzazu erakusleihoak kultura taldeek musikaz eta kantuz lagundurik - Ayuntamiento de Bara\u00f1ain\/Bara\u00f1aingo Udala\",\"isPartOf\":{\"@id\":\"https:\/\/www.baranain.es\/eu\/#website\"},\"datePublished\":\"2023-12-21T13:44:16+00:00\",\"dateModified\":\"2023-12-21T13:45:52+00:00\",\"breadcrumb\":{\"@id\":\"https:\/\/www.baranain.es\/eu\/noticias\/cultura-en-el-comercio-visita-escaparates-con-villancicos-de-los-grupos-culturales\/#breadcrumb\"},\"inLanguage\":\"eu-ES\",\"potentialAction\":[{\"@type\":\"ReadAction\",\"target\":[\"https:\/\/www.baranain.es\/eu\/noticias\/cultura-en-el-comercio-visita-escaparates-con-villancicos-de-los-grupos-culturales\/\"]}]},{\"@type\":\"BreadcrumbList\",\"@id\":\"https:\/\/www.baranain.es\/eu\/noticias\/cultura-en-el-comercio-visita-escaparates-con-villancicos-de-los-grupos-culturales\/#breadcrumb\",\"itemListElement\":[{\"@type\":\"ListItem\",\"position\":1,\"name\":\"Home\",\"item\":\"https:\/\/www.baranain.es\/eu\/\"},{\"@type\":\"ListItem\",\"position\":2,\"name\":\"Albisteak\",\"item\":\"https:\/\/www.baranain.es\/eu\/noticias\/\"},{\"@type\":\"ListItem\",\"position\":3,\"name\":\"Kultura Merkataritzan &#8211; Bisita itzazu erakusleihoak kultura taldeek musikaz eta kantuz lagundurik\"}]},{\"@type\":\"WebSite\",\"@id\":\"https:\/\/www.baranain.es\/eu\/#website\",\"url\":\"https:\/\/www.baranain.es\/eu\/\",\"name\":\"Ayuntamiento de Bara\u00f1ain\/Bara\u00f1aingo Udala\",\"description\":\"Ayuntamiento de Bara\u00f1ain\/Bara\u00f1aingo Udala\",\"potentialAction\":[{\"@type\":\"SearchAction\",\"target\":{\"@type\":\"EntryPoint\",\"urlTemplate\":\"https:\/\/www.baranain.es\/eu\/?s={search_term_string}\"},\"query-input\":\"required name=search_term_string\"}],\"inLanguage\":\"eu-ES\"}]}<\/script>\r\n<!-- \/ Yoast SEO plugin. -->","yoast_head_json":{"title":"Kultura Merkataritzan - Bisita itzazu erakusleihoak kultura taldeek musikaz eta kantuz lagundurik - Ayuntamiento de Bara\u00f1ain\/Bara\u00f1aingo Udala","robots":{"index":"index","follow":"follow","max-snippet":"max-snippet:-1","max-image-preview":"max-image-preview:large","max-video-preview":"max-video-preview:-1"},"canonical":"https:\/\/www.baranain.es\/eu\/noticias\/cultura-en-el-comercio-visita-escaparates-con-villancicos-de-los-grupos-culturales\/","og_locale":"eu_ES","og_type":"article","og_title":"Kultura Merkataritzan - Bisita itzazu erakusleihoak kultura taldeek musikaz eta kantuz lagundurik - Ayuntamiento de Bara\u00f1ain\/Bara\u00f1aingo Udala","og_description":"(Gaztelaniaz, barka eragozpenak) \u00a1Os animamos a visitar los escaparates de los comercios participantes en el 2\u00ba concurso de escaparates de Bara\u00f1\u00e1in 2023\/2024 con animaci\u00f3n de grupos culturales: D\u00eda 22 de diciembre, salida a las 18:00 desde Pza. del Ayuntamiento con CANCIONES DE SIEMPRE, y se visitar\u00e1n los siguientes establecimientos participantes: Centro Est\u00e9tica Eva Berral Estetika [&hellip;]","og_url":"https:\/\/www.baranain.es\/eu\/noticias\/cultura-en-el-comercio-visita-escaparates-con-villancicos-de-los-grupos-culturales\/","og_site_name":"Ayuntamiento de Bara\u00f1ain\/Bara\u00f1aingo Udala","article_modified_time":"2023-12-21T13:45:52+00:00","og_image":[{"width":720,"height":340,"url":"https:\/\/www.baranain.es\/wp-content\/uploads\/2023\/12\/CUL-CulturaComercioEscaparates2023-2024.png","type":"image\/png"}],"twitter_card":"summary_large_image","twitter_misc":{"Est. reading time":"1 minute"},"schema":{"@context":"https:\/\/schema.org","@graph":[{"@type":"WebPage","@id":"https:\/\/www.baranain.es\/eu\/noticias\/cultura-en-el-comercio-visita-escaparates-con-villancicos-de-los-grupos-culturales\/","url":"https:\/\/www.baranain.es\/eu\/noticias\/cultura-en-el-comercio-visita-escaparates-con-villancicos-de-los-grupos-culturales\/","name":"Kultura Merkataritzan - Bisita itzazu erakusleihoak kultura taldeek musikaz eta kantuz lagundurik - Ayuntamiento de Bara\u00f1ain\/Bara\u00f1aingo Udala","isPartOf":{"@id":"https:\/\/www.baranain.es\/eu\/#website"},"datePublished":"2023-12-21T13:44:16+00:00","dateModified":"2023-12-21T13:45:52+00:00","breadcrumb":{"@id":"https:\/\/www.baranain.es\/eu\/noticias\/cultura-en-el-comercio-visita-escaparates-con-villancicos-de-los-grupos-culturales\/#breadcrumb"},"inLanguage":"eu-ES","potentialAction":[{"@type":"ReadAction","target":["https:\/\/www.baranain.es\/eu\/noticias\/cultura-en-el-comercio-visita-escaparates-con-villancicos-de-los-grupos-culturales\/"]}]},{"@type":"BreadcrumbList","@id":"https:\/\/www.baranain.es\/eu\/noticias\/cultura-en-el-comercio-visita-escaparates-con-villancicos-de-los-grupos-culturales\/#breadcrumb","itemListElement":[{"@type":"ListItem","position":1,"name":"Home","item":"https:\/\/www.baranain.es\/eu\/"},{"@type":"ListItem","position":2,"name":"Albisteak","item":"https:\/\/www.baranain.es\/eu\/noticias\/"},{"@type":"ListItem","position":3,"name":"Kultura Merkataritzan &#8211; Bisita itzazu erakusleihoak kultura taldeek musikaz eta kantuz lagundurik"}]},{"@type":"WebSite","@id":"https:\/\/www.baranain.es\/eu\/#website","url":"https:\/\/www.baranain.es\/eu\/","name":"Ayuntamiento de Bara\u00f1ain\/Bara\u00f1aingo Udala","description":"Ayuntamiento de Bara\u00f1ain\/Bara\u00f1aingo Udala","potentialAction":[{"@type":"SearchAction","target":{"@type":"EntryPoint","urlTemplate":"https:\/\/www.baranain.es\/eu\/?s={search_term_string}"},"query-input":"required name=search_term_string"}],"inLanguage":"eu-ES"}]}},"_links":{"self":[{"href":"https:\/\/www.baranain.es\/eu\/wp-json\/wp\/v2\/noticias\/69672"}],"collection":[{"href":"https:\/\/www.baranain.es\/eu\/wp-json\/wp\/v2\/noticias"}],"about":[{"href":"https:\/\/www.baranain.es\/eu\/wp-json\/wp\/v2\/types\/noticias"}],"author":[{"embeddable":true,"href":"https:\/\/www.baranain.es\/eu\/wp-json\/wp\/v2\/users\/19135"}],"replies":[{"embeddable":true,"href":"https:\/\/www.baranain.es\/eu\/wp-json\/wp\/v2\/comments?post=69672"}],"wp:attachment":[{"href":"https:\/\/www.baranain.es\/eu\/wp-json\/wp\/v2\/media?parent=69672"}],"curies":[{"name":"wp","href":"https:\/\/api.w.org\/{rel}","templated":true}]}}