{"id":57292,"date":"2022-04-01T07:49:01","date_gmt":"2022-04-01T06:49:01","guid":{"rendered":"https:\/\/www.baranain.es\/?post_type=noticias&#038;p=57292"},"modified":"2022-04-01T07:49:01","modified_gmt":"2022-04-01T06:49:01","slug":"galdetegia-baranaingo-emakumeen-aurkako-indarkeriaren-arloko-diagnostikoa-eta-jarduera-koordinatuaren-protokoloa","status":"publish","type":"noticias","link":"https:\/\/www.baranain.es\/eu\/noticias\/galdetegia-baranaingo-emakumeen-aurkako-indarkeriaren-arloko-diagnostikoa-eta-jarduera-koordinatuaren-protokoloa\/","title":{"rendered":"Galdetegia: Bara\u00f1aingo emakumeen aurkako indarkeriaren arloko diagnostikoa eta jarduera koordinatuaren protokoloa"},"content":{"rendered":"<p><strong>BARA\u00d1AINGO EMAKUMEEN AURKAKO INDARKERIAREN ARLOKO DIAGNOSTIKOA ETA JARDUERA KOORDINATUAREN PROTOKOLOA<\/strong><\/p>\n<p>&nbsp;<\/p>\n<p>Bara\u00f1aingo Udalak emakumeen aurkako indarkeriaren arloan modu koordinatuan jarduteko tokiko protokoloa garatzea onartu du, eta, horretarako, udalerrian emakumeen aurkako indarkeriari buruzko diagnostikoa egiten hasi da.<\/p>\n<p>Bi esteka erantsi dira <strong>galdetegi <\/strong>baterako (euskaraz edo gaztelaniaz), udalerriko emakumeen aurkako indarkeriari buruzko diagnostikoa egiteko informazioa biltzeko tresnetako bat.<\/p>\n<p>Euskaraz:<\/p>\n<p><a href=\"https:\/\/es.surveymonkey.com\/r\/baranaingo_diagnostikoa\">https:\/\/es.surveymonkey.com\/r\/baranaingo_diagnostikoa<\/a><\/p>\n<p>Gaztelaniaz:<\/p>\n<p><a href=\"https:\/\/es.surveymonkey.com\/r\/diagnostico_baranain\">https:\/\/es.surveymonkey.com\/r\/diagnostico_baranain<\/a><\/p>\n<p>Erantzunak anonimoak eta konfidentzialak dira. Zure iritziak oso baliotsuak dira eta, horregatik, <strong>erantzutera animatzen zaitugu.<\/strong><\/p>\n<p>&nbsp;<\/p>\n<p>Eskerrik asko zure laguntzagatik.<\/p>\n","protected":false},"author":19136,"featured_media":47904,"comment_status":"closed","ping_status":"closed","template":"","format":"standard","meta":{"_wpml_word_count":["{\"total\":0,\"to_translate\":{\"eu\":2,\"es\":2}}"],"_edit_lock":["1648795612:19136"],"_edit_last":["19136"],"_wpml_media_duplicate":["1"],"_wpml_media_featured":["1"],"imagenslia":[""],"subti":[""],"_last_translation_edit_mode":["native-editor"],"_yoast_wpseo_content_score":["90"],"_yoast_wpseo_estimated-reading-time-minutes":["1"],"_thumbnail_id":["47904"]},"yoast_head":"<!-- This site is optimized with the Yoast SEO plugin v22.3 - https:\/\/yoast.com\/wordpress\/plugins\/seo\/ -->\r\n<title>Galdetegia: Bara\u00f1aingo emakumeen aurkako indarkeriaren arloko diagnostikoa eta jarduera koordinatuaren protokoloa - Ayuntamiento de Bara\u00f1ain\/Bara\u00f1aingo Udala<\/title>\r\n<meta name=\"robots\" content=\"index, follow, max-snippet:-1, max-image-preview:large, max-video-preview:-1\" \/>\r\n<link rel=\"canonical\" href=\"https:\/\/www.baranain.es\/eu\/noticias\/galdetegia-baranaingo-emakumeen-aurkako-indarkeriaren-arloko-diagnostikoa-eta-jarduera-koordinatuaren-protokoloa\/\" \/>\r\n<meta property=\"og:locale\" content=\"eu_ES\" \/>\r\n<meta property=\"og:type\" content=\"article\" \/>\r\n<meta property=\"og:title\" content=\"Galdetegia: Bara\u00f1aingo emakumeen aurkako indarkeriaren arloko diagnostikoa eta jarduera koordinatuaren protokoloa - Ayuntamiento de Bara\u00f1ain\/Bara\u00f1aingo Udala\" \/>\r\n<meta property=\"og:description\" content=\"BARA\u00d1AINGO EMAKUMEEN AURKAKO INDARKERIAREN ARLOKO DIAGNOSTIKOA ETA JARDUERA KOORDINATUAREN PROTOKOLOA &nbsp; Bara\u00f1aingo Udalak emakumeen aurkako indarkeriaren arloan modu koordinatuan jarduteko tokiko protokoloa garatzea onartu du, eta, horretarako, udalerrian emakumeen aurkako indarkeriari buruzko diagnostikoa egiten hasi da. Bi esteka erantsi dira galdetegi baterako (euskaraz edo gaztelaniaz), udalerriko emakumeen aurkako indarkeriari buruzko diagnostikoa egiteko informazioa biltzeko tresnetako [&hellip;]\" \/>\r\n<meta property=\"og:url\" content=\"https:\/\/www.baranain.es\/eu\/noticias\/galdetegia-baranaingo-emakumeen-aurkako-indarkeriaren-arloko-diagnostikoa-eta-jarduera-koordinatuaren-protokoloa\/\" \/>\r\n<meta property=\"og:site_name\" content=\"Ayuntamiento de Bara\u00f1ain\/Bara\u00f1aingo Udala\" \/>\r\n<meta property=\"og:image\" content=\"https:\/\/www.baranain.es\/wp-content\/uploads\/2020\/06\/eskua-720x340-e1641994860113.jpg\" \/>\r\n\t<meta property=\"og:image:width\" content=\"720\" \/>\r\n\t<meta property=\"og:image:height\" content=\"340\" \/>\r\n\t<meta property=\"og:image:type\" content=\"image\/jpeg\" \/>\r\n<meta name=\"twitter:card\" content=\"summary_large_image\" \/>\r\n<meta name=\"twitter:label1\" content=\"Est. reading time\" \/>\n\t<meta name=\"twitter:data1\" content=\"1 minute\" \/>\r\n<script type=\"application\/ld+json\" class=\"yoast-schema-graph\">{\"@context\":\"https:\/\/schema.org\",\"@graph\":[{\"@type\":\"WebPage\",\"@id\":\"https:\/\/www.baranain.es\/eu\/noticias\/galdetegia-baranaingo-emakumeen-aurkako-indarkeriaren-arloko-diagnostikoa-eta-jarduera-koordinatuaren-protokoloa\/\",\"url\":\"https:\/\/www.baranain.es\/eu\/noticias\/galdetegia-baranaingo-emakumeen-aurkako-indarkeriaren-arloko-diagnostikoa-eta-jarduera-koordinatuaren-protokoloa\/\",\"name\":\"Galdetegia: Bara\u00f1aingo emakumeen aurkako indarkeriaren arloko diagnostikoa eta jarduera koordinatuaren protokoloa - Ayuntamiento de Bara\u00f1ain\/Bara\u00f1aingo Udala\",\"isPartOf\":{\"@id\":\"https:\/\/www.baranain.es\/eu\/#website\"},\"primaryImageOfPage\":{\"@id\":\"https:\/\/www.baranain.es\/eu\/noticias\/galdetegia-baranaingo-emakumeen-aurkako-indarkeriaren-arloko-diagnostikoa-eta-jarduera-koordinatuaren-protokoloa\/#primaryimage\"},\"image\":{\"@id\":\"https:\/\/www.baranain.es\/eu\/noticias\/galdetegia-baranaingo-emakumeen-aurkako-indarkeriaren-arloko-diagnostikoa-eta-jarduera-koordinatuaren-protokoloa\/#primaryimage\"},\"thumbnailUrl\":\"https:\/\/www.baranain.es\/wp-content\/uploads\/2020\/06\/eskua-720x340-e1641994860113.jpg\",\"datePublished\":\"2022-04-01T06:49:01+00:00\",\"dateModified\":\"2022-04-01T06:49:01+00:00\",\"breadcrumb\":{\"@id\":\"https:\/\/www.baranain.es\/eu\/noticias\/galdetegia-baranaingo-emakumeen-aurkako-indarkeriaren-arloko-diagnostikoa-eta-jarduera-koordinatuaren-protokoloa\/#breadcrumb\"},\"inLanguage\":\"eu-ES\",\"potentialAction\":[{\"@type\":\"ReadAction\",\"target\":[\"https:\/\/www.baranain.es\/eu\/noticias\/galdetegia-baranaingo-emakumeen-aurkako-indarkeriaren-arloko-diagnostikoa-eta-jarduera-koordinatuaren-protokoloa\/\"]}]},{\"@type\":\"ImageObject\",\"inLanguage\":\"eu-ES\",\"@id\":\"https:\/\/www.baranain.es\/eu\/noticias\/galdetegia-baranaingo-emakumeen-aurkako-indarkeriaren-arloko-diagnostikoa-eta-jarduera-koordinatuaren-protokoloa\/#primaryimage\",\"url\":\"https:\/\/www.baranain.es\/wp-content\/uploads\/2020\/06\/eskua-720x340-e1641994860113.jpg\",\"contentUrl\":\"https:\/\/www.baranain.es\/wp-content\/uploads\/2020\/06\/eskua-720x340-e1641994860113.jpg\",\"width\":720,\"height\":340},{\"@type\":\"BreadcrumbList\",\"@id\":\"https:\/\/www.baranain.es\/eu\/noticias\/galdetegia-baranaingo-emakumeen-aurkako-indarkeriaren-arloko-diagnostikoa-eta-jarduera-koordinatuaren-protokoloa\/#breadcrumb\",\"itemListElement\":[{\"@type\":\"ListItem\",\"position\":1,\"name\":\"Home\",\"item\":\"https:\/\/www.baranain.es\/eu\/\"},{\"@type\":\"ListItem\",\"position\":2,\"name\":\"Albisteak\",\"item\":\"https:\/\/www.baranain.es\/eu\/noticias\/\"},{\"@type\":\"ListItem\",\"position\":3,\"name\":\"Galdetegia: Bara\u00f1aingo emakumeen aurkako indarkeriaren arloko diagnostikoa eta jarduera koordinatuaren protokoloa\"}]},{\"@type\":\"WebSite\",\"@id\":\"https:\/\/www.baranain.es\/eu\/#website\",\"url\":\"https:\/\/www.baranain.es\/eu\/\",\"name\":\"Ayuntamiento de Bara\u00f1ain\/Bara\u00f1aingo Udala\",\"description\":\"Ayuntamiento de Bara\u00f1ain\/Bara\u00f1aingo Udala\",\"potentialAction\":[{\"@type\":\"SearchAction\",\"target\":{\"@type\":\"EntryPoint\",\"urlTemplate\":\"https:\/\/www.baranain.es\/eu\/?s={search_term_string}\"},\"query-input\":\"required name=search_term_string\"}],\"inLanguage\":\"eu-ES\"}]}<\/script>\r\n<!-- \/ Yoast SEO plugin. -->","yoast_head_json":{"title":"Galdetegia: Bara\u00f1aingo emakumeen aurkako indarkeriaren arloko diagnostikoa eta jarduera koordinatuaren protokoloa - Ayuntamiento de Bara\u00f1ain\/Bara\u00f1aingo Udala","robots":{"index":"index","follow":"follow","max-snippet":"max-snippet:-1","max-image-preview":"max-image-preview:large","max-video-preview":"max-video-preview:-1"},"canonical":"https:\/\/www.baranain.es\/eu\/noticias\/galdetegia-baranaingo-emakumeen-aurkako-indarkeriaren-arloko-diagnostikoa-eta-jarduera-koordinatuaren-protokoloa\/","og_locale":"eu_ES","og_type":"article","og_title":"Galdetegia: Bara\u00f1aingo emakumeen aurkako indarkeriaren arloko diagnostikoa eta jarduera koordinatuaren protokoloa - Ayuntamiento de Bara\u00f1ain\/Bara\u00f1aingo Udala","og_description":"BARA\u00d1AINGO EMAKUMEEN AURKAKO INDARKERIAREN ARLOKO DIAGNOSTIKOA ETA JARDUERA KOORDINATUAREN PROTOKOLOA &nbsp; Bara\u00f1aingo Udalak emakumeen aurkako indarkeriaren arloan modu koordinatuan jarduteko tokiko protokoloa garatzea onartu du, eta, horretarako, udalerrian emakumeen aurkako indarkeriari buruzko diagnostikoa egiten hasi da. Bi esteka erantsi dira galdetegi baterako (euskaraz edo gaztelaniaz), udalerriko emakumeen aurkako indarkeriari buruzko diagnostikoa egiteko informazioa biltzeko tresnetako [&hellip;]","og_url":"https:\/\/www.baranain.es\/eu\/noticias\/galdetegia-baranaingo-emakumeen-aurkako-indarkeriaren-arloko-diagnostikoa-eta-jarduera-koordinatuaren-protokoloa\/","og_site_name":"Ayuntamiento de Bara\u00f1ain\/Bara\u00f1aingo Udala","og_image":[{"width":720,"height":340,"url":"https:\/\/www.baranain.es\/wp-content\/uploads\/2020\/06\/eskua-720x340-e1641994860113.jpg","type":"image\/jpeg"}],"twitter_card":"summary_large_image","twitter_misc":{"Est. reading time":"1 minute"},"schema":{"@context":"https:\/\/schema.org","@graph":[{"@type":"WebPage","@id":"https:\/\/www.baranain.es\/eu\/noticias\/galdetegia-baranaingo-emakumeen-aurkako-indarkeriaren-arloko-diagnostikoa-eta-jarduera-koordinatuaren-protokoloa\/","url":"https:\/\/www.baranain.es\/eu\/noticias\/galdetegia-baranaingo-emakumeen-aurkako-indarkeriaren-arloko-diagnostikoa-eta-jarduera-koordinatuaren-protokoloa\/","name":"Galdetegia: Bara\u00f1aingo emakumeen aurkako indarkeriaren arloko diagnostikoa eta jarduera koordinatuaren protokoloa - Ayuntamiento de Bara\u00f1ain\/Bara\u00f1aingo Udala","isPartOf":{"@id":"https:\/\/www.baranain.es\/eu\/#website"},"primaryImageOfPage":{"@id":"https:\/\/www.baranain.es\/eu\/noticias\/galdetegia-baranaingo-emakumeen-aurkako-indarkeriaren-arloko-diagnostikoa-eta-jarduera-koordinatuaren-protokoloa\/#primaryimage"},"image":{"@id":"https:\/\/www.baranain.es\/eu\/noticias\/galdetegia-baranaingo-emakumeen-aurkako-indarkeriaren-arloko-diagnostikoa-eta-jarduera-koordinatuaren-protokoloa\/#primaryimage"},"thumbnailUrl":"https:\/\/www.baranain.es\/wp-content\/uploads\/2020\/06\/eskua-720x340-e1641994860113.jpg","datePublished":"2022-04-01T06:49:01+00:00","dateModified":"2022-04-01T06:49:01+00:00","breadcrumb":{"@id":"https:\/\/www.baranain.es\/eu\/noticias\/galdetegia-baranaingo-emakumeen-aurkako-indarkeriaren-arloko-diagnostikoa-eta-jarduera-koordinatuaren-protokoloa\/#breadcrumb"},"inLanguage":"eu-ES","potentialAction":[{"@type":"ReadAction","target":["https:\/\/www.baranain.es\/eu\/noticias\/galdetegia-baranaingo-emakumeen-aurkako-indarkeriaren-arloko-diagnostikoa-eta-jarduera-koordinatuaren-protokoloa\/"]}]},{"@type":"ImageObject","inLanguage":"eu-ES","@id":"https:\/\/www.baranain.es\/eu\/noticias\/galdetegia-baranaingo-emakumeen-aurkako-indarkeriaren-arloko-diagnostikoa-eta-jarduera-koordinatuaren-protokoloa\/#primaryimage","url":"https:\/\/www.baranain.es\/wp-content\/uploads\/2020\/06\/eskua-720x340-e1641994860113.jpg","contentUrl":"https:\/\/www.baranain.es\/wp-content\/uploads\/2020\/06\/eskua-720x340-e1641994860113.jpg","width":720,"height":340},{"@type":"BreadcrumbList","@id":"https:\/\/www.baranain.es\/eu\/noticias\/galdetegia-baranaingo-emakumeen-aurkako-indarkeriaren-arloko-diagnostikoa-eta-jarduera-koordinatuaren-protokoloa\/#breadcrumb","itemListElement":[{"@type":"ListItem","position":1,"name":"Home","item":"https:\/\/www.baranain.es\/eu\/"},{"@type":"ListItem","position":2,"name":"Albisteak","item":"https:\/\/www.baranain.es\/eu\/noticias\/"},{"@type":"ListItem","position":3,"name":"Galdetegia: Bara\u00f1aingo emakumeen aurkako indarkeriaren arloko diagnostikoa eta jarduera koordinatuaren protokoloa"}]},{"@type":"WebSite","@id":"https:\/\/www.baranain.es\/eu\/#website","url":"https:\/\/www.baranain.es\/eu\/","name":"Ayuntamiento de Bara\u00f1ain\/Bara\u00f1aingo Udala","description":"Ayuntamiento de Bara\u00f1ain\/Bara\u00f1aingo Udala","potentialAction":[{"@type":"SearchAction","target":{"@type":"EntryPoint","urlTemplate":"https:\/\/www.baranain.es\/eu\/?s={search_term_string}"},"query-input":"required name=search_term_string"}],"inLanguage":"eu-ES"}]}},"_links":{"self":[{"href":"https:\/\/www.baranain.es\/eu\/wp-json\/wp\/v2\/noticias\/57292"}],"collection":[{"href":"https:\/\/www.baranain.es\/eu\/wp-json\/wp\/v2\/noticias"}],"about":[{"href":"https:\/\/www.baranain.es\/eu\/wp-json\/wp\/v2\/types\/noticias"}],"author":[{"embeddable":true,"href":"https:\/\/www.baranain.es\/eu\/wp-json\/wp\/v2\/users\/19136"}],"replies":[{"embeddable":true,"href":"https:\/\/www.baranain.es\/eu\/wp-json\/wp\/v2\/comments?post=57292"}],"wp:featuredmedia":[{"embeddable":true,"href":"https:\/\/www.baranain.es\/eu\/wp-json\/wp\/v2\/media\/47904"}],"wp:attachment":[{"href":"https:\/\/www.baranain.es\/eu\/wp-json\/wp\/v2\/media?parent=57292"}],"curies":[{"name":"wp","href":"https:\/\/api.w.org\/{rel}","templated":true}]}}