{"id":55436,"date":"2022-01-11T12:12:41","date_gmt":"2022-01-11T11:12:41","guid":{"rendered":"https:\/\/www.baranain.es\/?post_type=noticias&#038;p=55436"},"modified":"2022-01-11T12:12:41","modified_gmt":"2022-01-11T11:12:41","slug":"kultura-baranaingo-gizarte-eskolaren-mintzaldia-urtarrilaren-19an","status":"publish","type":"noticias","link":"https:\/\/www.baranain.es\/eu\/noticias\/kultura-baranaingo-gizarte-eskolaren-mintzaldia-urtarrilaren-19an\/","title":{"rendered":"Kultura &#8211; Bara\u00f1aingo Gizarte Eskolaren mintzaldia urtarrilaren 19an"},"content":{"rendered":"<p>Jakinarazten dizuegu Bara\u00f1aingo Gizarte Eskolak antolaturiko hurrengo mintzaldia:<\/p>\n<p><a href=\"https:\/\/www.baranain.es\/wp-content\/uploads\/2022\/01\/CUL-CHARLA19ENERO.png\"><img loading=\"lazy\" decoding=\"async\" class=\"aligncenter size-full wp-image-55434\" src=\"https:\/\/www.baranain.es\/wp-content\/uploads\/2022\/01\/CUL-CHARLA19ENERO.png\" alt=\"\" width=\"720\" height=\"421\" srcset=\"https:\/\/www.baranain.es\/wp-content\/uploads\/2022\/01\/CUL-CHARLA19ENERO.png 720w, https:\/\/www.baranain.es\/wp-content\/uploads\/2022\/01\/CUL-CHARLA19ENERO-300x175.png 300w, https:\/\/www.baranain.es\/wp-content\/uploads\/2022\/01\/CUL-CHARLA19ENERO-197x115.png 197w\" sizes=\"(max-width: 720px) 100vw, 720px\" \/><\/a><\/p>\n<p>Ez hilaren 12an baizik eta 19an izanen dela, 19etan, Bara\u00f1aingo Kultura Etxean. Doako sarrera edukiera bete arte.<\/p>\n<p>Barka eragozpenak.<\/p>\n<p>&nbsp;<\/p>\n<p><img loading=\"lazy\" decoding=\"async\" class=\"aligncenter wp-image-53907\" src=\"https:\/\/www.baranain.es\/wp-content\/uploads\/2021\/11\/CUL-logo-esb1.jpg\" alt=\"\" width=\"304\" height=\"143\" srcset=\"https:\/\/www.baranain.es\/wp-content\/uploads\/2021\/11\/CUL-logo-esb1.jpg 470w, https:\/\/www.baranain.es\/wp-content\/uploads\/2021\/11\/CUL-logo-esb1-300x141.jpg 300w, https:\/\/www.baranain.es\/wp-content\/uploads\/2021\/11\/CUL-logo-esb1-245x115.jpg 245w\" sizes=\"(max-width: 304px) 100vw, 304px\" \/><img loading=\"lazy\" decoding=\"async\" class=\"aligncenter wp-image-25830\" src=\"https:\/\/www.baranain.es\/wp-content\/uploads\/2020\/03\/CUL-Logo-Casa-cultura.jpg\" alt=\"\" width=\"128\" height=\"124\" srcset=\"https:\/\/www.baranain.es\/wp-content\/uploads\/2020\/03\/CUL-Logo-Casa-cultura.jpg 1600w, https:\/\/www.baranain.es\/wp-content\/uploads\/2020\/03\/CUL-Logo-Casa-cultura-300x292.jpg 300w, https:\/\/www.baranain.es\/wp-content\/uploads\/2020\/03\/CUL-Logo-Casa-cultura-768x747.jpg 768w, https:\/\/www.baranain.es\/wp-content\/uploads\/2020\/03\/CUL-Logo-Casa-cultura-1024x996.jpg 1024w, https:\/\/www.baranain.es\/wp-content\/uploads\/2020\/03\/CUL-Logo-Casa-cultura-52x50.jpg 52w\" sizes=\"(max-width: 128px) 100vw, 128px\" \/><\/p>\n","protected":false},"author":19020,"featured_media":55432,"comment_status":"closed","ping_status":"closed","template":"","format":"standard","meta":{"_wpml_word_count":["{\"total\":56,\"to_translate\":{\"eu\":56}}"],"_wpml_media_featured":["1"],"_wpml_media_duplicate":["1"],"imagenslia":[""],"subti":[""],"_yoast_wpseo_content_score":["90"],"_yoast_wpseo_estimated-reading-time-minutes":[""],"_yoast_wpseo_primary_categorianoticias":["66"],"_thumbnail_id":["55432"],"_edit_lock":["1642079334:2"],"_edit_last":["19020"],"_oembed_ff6d640b76782ae8297c1a26cd8a1a47":["{{unknown}}"]},"yoast_head":"<!-- This site is optimized with the Yoast SEO plugin v22.3 - https:\/\/yoast.com\/wordpress\/plugins\/seo\/ -->\r\n<title>Kultura - Bara\u00f1aingo Gizarte Eskolaren mintzaldia urtarrilaren 19an - Ayuntamiento de Bara\u00f1ain\/Bara\u00f1aingo Udala<\/title>\r\n<meta name=\"robots\" content=\"index, follow, max-snippet:-1, max-image-preview:large, max-video-preview:-1\" \/>\r\n<link rel=\"canonical\" href=\"https:\/\/www.baranain.es\/eu\/?post_type=noticias&p=55436\" \/>\r\n<meta property=\"og:locale\" content=\"eu_ES\" \/>\r\n<meta property=\"og:type\" content=\"article\" \/>\r\n<meta property=\"og:title\" content=\"Kultura - Bara\u00f1aingo Gizarte Eskolaren mintzaldia urtarrilaren 19an - Ayuntamiento de Bara\u00f1ain\/Bara\u00f1aingo Udala\" \/>\r\n<meta property=\"og:description\" content=\"Jakinarazten dizuegu Bara\u00f1aingo Gizarte Eskolak antolaturiko hurrengo mintzaldia: Ez hilaren 12an baizik eta 19an izanen dela, 19etan, Bara\u00f1aingo Kultura Etxean. Doako sarrera edukiera bete arte. Barka eragozpenak. &nbsp;\" \/>\r\n<meta property=\"og:url\" content=\"https:\/\/www.baranain.es\/eu\/?post_type=noticias&amp;p=55436\" \/>\r\n<meta property=\"og:site_name\" content=\"Ayuntamiento de Bara\u00f1ain\/Bara\u00f1aingo Udala\" \/>\r\n<meta property=\"og:image\" content=\"https:\/\/www.baranain.es\/wp-content\/uploads\/2022\/01\/CUL-CHARLA19ENERO.png\" \/>\r\n<meta name=\"twitter:card\" content=\"summary_large_image\" \/>\r\n<script type=\"application\/ld+json\" class=\"yoast-schema-graph\">{\"@context\":\"https:\/\/schema.org\",\"@graph\":[{\"@type\":\"WebPage\",\"@id\":\"https:\/\/www.baranain.es\/eu\/?post_type=noticias&p=55436\",\"url\":\"https:\/\/www.baranain.es\/eu\/?post_type=noticias&p=55436\",\"name\":\"Kultura - Bara\u00f1aingo Gizarte Eskolaren mintzaldia urtarrilaren 19an - Ayuntamiento de Bara\u00f1ain\/Bara\u00f1aingo Udala\",\"isPartOf\":{\"@id\":\"https:\/\/www.baranain.es\/eu\/#website\"},\"primaryImageOfPage\":{\"@id\":\"https:\/\/www.baranain.es\/eu\/?post_type=noticias&p=55436#primaryimage\"},\"image\":{\"@id\":\"https:\/\/www.baranain.es\/eu\/?post_type=noticias&p=55436#primaryimage\"},\"thumbnailUrl\":\"https:\/\/www.baranain.es\/wp-content\/uploads\/2022\/01\/CUL-720X340-AVISO-MODIF-PROGRAMA-CULTURA.png\",\"datePublished\":\"2022-01-11T11:12:41+00:00\",\"dateModified\":\"2022-01-11T11:12:41+00:00\",\"breadcrumb\":{\"@id\":\"https:\/\/www.baranain.es\/eu\/?post_type=noticias&p=55436#breadcrumb\"},\"inLanguage\":\"eu-ES\",\"potentialAction\":[{\"@type\":\"ReadAction\",\"target\":[\"https:\/\/www.baranain.es\/eu\/?post_type=noticias&p=55436\"]}]},{\"@type\":\"ImageObject\",\"inLanguage\":\"eu-ES\",\"@id\":\"https:\/\/www.baranain.es\/eu\/?post_type=noticias&p=55436#primaryimage\",\"url\":\"https:\/\/www.baranain.es\/wp-content\/uploads\/2022\/01\/CUL-720X340-AVISO-MODIF-PROGRAMA-CULTURA.png\",\"contentUrl\":\"https:\/\/www.baranain.es\/wp-content\/uploads\/2022\/01\/CUL-720X340-AVISO-MODIF-PROGRAMA-CULTURA.png\",\"width\":720,\"height\":341},{\"@type\":\"BreadcrumbList\",\"@id\":\"https:\/\/www.baranain.es\/eu\/?post_type=noticias&p=55436#breadcrumb\",\"itemListElement\":[{\"@type\":\"ListItem\",\"position\":1,\"name\":\"Home\",\"item\":\"https:\/\/www.baranain.es\/eu\/\"},{\"@type\":\"ListItem\",\"position\":2,\"name\":\"Albisteak\",\"item\":\"https:\/\/www.baranain.es\/eu\/noticias\/\"},{\"@type\":\"ListItem\",\"position\":3,\"name\":\"Cultura &#8211; Charla de la Escuela Social de Bara\u00f1\u00e1in el 19 de enero\"}]},{\"@type\":\"WebSite\",\"@id\":\"https:\/\/www.baranain.es\/eu\/#website\",\"url\":\"https:\/\/www.baranain.es\/eu\/\",\"name\":\"Ayuntamiento de Bara\u00f1ain\/Bara\u00f1aingo Udala\",\"description\":\"Ayuntamiento de Bara\u00f1ain\/Bara\u00f1aingo Udala\",\"potentialAction\":[{\"@type\":\"SearchAction\",\"target\":{\"@type\":\"EntryPoint\",\"urlTemplate\":\"https:\/\/www.baranain.es\/eu\/?s={search_term_string}\"},\"query-input\":\"required name=search_term_string\"}],\"inLanguage\":\"eu-ES\"}]}<\/script>\r\n<!-- \/ Yoast SEO plugin. -->","yoast_head_json":{"title":"Kultura - Bara\u00f1aingo Gizarte Eskolaren mintzaldia urtarrilaren 19an - Ayuntamiento de Bara\u00f1ain\/Bara\u00f1aingo Udala","robots":{"index":"index","follow":"follow","max-snippet":"max-snippet:-1","max-image-preview":"max-image-preview:large","max-video-preview":"max-video-preview:-1"},"canonical":"https:\/\/www.baranain.es\/eu\/?post_type=noticias&p=55436","og_locale":"eu_ES","og_type":"article","og_title":"Kultura - Bara\u00f1aingo Gizarte Eskolaren mintzaldia urtarrilaren 19an - Ayuntamiento de Bara\u00f1ain\/Bara\u00f1aingo Udala","og_description":"Jakinarazten dizuegu Bara\u00f1aingo Gizarte Eskolak antolaturiko hurrengo mintzaldia: Ez hilaren 12an baizik eta 19an izanen dela, 19etan, Bara\u00f1aingo Kultura Etxean. Doako sarrera edukiera bete arte. Barka eragozpenak. &nbsp;","og_url":"https:\/\/www.baranain.es\/eu\/?post_type=noticias&p=55436","og_site_name":"Ayuntamiento de Bara\u00f1ain\/Bara\u00f1aingo Udala","og_image":[{"url":"https:\/\/www.baranain.es\/wp-content\/uploads\/2022\/01\/CUL-CHARLA19ENERO.png"}],"twitter_card":"summary_large_image","schema":{"@context":"https:\/\/schema.org","@graph":[{"@type":"WebPage","@id":"https:\/\/www.baranain.es\/eu\/?post_type=noticias&p=55436","url":"https:\/\/www.baranain.es\/eu\/?post_type=noticias&p=55436","name":"Kultura - Bara\u00f1aingo Gizarte Eskolaren mintzaldia urtarrilaren 19an - Ayuntamiento de Bara\u00f1ain\/Bara\u00f1aingo Udala","isPartOf":{"@id":"https:\/\/www.baranain.es\/eu\/#website"},"primaryImageOfPage":{"@id":"https:\/\/www.baranain.es\/eu\/?post_type=noticias&p=55436#primaryimage"},"image":{"@id":"https:\/\/www.baranain.es\/eu\/?post_type=noticias&p=55436#primaryimage"},"thumbnailUrl":"https:\/\/www.baranain.es\/wp-content\/uploads\/2022\/01\/CUL-720X340-AVISO-MODIF-PROGRAMA-CULTURA.png","datePublished":"2022-01-11T11:12:41+00:00","dateModified":"2022-01-11T11:12:41+00:00","breadcrumb":{"@id":"https:\/\/www.baranain.es\/eu\/?post_type=noticias&p=55436#breadcrumb"},"inLanguage":"eu-ES","potentialAction":[{"@type":"ReadAction","target":["https:\/\/www.baranain.es\/eu\/?post_type=noticias&p=55436"]}]},{"@type":"ImageObject","inLanguage":"eu-ES","@id":"https:\/\/www.baranain.es\/eu\/?post_type=noticias&p=55436#primaryimage","url":"https:\/\/www.baranain.es\/wp-content\/uploads\/2022\/01\/CUL-720X340-AVISO-MODIF-PROGRAMA-CULTURA.png","contentUrl":"https:\/\/www.baranain.es\/wp-content\/uploads\/2022\/01\/CUL-720X340-AVISO-MODIF-PROGRAMA-CULTURA.png","width":720,"height":341},{"@type":"BreadcrumbList","@id":"https:\/\/www.baranain.es\/eu\/?post_type=noticias&p=55436#breadcrumb","itemListElement":[{"@type":"ListItem","position":1,"name":"Home","item":"https:\/\/www.baranain.es\/eu\/"},{"@type":"ListItem","position":2,"name":"Albisteak","item":"https:\/\/www.baranain.es\/eu\/noticias\/"},{"@type":"ListItem","position":3,"name":"Cultura &#8211; Charla de la Escuela Social de Bara\u00f1\u00e1in el 19 de enero"}]},{"@type":"WebSite","@id":"https:\/\/www.baranain.es\/eu\/#website","url":"https:\/\/www.baranain.es\/eu\/","name":"Ayuntamiento de Bara\u00f1ain\/Bara\u00f1aingo Udala","description":"Ayuntamiento de Bara\u00f1ain\/Bara\u00f1aingo Udala","potentialAction":[{"@type":"SearchAction","target":{"@type":"EntryPoint","urlTemplate":"https:\/\/www.baranain.es\/eu\/?s={search_term_string}"},"query-input":"required name=search_term_string"}],"inLanguage":"eu-ES"}]}},"_links":{"self":[{"href":"https:\/\/www.baranain.es\/eu\/wp-json\/wp\/v2\/noticias\/55436"}],"collection":[{"href":"https:\/\/www.baranain.es\/eu\/wp-json\/wp\/v2\/noticias"}],"about":[{"href":"https:\/\/www.baranain.es\/eu\/wp-json\/wp\/v2\/types\/noticias"}],"author":[{"embeddable":true,"href":"https:\/\/www.baranain.es\/eu\/wp-json\/wp\/v2\/users\/19020"}],"replies":[{"embeddable":true,"href":"https:\/\/www.baranain.es\/eu\/wp-json\/wp\/v2\/comments?post=55436"}],"wp:featuredmedia":[{"embeddable":true,"href":"https:\/\/www.baranain.es\/eu\/wp-json\/wp\/v2\/media\/55432"}],"wp:attachment":[{"href":"https:\/\/www.baranain.es\/eu\/wp-json\/wp\/v2\/media?parent=55436"}],"curies":[{"name":"wp","href":"https:\/\/api.w.org\/{rel}","templated":true}]}}