{"id":51159,"date":"2021-08-19T07:00:47","date_gmt":"2021-08-19T06:00:47","guid":{"rendered":"https:\/\/www.baranain.es\/?post_type=noticias&#038;p=51159"},"modified":"2021-07-12T12:25:06","modified_gmt":"2021-07-12T11:25:06","slug":"kultura-3-filma-asterix-edabe-magikoaren-sekretua-aire-zabaleko-zinema-baranainen","status":"publish","type":"noticias","link":"https:\/\/www.baranain.es\/eu\/noticias\/kultura-3-filma-asterix-edabe-magikoaren-sekretua-aire-zabaleko-zinema-baranainen\/","title":{"rendered":"Kultura &#8211; 3. filma &#8220;Ast\u00e9rix: edabe magikoaren sekretua&#8221; (Aire zabaleko zinema Bara\u00f1ainen)"},"content":{"rendered":"<p><a href=\"https:\/\/www.baranain.es\/wp-content\/uploads\/2021\/07\/CUL-Asterix-t-1.png\"><img loading=\"lazy\" decoding=\"async\" class=\"alignnone size-full wp-image-51185\" src=\"https:\/\/www.baranain.es\/wp-content\/uploads\/2021\/07\/CUL-Asterix-t-1.png\" alt=\"\" width=\"855\" height=\"1084\" srcset=\"https:\/\/www.baranain.es\/wp-content\/uploads\/2021\/07\/CUL-Asterix-t-1.png 855w, https:\/\/www.baranain.es\/wp-content\/uploads\/2021\/07\/CUL-Asterix-t-1-237x300.png 237w, https:\/\/www.baranain.es\/wp-content\/uploads\/2021\/07\/CUL-Asterix-t-1-808x1024.png 808w, https:\/\/www.baranain.es\/wp-content\/uploads\/2021\/07\/CUL-Asterix-t-1-768x974.png 768w, https:\/\/www.baranain.es\/wp-content\/uploads\/2021\/07\/CUL-Asterix-t-1-300x380.png 300w, https:\/\/www.baranain.es\/wp-content\/uploads\/2021\/07\/CUL-Asterix-t-1-91x115.png 91w\" sizes=\"(max-width: 855px) 100vw, 855px\" \/><\/a><\/p>\n<h3>(Pdf: <a href=\"https:\/\/www.baranain.es\/wp-content\/uploads\/2021\/07\/CUL-SINOPSIS-cineJulioAgosto2021.pdf\">SINOPSIAK-zineaUztailaAbuztua2021<\/a>)<\/h3>\n<h2>Ikus trailer edo aurrerapena:<\/h2>\n<p><iframe loading=\"lazy\" title=\"ASTERIX: EDABE MAGIKOAREN SEKRETUA - FILMAREN TRAILERRA\" width=\"500\" height=\"281\" src=\"https:\/\/www.youtube.com\/embed\/CGBxpGM3QIM?feature=oembed\" frameborder=\"0\" allow=\"accelerometer; autoplay; clipboard-write; encrypted-media; gyroscope; picture-in-picture\" allowfullscreen><\/iframe><\/p>\n<p>&nbsp;<\/p>\n<p>&nbsp;<\/p>\n<p>&nbsp;<\/p>\n","protected":false},"author":19020,"featured_media":51203,"comment_status":"closed","ping_status":"closed","template":"","format":"standard","meta":{"_wpml_media_has_media":["1"],"_wpml_word_count":["{\"total\":0,\"to_translate\":{\"eu\":25,\"es\":25}}"],"_last_translation_edit_mode":["translation-editor"],"_oembed_f9b2993553c89170825f8e3e71dd9583":["<iframe title=\"Abuelos - Trailer (HD)\" width=\"743\" height=\"418\" src=\"https:\/\/www.youtube.com\/embed\/kyFs0thUfpQ?feature=oembed\" frameborder=\"0\" allow=\"accelerometer; autoplay; clipboard-write; encrypted-media; gyroscope; picture-in-picture\" allowfullscreen><\/iframe>"],"_oembed_time_f9b2993553c89170825f8e3e71dd9583":["1625857631"],"_oembed_d3738e35d70a0d0e770d6e0fba3b2245":["<iframe title=\"Abuelos - Trailer (HD)\" width=\"500\" height=\"281\" src=\"https:\/\/www.youtube.com\/embed\/kyFs0thUfpQ?feature=oembed\" frameborder=\"0\" allow=\"accelerometer; autoplay; clipboard-write; encrypted-media; gyroscope; picture-in-picture\" allowfullscreen><\/iframe>"],"_oembed_time_d3738e35d70a0d0e770d6e0fba3b2245":["1625857706"],"_oembed_5037ac3c8357f273eb5fb9d7c577aa8c":["<iframe title=\"Las aventuras del doctor Dolittle (2020) Tr\u00e1iler Oficial Espa\u00f1ol\" width=\"739\" height=\"416\" src=\"https:\/\/www.youtube.com\/embed\/aZjg3-fPU3k?feature=oembed\" frameborder=\"0\" allow=\"accelerometer; autoplay; clipboard-write; encrypted-media; gyroscope; picture-in-picture\" allowfullscreen><\/iframe>"],"_oembed_time_5037ac3c8357f273eb5fb9d7c577aa8c":["1625858051"],"_oembed_6ef3025bc84784bc7b06a48fa99d5a16":["<iframe title=\"Las aventuras del doctor Dolittle (2020) Tr\u00e1iler Oficial Espa\u00f1ol\" width=\"500\" height=\"281\" src=\"https:\/\/www.youtube.com\/embed\/aZjg3-fPU3k?feature=oembed\" frameborder=\"0\" allow=\"accelerometer; autoplay; clipboard-write; encrypted-media; gyroscope; picture-in-picture\" allowfullscreen><\/iframe>"],"_oembed_time_6ef3025bc84784bc7b06a48fa99d5a16":["1625858080"],"_oembed_8849be567ea6c30b11fa6d949c053dc4":["<iframe title=\"Las aventuras del doctor Dolittle (2020) Tr\u00e1iler Oficial Espa\u00f1ol\" width=\"743\" height=\"418\" src=\"https:\/\/www.youtube.com\/embed\/aZjg3-fPU3k?feature=oembed\" frameborder=\"0\" allow=\"accelerometer; autoplay; clipboard-write; encrypted-media; gyroscope; picture-in-picture\" allowfullscreen><\/iframe>"],"_oembed_time_8849be567ea6c30b11fa6d949c053dc4":["1625858081"],"_oembed_861e14890508162623522c3bdd7abdd1":["<iframe title=\"ASTERIX: EDABE MAGIKOAREN SEKRETUA - FILMAREN TRAILERRA\" width=\"739\" height=\"416\" src=\"https:\/\/www.youtube.com\/embed\/CGBxpGM3QIM?feature=oembed\" frameborder=\"0\" allow=\"accelerometer; autoplay; clipboard-write; encrypted-media; gyroscope; picture-in-picture\" allowfullscreen><\/iframe>"],"_oembed_time_861e14890508162623522c3bdd7abdd1":["1625858676"],"_edit_lock":["1626263840:19020"],"_oembed_6e7611657a7149c0b4cd6e0fe8a498cc":["<iframe title=\"ASTERIX: EDABE MAGIKOAREN SEKRETUA - FILMAREN TRAILERRA\" width=\"743\" height=\"418\" src=\"https:\/\/www.youtube.com\/embed\/CGBxpGM3QIM?feature=oembed\" frameborder=\"0\" allow=\"accelerometer; autoplay; clipboard-write; encrypted-media; gyroscope; picture-in-picture\" allowfullscreen><\/iframe>"],"_oembed_time_6e7611657a7149c0b4cd6e0fe8a498cc":["1625858859"],"_wpml_media_featured":["1","1","1","1"],"_wpml_media_duplicate":["1","1","1","1"],"imagenslia":[""],"subti":[""],"_edit_last":["19020"],"_oembed_e01015d38200b89f79cad80680823342":["<iframe title=\"ASTERIX: EDABE MAGIKOAREN SEKRETUA - FILMAREN TRAILERRA\" width=\"500\" height=\"281\" src=\"https:\/\/www.youtube.com\/embed\/CGBxpGM3QIM?feature=oembed\" frameborder=\"0\" allow=\"accelerometer; autoplay; clipboard-write; encrypted-media; gyroscope; picture-in-picture\" allowfullscreen><\/iframe>"],"_oembed_time_e01015d38200b89f79cad80680823342":["1626089098"],"_thumbnail_id":["51203"],"_oembed_9ea565372f4f65b6c6af2bd9fc55b2dc":["<iframe title=\"ASTERIX: EDABE MAGIKOAREN SEKRETUA - FILMAREN TRAILERRA\" width=\"1383\" height=\"778\" src=\"https:\/\/www.youtube.com\/embed\/CGBxpGM3QIM?feature=oembed\" frameborder=\"0\" allow=\"accelerometer; autoplay; clipboard-write; encrypted-media; gyroscope; picture-in-picture\" allowfullscreen><\/iframe>"],"_oembed_time_9ea565372f4f65b6c6af2bd9fc55b2dc":["1626079715"],"_yoast_wpseo_content_score":["60"],"_yoast_wpseo_estimated-reading-time-minutes":[""]},"yoast_head":"<!-- This site is optimized with the Yoast SEO plugin v22.3 - https:\/\/yoast.com\/wordpress\/plugins\/seo\/ -->\r\n<title>Kultura - 3. filma &quot;Ast\u00e9rix: edabe magikoaren sekretua&quot; (Aire zabaleko zinema Bara\u00f1ainen) - Ayuntamiento de Bara\u00f1ain\/Bara\u00f1aingo Udala<\/title>\r\n<meta name=\"robots\" content=\"index, follow, max-snippet:-1, max-image-preview:large, max-video-preview:-1\" \/>\r\n<link rel=\"canonical\" href=\"https:\/\/www.baranain.es\/eu\/noticias\/kultura-3-filma-asterix-edabe-magikoaren-sekretua-aire-zabaleko-zinema-baranainen\/\" \/>\r\n<meta property=\"og:locale\" content=\"eu_ES\" \/>\r\n<meta property=\"og:type\" content=\"article\" \/>\r\n<meta property=\"og:title\" content=\"Kultura - 3. filma &quot;Ast\u00e9rix: edabe magikoaren sekretua&quot; (Aire zabaleko zinema Bara\u00f1ainen) - Ayuntamiento de Bara\u00f1ain\/Bara\u00f1aingo Udala\" \/>\r\n<meta property=\"og:description\" content=\"(Pdf: SINOPSIAK-zineaUztailaAbuztua2021) Ikus trailer edo aurrerapena: &nbsp; &nbsp; &nbsp;\" \/>\r\n<meta property=\"og:url\" content=\"https:\/\/www.baranain.es\/eu\/noticias\/kultura-3-filma-asterix-edabe-magikoaren-sekretua-aire-zabaleko-zinema-baranainen\/\" \/>\r\n<meta property=\"og:site_name\" content=\"Ayuntamiento de Bara\u00f1ain\/Bara\u00f1aingo Udala\" \/>\r\n<meta property=\"article:modified_time\" content=\"2021-07-12T11:25:06+00:00\" \/>\r\n<meta property=\"og:image\" content=\"https:\/\/www.baranain.es\/wp-content\/uploads\/2021\/07\/CUL-CineVerano2021UdakoZinea-1.png\" \/>\r\n\t<meta property=\"og:image:width\" content=\"720\" \/>\r\n\t<meta property=\"og:image:height\" content=\"341\" \/>\r\n\t<meta property=\"og:image:type\" content=\"image\/png\" \/>\r\n<meta name=\"twitter:card\" content=\"summary_large_image\" \/>\r\n<script type=\"application\/ld+json\" class=\"yoast-schema-graph\">{\"@context\":\"https:\/\/schema.org\",\"@graph\":[{\"@type\":\"WebPage\",\"@id\":\"https:\/\/www.baranain.es\/eu\/noticias\/kultura-3-filma-asterix-edabe-magikoaren-sekretua-aire-zabaleko-zinema-baranainen\/\",\"url\":\"https:\/\/www.baranain.es\/eu\/noticias\/kultura-3-filma-asterix-edabe-magikoaren-sekretua-aire-zabaleko-zinema-baranainen\/\",\"name\":\"Kultura - 3. filma \\\"Ast\u00e9rix: edabe magikoaren sekretua\\\" (Aire zabaleko zinema Bara\u00f1ainen) - Ayuntamiento de Bara\u00f1ain\/Bara\u00f1aingo Udala\",\"isPartOf\":{\"@id\":\"https:\/\/www.baranain.es\/eu\/#website\"},\"primaryImageOfPage\":{\"@id\":\"https:\/\/www.baranain.es\/eu\/noticias\/kultura-3-filma-asterix-edabe-magikoaren-sekretua-aire-zabaleko-zinema-baranainen\/#primaryimage\"},\"image\":{\"@id\":\"https:\/\/www.baranain.es\/eu\/noticias\/kultura-3-filma-asterix-edabe-magikoaren-sekretua-aire-zabaleko-zinema-baranainen\/#primaryimage\"},\"thumbnailUrl\":\"https:\/\/www.baranain.es\/wp-content\/uploads\/2021\/07\/CUL-CineVerano2021UdakoZinea-1.png\",\"datePublished\":\"2021-08-19T06:00:47+00:00\",\"dateModified\":\"2021-07-12T11:25:06+00:00\",\"breadcrumb\":{\"@id\":\"https:\/\/www.baranain.es\/eu\/noticias\/kultura-3-filma-asterix-edabe-magikoaren-sekretua-aire-zabaleko-zinema-baranainen\/#breadcrumb\"},\"inLanguage\":\"eu-ES\",\"potentialAction\":[{\"@type\":\"ReadAction\",\"target\":[\"https:\/\/www.baranain.es\/eu\/noticias\/kultura-3-filma-asterix-edabe-magikoaren-sekretua-aire-zabaleko-zinema-baranainen\/\"]}]},{\"@type\":\"ImageObject\",\"inLanguage\":\"eu-ES\",\"@id\":\"https:\/\/www.baranain.es\/eu\/noticias\/kultura-3-filma-asterix-edabe-magikoaren-sekretua-aire-zabaleko-zinema-baranainen\/#primaryimage\",\"url\":\"https:\/\/www.baranain.es\/wp-content\/uploads\/2021\/07\/CUL-CineVerano2021UdakoZinea-1.png\",\"contentUrl\":\"https:\/\/www.baranain.es\/wp-content\/uploads\/2021\/07\/CUL-CineVerano2021UdakoZinea-1.png\",\"width\":720,\"height\":341},{\"@type\":\"BreadcrumbList\",\"@id\":\"https:\/\/www.baranain.es\/eu\/noticias\/kultura-3-filma-asterix-edabe-magikoaren-sekretua-aire-zabaleko-zinema-baranainen\/#breadcrumb\",\"itemListElement\":[{\"@type\":\"ListItem\",\"position\":1,\"name\":\"Home\",\"item\":\"https:\/\/www.baranain.es\/eu\/\"},{\"@type\":\"ListItem\",\"position\":2,\"name\":\"Albisteak\",\"item\":\"https:\/\/www.baranain.es\/eu\/noticias\/\"},{\"@type\":\"ListItem\",\"position\":3,\"name\":\"Kultura &#8211; 3. filma &#8220;Ast\u00e9rix: edabe magikoaren sekretua&#8221; (Aire zabaleko zinema Bara\u00f1ainen)\"}]},{\"@type\":\"WebSite\",\"@id\":\"https:\/\/www.baranain.es\/eu\/#website\",\"url\":\"https:\/\/www.baranain.es\/eu\/\",\"name\":\"Ayuntamiento de Bara\u00f1ain\/Bara\u00f1aingo Udala\",\"description\":\"Ayuntamiento de Bara\u00f1ain\/Bara\u00f1aingo Udala\",\"potentialAction\":[{\"@type\":\"SearchAction\",\"target\":{\"@type\":\"EntryPoint\",\"urlTemplate\":\"https:\/\/www.baranain.es\/eu\/?s={search_term_string}\"},\"query-input\":\"required name=search_term_string\"}],\"inLanguage\":\"eu-ES\"}]}<\/script>\r\n<!-- \/ Yoast SEO plugin. -->","yoast_head_json":{"title":"Kultura - 3. filma \"Ast\u00e9rix: edabe magikoaren sekretua\" (Aire zabaleko zinema Bara\u00f1ainen) - Ayuntamiento de Bara\u00f1ain\/Bara\u00f1aingo Udala","robots":{"index":"index","follow":"follow","max-snippet":"max-snippet:-1","max-image-preview":"max-image-preview:large","max-video-preview":"max-video-preview:-1"},"canonical":"https:\/\/www.baranain.es\/eu\/noticias\/kultura-3-filma-asterix-edabe-magikoaren-sekretua-aire-zabaleko-zinema-baranainen\/","og_locale":"eu_ES","og_type":"article","og_title":"Kultura - 3. filma \"Ast\u00e9rix: edabe magikoaren sekretua\" (Aire zabaleko zinema Bara\u00f1ainen) - Ayuntamiento de Bara\u00f1ain\/Bara\u00f1aingo Udala","og_description":"(Pdf: SINOPSIAK-zineaUztailaAbuztua2021) Ikus trailer edo aurrerapena: &nbsp; &nbsp; &nbsp;","og_url":"https:\/\/www.baranain.es\/eu\/noticias\/kultura-3-filma-asterix-edabe-magikoaren-sekretua-aire-zabaleko-zinema-baranainen\/","og_site_name":"Ayuntamiento de Bara\u00f1ain\/Bara\u00f1aingo Udala","article_modified_time":"2021-07-12T11:25:06+00:00","og_image":[{"width":720,"height":341,"url":"https:\/\/www.baranain.es\/wp-content\/uploads\/2021\/07\/CUL-CineVerano2021UdakoZinea-1.png","type":"image\/png"}],"twitter_card":"summary_large_image","schema":{"@context":"https:\/\/schema.org","@graph":[{"@type":"WebPage","@id":"https:\/\/www.baranain.es\/eu\/noticias\/kultura-3-filma-asterix-edabe-magikoaren-sekretua-aire-zabaleko-zinema-baranainen\/","url":"https:\/\/www.baranain.es\/eu\/noticias\/kultura-3-filma-asterix-edabe-magikoaren-sekretua-aire-zabaleko-zinema-baranainen\/","name":"Kultura - 3. filma \"Ast\u00e9rix: edabe magikoaren sekretua\" (Aire zabaleko zinema Bara\u00f1ainen) - Ayuntamiento de Bara\u00f1ain\/Bara\u00f1aingo Udala","isPartOf":{"@id":"https:\/\/www.baranain.es\/eu\/#website"},"primaryImageOfPage":{"@id":"https:\/\/www.baranain.es\/eu\/noticias\/kultura-3-filma-asterix-edabe-magikoaren-sekretua-aire-zabaleko-zinema-baranainen\/#primaryimage"},"image":{"@id":"https:\/\/www.baranain.es\/eu\/noticias\/kultura-3-filma-asterix-edabe-magikoaren-sekretua-aire-zabaleko-zinema-baranainen\/#primaryimage"},"thumbnailUrl":"https:\/\/www.baranain.es\/wp-content\/uploads\/2021\/07\/CUL-CineVerano2021UdakoZinea-1.png","datePublished":"2021-08-19T06:00:47+00:00","dateModified":"2021-07-12T11:25:06+00:00","breadcrumb":{"@id":"https:\/\/www.baranain.es\/eu\/noticias\/kultura-3-filma-asterix-edabe-magikoaren-sekretua-aire-zabaleko-zinema-baranainen\/#breadcrumb"},"inLanguage":"eu-ES","potentialAction":[{"@type":"ReadAction","target":["https:\/\/www.baranain.es\/eu\/noticias\/kultura-3-filma-asterix-edabe-magikoaren-sekretua-aire-zabaleko-zinema-baranainen\/"]}]},{"@type":"ImageObject","inLanguage":"eu-ES","@id":"https:\/\/www.baranain.es\/eu\/noticias\/kultura-3-filma-asterix-edabe-magikoaren-sekretua-aire-zabaleko-zinema-baranainen\/#primaryimage","url":"https:\/\/www.baranain.es\/wp-content\/uploads\/2021\/07\/CUL-CineVerano2021UdakoZinea-1.png","contentUrl":"https:\/\/www.baranain.es\/wp-content\/uploads\/2021\/07\/CUL-CineVerano2021UdakoZinea-1.png","width":720,"height":341},{"@type":"BreadcrumbList","@id":"https:\/\/www.baranain.es\/eu\/noticias\/kultura-3-filma-asterix-edabe-magikoaren-sekretua-aire-zabaleko-zinema-baranainen\/#breadcrumb","itemListElement":[{"@type":"ListItem","position":1,"name":"Home","item":"https:\/\/www.baranain.es\/eu\/"},{"@type":"ListItem","position":2,"name":"Albisteak","item":"https:\/\/www.baranain.es\/eu\/noticias\/"},{"@type":"ListItem","position":3,"name":"Kultura &#8211; 3. filma &#8220;Ast\u00e9rix: edabe magikoaren sekretua&#8221; (Aire zabaleko zinema Bara\u00f1ainen)"}]},{"@type":"WebSite","@id":"https:\/\/www.baranain.es\/eu\/#website","url":"https:\/\/www.baranain.es\/eu\/","name":"Ayuntamiento de Bara\u00f1ain\/Bara\u00f1aingo Udala","description":"Ayuntamiento de Bara\u00f1ain\/Bara\u00f1aingo Udala","potentialAction":[{"@type":"SearchAction","target":{"@type":"EntryPoint","urlTemplate":"https:\/\/www.baranain.es\/eu\/?s={search_term_string}"},"query-input":"required name=search_term_string"}],"inLanguage":"eu-ES"}]}},"_links":{"self":[{"href":"https:\/\/www.baranain.es\/eu\/wp-json\/wp\/v2\/noticias\/51159"}],"collection":[{"href":"https:\/\/www.baranain.es\/eu\/wp-json\/wp\/v2\/noticias"}],"about":[{"href":"https:\/\/www.baranain.es\/eu\/wp-json\/wp\/v2\/types\/noticias"}],"author":[{"embeddable":true,"href":"https:\/\/www.baranain.es\/eu\/wp-json\/wp\/v2\/users\/19020"}],"replies":[{"embeddable":true,"href":"https:\/\/www.baranain.es\/eu\/wp-json\/wp\/v2\/comments?post=51159"}],"wp:featuredmedia":[{"embeddable":true,"href":"https:\/\/www.baranain.es\/eu\/wp-json\/wp\/v2\/media\/51203"}],"wp:attachment":[{"href":"https:\/\/www.baranain.es\/eu\/wp-json\/wp\/v2\/media?parent=51159"}],"curies":[{"name":"wp","href":"https:\/\/api.w.org\/{rel}","templated":true}]}}