{"id":48651,"date":"2021-05-07T14:02:53","date_gmt":"2021-05-07T13:02:53","guid":{"rendered":"http:\/\/localhost:8000\/news\/kultura-horrela-doa-aurrera-txotxongilo-jaialdia-baranaingo-ikastetxeetan\/"},"modified":"2021-05-07T14:02:53","modified_gmt":"2021-05-07T13:02:53","slug":"kultura-horrela-doa-aurrera-txotxongilo-jaialdia-baranaingo-ikastetxeetan","status":"publish","type":"noticias","link":"https:\/\/www.baranain.es\/eu\/noticias\/kultura-horrela-doa-aurrera-txotxongilo-jaialdia-baranaingo-ikastetxeetan\/","title":{"rendered":"Kultura &#8211; Horrela doa aurrera Txotxongilo Jaialdia Bara\u00f1aingo ikastetxeetan&#8230;"},"content":{"rendered":"<p>(Gaztelaniaz, euskaratzen ari gara, barka eragozpenak&#8230;)<\/p>\n<table style=\"width: 100%;border-collapse: collapse\" border=\"1\">\n<tbody>\n<tr>\n<td style=\"width: 50%\">\n<p>AMEZTU (Euskadi), ha ofrecido tres sesiones de su obra &#8220;Organik&#8221; el mi\u00e9rcoles 5 de mayo en Plaza del Complejo Cultural a las alumnas y alumnos del C.P. Eulza-Eultza I.P.<\/p>\n<p><a href=\"http:\/\/localhost:8000\/wp-content\/uploads\/2021\/05\/CUL-AMEZTU.jpg\"><img loading=\"lazy\" decoding=\"async\" class=\"wp-image-42877 aligncenter\" src=\"http:\/\/localhost:8000\/wp-content\/uploads\/2021\/05\/CUL-AMEZTU.jpg\" alt=\"\" width=\"543\" height=\"407\" srcset=\"https:\/\/www.baranain.es\/wp-content\/uploads\/2021\/05\/CUL-AMEZTU.jpg 4000w, https:\/\/www.baranain.es\/wp-content\/uploads\/2021\/05\/CUL-AMEZTU-300x225.jpg 300w, https:\/\/www.baranain.es\/wp-content\/uploads\/2021\/05\/CUL-AMEZTU-768x576.jpg 768w, https:\/\/www.baranain.es\/wp-content\/uploads\/2021\/05\/CUL-AMEZTU-1024x768.jpg 1024w\" sizes=\"(max-width: 543px) 100vw, 543px\" \/><\/a><\/p>\n<p>&nbsp;<\/p>\n<p>&nbsp;<\/p>\n<p>&nbsp;<\/p>\n<p>&nbsp;<\/td>\n<td style=\"width: 50%\">\n<p>PANTA RHEI (Euskadi) ha ofrecido su obra &#8220;Noa, uy, uy, uy&#8221; el mi\u00e9rcoles 5 de mayo a las alumnas y alumnos de la Escuela Infantil de castellano in situ.<\/p>\n<p><a href=\"http:\/\/localhost:8000\/wp-content\/uploads\/2021\/05\/CUL-PANTA-RHEI-2.jpg\"><img loading=\"lazy\" decoding=\"async\" class=\"wp-image-42883 aligncenter\" src=\"http:\/\/localhost:8000\/wp-content\/uploads\/2021\/05\/CUL-PANTA-RHEI-2.jpg\" alt=\"\" width=\"430\" height=\"573\" srcset=\"https:\/\/www.baranain.es\/wp-content\/uploads\/2021\/05\/CUL-PANTA-RHEI-2.jpg 768w, https:\/\/www.baranain.es\/wp-content\/uploads\/2021\/05\/CUL-PANTA-RHEI-2-225x300.jpg 225w, https:\/\/www.baranain.es\/wp-content\/uploads\/2021\/05\/CUL-PANTA-RHEI-2-300x400.jpg 300w\" sizes=\"(max-width: 430px) 100vw, 430px\" \/><\/a><\/td>\n<\/tr>\n<tr>\n<td style=\"width: 50%\">\n<p>PANTA RHEI (Euskadi) ha ofrecido su obra &#8220;Noa, uy, uy, uy&#8221; en euskera el jueves 6 de mayo a las alumnas y alumnos de la Escuela Infantil de euskera en el patio cubierto de la escuela.<\/p>\n<p><a href=\"http:\/\/localhost:8000\/wp-content\/uploads\/2021\/05\/CUL-PANTA-RHEI-1.jpg\"><img loading=\"lazy\" decoding=\"async\" class=\"alignnone wp-image-42882\" src=\"http:\/\/localhost:8000\/wp-content\/uploads\/2021\/05\/CUL-PANTA-RHEI-1.jpg\" alt=\"\" width=\"683\" height=\"251\" srcset=\"https:\/\/www.baranain.es\/wp-content\/uploads\/2021\/05\/CUL-PANTA-RHEI-1.jpg 3985w, https:\/\/www.baranain.es\/wp-content\/uploads\/2021\/05\/CUL-PANTA-RHEI-1-300x110.jpg 300w, https:\/\/www.baranain.es\/wp-content\/uploads\/2021\/05\/CUL-PANTA-RHEI-1-768x282.jpg 768w, https:\/\/www.baranain.es\/wp-content\/uploads\/2021\/05\/CUL-PANTA-RHEI-1-1024x376.jpg 1024w\" sizes=\"(max-width: 683px) 100vw, 683px\" \/><\/a><\/p>\n<p>&nbsp;<\/p>\n<p>&nbsp;<\/td>\n<td style=\"width: 50%\">\n<p>BIHAR TALDEA (Euskadi) ha ofrecido sus obras &#8220;Ipuin magikoak&#8221; (Cuentos m\u00e1gicos) y &#8220;Etxeko Kontuak&#8221; (Cosas de casa) el jueves 6 de mayo a las alumnas y alumnos del C.P. Alaitz I.P. en el patio de su colegio.<\/p>\n<p><a href=\"http:\/\/localhost:8000\/wp-content\/uploads\/2021\/05\/CUL-BIHAR.jpg\"><img loading=\"lazy\" decoding=\"async\" class=\"wp-image-42878 aligncenter\" src=\"http:\/\/localhost:8000\/wp-content\/uploads\/2021\/05\/CUL-BIHAR.jpg\" alt=\"\" width=\"631\" height=\"258\" srcset=\"https:\/\/www.baranain.es\/wp-content\/uploads\/2021\/05\/CUL-BIHAR.jpg 3953w, https:\/\/www.baranain.es\/wp-content\/uploads\/2021\/05\/CUL-BIHAR-300x123.jpg 300w, https:\/\/www.baranain.es\/wp-content\/uploads\/2021\/05\/CUL-BIHAR-768x314.jpg 768w, https:\/\/www.baranain.es\/wp-content\/uploads\/2021\/05\/CUL-BIHAR-1024x419.jpg 1024w, https:\/\/www.baranain.es\/wp-content\/uploads\/2021\/05\/CUL-BIHAR-669x272.jpg 669w\" sizes=\"(max-width: 631px) 100vw, 631px\" \/><\/a><\/p>\n<p>&nbsp;<\/td>\n<\/tr>\n<tr>\n<td style=\"width: 50%\">\n<p>MUNDO COSTRINI (Argentina) ha ofrecido dos sesiones de su obra &#8220;Crazy Mozart&#8221; a las alumnas y alumnos del C.P. Sauces-Sahats I.P. en el patio cubierto de su colegio, el d\u00eda 7 de mayo, viernes. Sesi\u00f3n 10 h.<\/p>\n<p><a href=\"http:\/\/localhost:8000\/wp-content\/uploads\/2021\/05\/CUL-MUNDO-COSTRINI-1.jpg\"><img loading=\"lazy\" decoding=\"async\" class=\"wp-image-42880 aligncenter\" src=\"http:\/\/localhost:8000\/wp-content\/uploads\/2021\/05\/CUL-MUNDO-COSTRINI-1.jpg\" alt=\"\" width=\"655\" height=\"300\" srcset=\"https:\/\/www.baranain.es\/wp-content\/uploads\/2021\/05\/CUL-MUNDO-COSTRINI-1.jpg 3145w, https:\/\/www.baranain.es\/wp-content\/uploads\/2021\/05\/CUL-MUNDO-COSTRINI-1-300x137.jpg 300w, https:\/\/www.baranain.es\/wp-content\/uploads\/2021\/05\/CUL-MUNDO-COSTRINI-1-768x352.jpg 768w, https:\/\/www.baranain.es\/wp-content\/uploads\/2021\/05\/CUL-MUNDO-COSTRINI-1-1024x469.jpg 1024w\" sizes=\"(max-width: 655px) 100vw, 655px\" \/><\/a><\/td>\n<td style=\"width: 50%\">\n<p>MUNDO COSTRINI (Argentina) ha ofrecido dos sesiones de su obra &#8220;Crazy Mozart&#8221; a las alumnas y alumnos del C.P. Sauces-Sahats I.P. en el patio cubierto de su colegio, el d\u00eda 7 de mayo, viernes. Sesi\u00f3n 12 h.<\/p>\n<p><img loading=\"lazy\" decoding=\"async\" class=\"wp-image-42881 aligncenter\" src=\"http:\/\/localhost:8000\/wp-content\/uploads\/2021\/05\/CUL-MUNDO-COSTRINI-2.jpg\" alt=\"\" width=\"559\" height=\"317\" srcset=\"https:\/\/www.baranain.es\/wp-content\/uploads\/2021\/05\/CUL-MUNDO-COSTRINI-2.jpg 3969w, https:\/\/www.baranain.es\/wp-content\/uploads\/2021\/05\/CUL-MUNDO-COSTRINI-2-300x170.jpg 300w, https:\/\/www.baranain.es\/wp-content\/uploads\/2021\/05\/CUL-MUNDO-COSTRINI-2-768x435.jpg 768w, https:\/\/www.baranain.es\/wp-content\/uploads\/2021\/05\/CUL-MUNDO-COSTRINI-2-1024x580.jpg 1024w\" sizes=\"(max-width: 559px) 100vw, 559px\" \/><\/p>\n<p>&nbsp;<\/td>\n<\/tr>\n<tr>\n<td style=\"width: 50%\">\n<h3><\/h3>\n<h3><\/h3>\n<h3><\/h3>\n<h3 style=\"text-align: center\"><span style=\"color: #008000\">Hemos homenajeado a las profesoras de los colegios de Bara\u00f1\u00e1in participantes en los Concursos &#8220;Construyo mi t\u00edtere 2020&#8221; y &#8220;Una historia de t\u00edteres 2020&#8221; (Colegio Alaitz, Colegio Sauces-Sahats, Instituto Alaitz), por su labor de coordinaci\u00f3n con sus alumnas y alumnos en la preparaci\u00f3n de obras para dichos concursos (t\u00edteres e historias). Enhorabuena a todas ellas y tambi\u00e9n a las alumnas y alumnos por la calidad de las obras presentadas.<\/span><\/h3>\n<h3 style=\"text-align: center\"><span style=\"color: #008000\"><em>Profesoras homenajeadas (han recibido diploma, libro de t\u00edteres y planta en flor):<\/em><\/span><\/h3>\n<h3 style=\"text-align: center\"><span style=\"color: #008000\"><em>CP ALAITZ IP: Itsaso Arnaiz y Nagore Castro.<\/em><\/span><\/h3>\n<h3 style=\"text-align: center\"><span style=\"color: #008000\"><em>CP SAUCES-SAHATS IP: Andrea Guembe, Idoia C\u00eda, Maialen Fern\u00e1ndez, Julia Falguera, Coro Yaben, Mar\u00eda Lamp\u00e9rez, Vanesa Garde, Beatriz Recalde, Adriana Ezquer y Laura Burguera.<\/em><\/span><\/h3>\n<h3 style=\"text-align: center\"><span style=\"color: #008000\"><em>INSTITUTO ALAITZ INSTITUTUA: Koro Lizarreta y Andrea Galbete.<\/em><\/span><\/h3>\n<h3 style=\"text-align: center\"><span style=\"color: #008000\"><em>\u00a1Muchas gracias, eskerrik asko, a todas ellas!<\/em><\/span><\/h3>\n<p>&nbsp;<\/p>\n<p>&nbsp;<\/p>\n<p>&nbsp;<\/p>\n<p>&nbsp;<\/p>\n<p>&nbsp;<\/td>\n<td style=\"width: 50%\">\n<p>Momentos del homenaje en el C.P. Sauces-Sahats I.P:<\/p>\n<p><img loading=\"lazy\" decoding=\"async\" class=\"wp-image-42879 aligncenter\" src=\"http:\/\/localhost:8000\/wp-content\/uploads\/2021\/05\/CUL-Homenaje1.jpg\" alt=\"\" width=\"422\" height=\"259\" srcset=\"https:\/\/www.baranain.es\/wp-content\/uploads\/2021\/05\/CUL-Homenaje1.jpg 2897w, https:\/\/www.baranain.es\/wp-content\/uploads\/2021\/05\/CUL-Homenaje1-300x184.jpg 300w, https:\/\/www.baranain.es\/wp-content\/uploads\/2021\/05\/CUL-Homenaje1-768x472.jpg 768w, https:\/\/www.baranain.es\/wp-content\/uploads\/2021\/05\/CUL-Homenaje1-1024x630.jpg 1024w\" sizes=\"(max-width: 422px) 100vw, 422px\" \/><\/p>\n<p><a href=\"http:\/\/localhost:8000\/wp-content\/uploads\/2021\/05\/CUL-Homenaje2.jpg\"><img loading=\"lazy\" decoding=\"async\" class=\"wp-image-42898 aligncenter\" src=\"http:\/\/localhost:8000\/wp-content\/uploads\/2021\/05\/CUL-Homenaje2.jpg\" alt=\"\" width=\"424\" height=\"296\" srcset=\"https:\/\/www.baranain.es\/wp-content\/uploads\/2021\/05\/CUL-Homenaje2.jpg 2592w, https:\/\/www.baranain.es\/wp-content\/uploads\/2021\/05\/CUL-Homenaje2-300x210.jpg 300w, https:\/\/www.baranain.es\/wp-content\/uploads\/2021\/05\/CUL-Homenaje2-768x537.jpg 768w, https:\/\/www.baranain.es\/wp-content\/uploads\/2021\/05\/CUL-Homenaje2-1024x716.jpg 1024w\" sizes=\"(max-width: 424px) 100vw, 424px\" \/><\/a><\/p>\n<p>&nbsp;<\/td>\n<\/tr>\n<\/tbody>\n<\/table>\n","protected":false},"author":19135,"featured_media":48660,"comment_status":"closed","ping_status":"closed","template":"","format":"standard","meta":{"_wpml_word_count":["{\"total\":0,\"to_translate\":{\"eu\":393,\"es\":393}}"],"subti":[""],"_wpml_media_featured":["1"],"_wpml_media_duplicate":["1"],"_thumbnail_id":["48660"],"_last_translation_edit_mode":["translation-editor"],"_qt_imported":["from-42884"],"sbg_selected_sidebar":["s:18:\"a:1:{i:0;s:1:\"0\";}\";"],"sbg_selected_sidebar_replacement":["s:17:\"a:1:{i:0;s:0:\"\";}\";"],"sbg_selected_sidebar_2":["s:18:\"a:1:{i:0;s:1:\"0\";}\";"],"sbg_selected_sidebar_2_replacement":["s:17:\"a:1:{i:0;s:0:\"\";}\";"],"_qt_links_fixed":["1"],"_edit_lock":["1621425417:2"]},"yoast_head":"<!-- This site is optimized with the Yoast SEO plugin v22.3 - https:\/\/yoast.com\/wordpress\/plugins\/seo\/ -->\r\n<title>Kultura - Horrela doa aurrera Txotxongilo Jaialdia Bara\u00f1aingo ikastetxeetan... - Ayuntamiento de Bara\u00f1ain\/Bara\u00f1aingo Udala<\/title>\r\n<meta name=\"robots\" content=\"index, follow, max-snippet:-1, max-image-preview:large, max-video-preview:-1\" \/>\r\n<link rel=\"canonical\" href=\"https:\/\/www.baranain.es\/eu\/noticias\/kultura-horrela-doa-aurrera-txotxongilo-jaialdia-baranaingo-ikastetxeetan\/\" \/>\r\n<meta property=\"og:locale\" content=\"eu_ES\" \/>\r\n<meta property=\"og:type\" content=\"article\" \/>\r\n<meta property=\"og:title\" content=\"Kultura - Horrela doa aurrera Txotxongilo Jaialdia Bara\u00f1aingo ikastetxeetan... - Ayuntamiento de Bara\u00f1ain\/Bara\u00f1aingo Udala\" \/>\r\n<meta property=\"og:description\" content=\"(Gaztelaniaz, euskaratzen ari gara, barka eragozpenak&#8230;) AMEZTU (Euskadi), ha ofrecido tres sesiones de su obra &#8220;Organik&#8221; el mi\u00e9rcoles 5 de mayo en Plaza del Complejo Cultural a las alumnas y alumnos del C.P. Eulza-Eultza I.P. &nbsp; &nbsp; &nbsp; &nbsp; PANTA RHEI (Euskadi) ha ofrecido su obra &#8220;Noa, uy, uy, uy&#8221; el mi\u00e9rcoles 5 de mayo [&hellip;]\" \/>\r\n<meta property=\"og:url\" content=\"https:\/\/www.baranain.es\/eu\/noticias\/kultura-horrela-doa-aurrera-txotxongilo-jaialdia-baranaingo-ikastetxeetan\/\" \/>\r\n<meta property=\"og:site_name\" content=\"Ayuntamiento de Bara\u00f1ain\/Bara\u00f1aingo Udala\" \/>\r\n<meta property=\"og:image\" content=\"https:\/\/www.baranain.es\/wp-content\/uploads\/2021\/05\/CUL-AsiAvanzaAurrera.jpg\" \/>\r\n\t<meta property=\"og:image:width\" content=\"720\" \/>\r\n\t<meta property=\"og:image:height\" content=\"341\" \/>\r\n\t<meta property=\"og:image:type\" content=\"image\/jpeg\" \/>\r\n<meta name=\"twitter:card\" content=\"summary_large_image\" \/>\r\n<meta name=\"twitter:label1\" content=\"Est. reading time\" \/>\n\t<meta name=\"twitter:data1\" content=\"2 minutes\" \/>\r\n<script type=\"application\/ld+json\" class=\"yoast-schema-graph\">{\"@context\":\"https:\/\/schema.org\",\"@graph\":[{\"@type\":\"WebPage\",\"@id\":\"https:\/\/www.baranain.es\/eu\/noticias\/kultura-horrela-doa-aurrera-txotxongilo-jaialdia-baranaingo-ikastetxeetan\/\",\"url\":\"https:\/\/www.baranain.es\/eu\/noticias\/kultura-horrela-doa-aurrera-txotxongilo-jaialdia-baranaingo-ikastetxeetan\/\",\"name\":\"Kultura - Horrela doa aurrera Txotxongilo Jaialdia Bara\u00f1aingo ikastetxeetan... - Ayuntamiento de Bara\u00f1ain\/Bara\u00f1aingo Udala\",\"isPartOf\":{\"@id\":\"https:\/\/www.baranain.es\/eu\/#website\"},\"primaryImageOfPage\":{\"@id\":\"https:\/\/www.baranain.es\/eu\/noticias\/kultura-horrela-doa-aurrera-txotxongilo-jaialdia-baranaingo-ikastetxeetan\/#primaryimage\"},\"image\":{\"@id\":\"https:\/\/www.baranain.es\/eu\/noticias\/kultura-horrela-doa-aurrera-txotxongilo-jaialdia-baranaingo-ikastetxeetan\/#primaryimage\"},\"thumbnailUrl\":\"https:\/\/www.baranain.es\/wp-content\/uploads\/2021\/05\/CUL-AsiAvanzaAurrera.jpg\",\"datePublished\":\"2021-05-07T13:02:53+00:00\",\"dateModified\":\"2021-05-07T13:02:53+00:00\",\"breadcrumb\":{\"@id\":\"https:\/\/www.baranain.es\/eu\/noticias\/kultura-horrela-doa-aurrera-txotxongilo-jaialdia-baranaingo-ikastetxeetan\/#breadcrumb\"},\"inLanguage\":\"eu-ES\",\"potentialAction\":[{\"@type\":\"ReadAction\",\"target\":[\"https:\/\/www.baranain.es\/eu\/noticias\/kultura-horrela-doa-aurrera-txotxongilo-jaialdia-baranaingo-ikastetxeetan\/\"]}]},{\"@type\":\"ImageObject\",\"inLanguage\":\"eu-ES\",\"@id\":\"https:\/\/www.baranain.es\/eu\/noticias\/kultura-horrela-doa-aurrera-txotxongilo-jaialdia-baranaingo-ikastetxeetan\/#primaryimage\",\"url\":\"https:\/\/www.baranain.es\/wp-content\/uploads\/2021\/05\/CUL-AsiAvanzaAurrera.jpg\",\"contentUrl\":\"https:\/\/www.baranain.es\/wp-content\/uploads\/2021\/05\/CUL-AsiAvanzaAurrera.jpg\",\"width\":720,\"height\":341},{\"@type\":\"BreadcrumbList\",\"@id\":\"https:\/\/www.baranain.es\/eu\/noticias\/kultura-horrela-doa-aurrera-txotxongilo-jaialdia-baranaingo-ikastetxeetan\/#breadcrumb\",\"itemListElement\":[{\"@type\":\"ListItem\",\"position\":1,\"name\":\"Home\",\"item\":\"https:\/\/www.baranain.es\/eu\/\"},{\"@type\":\"ListItem\",\"position\":2,\"name\":\"Albisteak\",\"item\":\"https:\/\/www.baranain.es\/eu\/noticias\/\"},{\"@type\":\"ListItem\",\"position\":3,\"name\":\"Kultura &#8211; Horrela doa aurrera Txotxongilo Jaialdia Bara\u00f1aingo ikastetxeetan&#8230;\"}]},{\"@type\":\"WebSite\",\"@id\":\"https:\/\/www.baranain.es\/eu\/#website\",\"url\":\"https:\/\/www.baranain.es\/eu\/\",\"name\":\"Ayuntamiento de Bara\u00f1ain\/Bara\u00f1aingo Udala\",\"description\":\"Ayuntamiento de Bara\u00f1ain\/Bara\u00f1aingo Udala\",\"potentialAction\":[{\"@type\":\"SearchAction\",\"target\":{\"@type\":\"EntryPoint\",\"urlTemplate\":\"https:\/\/www.baranain.es\/eu\/?s={search_term_string}\"},\"query-input\":\"required name=search_term_string\"}],\"inLanguage\":\"eu-ES\"}]}<\/script>\r\n<!-- \/ Yoast SEO plugin. -->","yoast_head_json":{"title":"Kultura - Horrela doa aurrera Txotxongilo Jaialdia Bara\u00f1aingo ikastetxeetan... - Ayuntamiento de Bara\u00f1ain\/Bara\u00f1aingo Udala","robots":{"index":"index","follow":"follow","max-snippet":"max-snippet:-1","max-image-preview":"max-image-preview:large","max-video-preview":"max-video-preview:-1"},"canonical":"https:\/\/www.baranain.es\/eu\/noticias\/kultura-horrela-doa-aurrera-txotxongilo-jaialdia-baranaingo-ikastetxeetan\/","og_locale":"eu_ES","og_type":"article","og_title":"Kultura - Horrela doa aurrera Txotxongilo Jaialdia Bara\u00f1aingo ikastetxeetan... - Ayuntamiento de Bara\u00f1ain\/Bara\u00f1aingo Udala","og_description":"(Gaztelaniaz, euskaratzen ari gara, barka eragozpenak&#8230;) AMEZTU (Euskadi), ha ofrecido tres sesiones de su obra &#8220;Organik&#8221; el mi\u00e9rcoles 5 de mayo en Plaza del Complejo Cultural a las alumnas y alumnos del C.P. Eulza-Eultza I.P. &nbsp; &nbsp; &nbsp; &nbsp; PANTA RHEI (Euskadi) ha ofrecido su obra &#8220;Noa, uy, uy, uy&#8221; el mi\u00e9rcoles 5 de mayo [&hellip;]","og_url":"https:\/\/www.baranain.es\/eu\/noticias\/kultura-horrela-doa-aurrera-txotxongilo-jaialdia-baranaingo-ikastetxeetan\/","og_site_name":"Ayuntamiento de Bara\u00f1ain\/Bara\u00f1aingo Udala","og_image":[{"width":720,"height":341,"url":"https:\/\/www.baranain.es\/wp-content\/uploads\/2021\/05\/CUL-AsiAvanzaAurrera.jpg","type":"image\/jpeg"}],"twitter_card":"summary_large_image","twitter_misc":{"Est. reading time":"2 minutes"},"schema":{"@context":"https:\/\/schema.org","@graph":[{"@type":"WebPage","@id":"https:\/\/www.baranain.es\/eu\/noticias\/kultura-horrela-doa-aurrera-txotxongilo-jaialdia-baranaingo-ikastetxeetan\/","url":"https:\/\/www.baranain.es\/eu\/noticias\/kultura-horrela-doa-aurrera-txotxongilo-jaialdia-baranaingo-ikastetxeetan\/","name":"Kultura - Horrela doa aurrera Txotxongilo Jaialdia Bara\u00f1aingo ikastetxeetan... - Ayuntamiento de Bara\u00f1ain\/Bara\u00f1aingo Udala","isPartOf":{"@id":"https:\/\/www.baranain.es\/eu\/#website"},"primaryImageOfPage":{"@id":"https:\/\/www.baranain.es\/eu\/noticias\/kultura-horrela-doa-aurrera-txotxongilo-jaialdia-baranaingo-ikastetxeetan\/#primaryimage"},"image":{"@id":"https:\/\/www.baranain.es\/eu\/noticias\/kultura-horrela-doa-aurrera-txotxongilo-jaialdia-baranaingo-ikastetxeetan\/#primaryimage"},"thumbnailUrl":"https:\/\/www.baranain.es\/wp-content\/uploads\/2021\/05\/CUL-AsiAvanzaAurrera.jpg","datePublished":"2021-05-07T13:02:53+00:00","dateModified":"2021-05-07T13:02:53+00:00","breadcrumb":{"@id":"https:\/\/www.baranain.es\/eu\/noticias\/kultura-horrela-doa-aurrera-txotxongilo-jaialdia-baranaingo-ikastetxeetan\/#breadcrumb"},"inLanguage":"eu-ES","potentialAction":[{"@type":"ReadAction","target":["https:\/\/www.baranain.es\/eu\/noticias\/kultura-horrela-doa-aurrera-txotxongilo-jaialdia-baranaingo-ikastetxeetan\/"]}]},{"@type":"ImageObject","inLanguage":"eu-ES","@id":"https:\/\/www.baranain.es\/eu\/noticias\/kultura-horrela-doa-aurrera-txotxongilo-jaialdia-baranaingo-ikastetxeetan\/#primaryimage","url":"https:\/\/www.baranain.es\/wp-content\/uploads\/2021\/05\/CUL-AsiAvanzaAurrera.jpg","contentUrl":"https:\/\/www.baranain.es\/wp-content\/uploads\/2021\/05\/CUL-AsiAvanzaAurrera.jpg","width":720,"height":341},{"@type":"BreadcrumbList","@id":"https:\/\/www.baranain.es\/eu\/noticias\/kultura-horrela-doa-aurrera-txotxongilo-jaialdia-baranaingo-ikastetxeetan\/#breadcrumb","itemListElement":[{"@type":"ListItem","position":1,"name":"Home","item":"https:\/\/www.baranain.es\/eu\/"},{"@type":"ListItem","position":2,"name":"Albisteak","item":"https:\/\/www.baranain.es\/eu\/noticias\/"},{"@type":"ListItem","position":3,"name":"Kultura &#8211; Horrela doa aurrera Txotxongilo Jaialdia Bara\u00f1aingo ikastetxeetan&#8230;"}]},{"@type":"WebSite","@id":"https:\/\/www.baranain.es\/eu\/#website","url":"https:\/\/www.baranain.es\/eu\/","name":"Ayuntamiento de Bara\u00f1ain\/Bara\u00f1aingo Udala","description":"Ayuntamiento de Bara\u00f1ain\/Bara\u00f1aingo Udala","potentialAction":[{"@type":"SearchAction","target":{"@type":"EntryPoint","urlTemplate":"https:\/\/www.baranain.es\/eu\/?s={search_term_string}"},"query-input":"required name=search_term_string"}],"inLanguage":"eu-ES"}]}},"_links":{"self":[{"href":"https:\/\/www.baranain.es\/eu\/wp-json\/wp\/v2\/noticias\/48651"}],"collection":[{"href":"https:\/\/www.baranain.es\/eu\/wp-json\/wp\/v2\/noticias"}],"about":[{"href":"https:\/\/www.baranain.es\/eu\/wp-json\/wp\/v2\/types\/noticias"}],"author":[{"embeddable":true,"href":"https:\/\/www.baranain.es\/eu\/wp-json\/wp\/v2\/users\/19135"}],"replies":[{"embeddable":true,"href":"https:\/\/www.baranain.es\/eu\/wp-json\/wp\/v2\/comments?post=48651"}],"wp:featuredmedia":[{"embeddable":true,"href":"https:\/\/www.baranain.es\/eu\/wp-json\/wp\/v2\/media\/48660"}],"wp:attachment":[{"href":"https:\/\/www.baranain.es\/eu\/wp-json\/wp\/v2\/media?parent=48651"}],"curies":[{"name":"wp","href":"https:\/\/api.w.org\/{rel}","templated":true}]}}