{"id":48136,"date":"2020-09-10T09:26:00","date_gmt":"2020-09-10T08:26:00","guid":{"rendered":"http:\/\/localhost:8000\/news\/kultura-gaur-inaki-perurenaren-maitasun-istorioa\/"},"modified":"2020-09-10T09:26:00","modified_gmt":"2020-09-10T08:26:00","slug":"kultura-gaur-inaki-perurenaren-maitasun-istorioa","status":"publish","type":"noticias","link":"https:\/\/www.baranain.es\/eu\/noticias\/kultura-gaur-inaki-perurenaren-maitasun-istorioa\/","title":{"rendered":"Kultura &#8211; Gaur, I\u00f1aki Perurenaren maitasun istorioa"},"content":{"rendered":"<h1>ARTEarekin TERRAZA\u00a02020 (Musika\/Arteak)<\/h1>\n<h2><strong>10 de septiembre, <em>20:00 h<\/em>\u00a0 <span style=\"color: #0000ff\">Irailak 10<\/span><\/strong><\/h2>\n<p><strong>Plaza del Complejo Cultural de BARA\u00d1AIN<span style=\"color: #0000ff\">go Kulturguneko plazan<\/span><\/strong><\/p>\n<h2><strong>I\u00d1AKI PERURENA\u00a0\u00a0\u00a0\u00a0\u00a0\u00a0\u00a0\u00a0\u00a0\u00a0\u00a0 <\/strong><\/h2>\n<h2>\u201cHarria, maitasun istorioa \u2588 La piedra, una historia de amor\u201d<\/h2>\n<p><strong>\u00a0<\/strong><\/p>\n<table width=\"728\">\n<tbody>\n<tr>\n<td width=\"246\">\n<p><strong>Relato sobre la especial relaci\u00f3n de vida del autor con la piedra y demostraci\u00f3n de levantamiento de piedra.<\/strong><\/p>\n<p>I\u00f1aki Perurena nos viene a hablar de las piedras, de una manera no habitual. En esta sesi\u00f3n de una hora, de manera especial y po\u00e9tica, nos explicar\u00e1 su relaci\u00f3n de vida con las piedras. La piedra se convierte en met\u00e1fora, ejemplo y reflexi\u00f3n en la actuaci\u00f3n de I\u00f1aki Perurena.<\/td>\n<td width=\"47\"><\/td>\n<td width=\"435\">\n<p><span style=\"color: #0000ff\">I\u00f1aki Perurena harriarekin datorkigu oraingoan ere, ez ohiko moduan ordea. Harriarekin izan duen hartu-emana modu berezian azalduko digu ordu bete inguru irauten duen emankizun poetikoan. Emankizunarekin batera erakustaldia ere egingo du. Berak dioen moduan \u201charria urteetako bidelaguna izanda bizi oso bat daramat harriarekin eta berarekin jarraitu nahi dut\u201d. \u201cEzingo nuke sufritu nire harri gainean hautsa ikustea eta era berean hautsak harrotu nahi nituzke harriarekin\u201d. \u201cNik harriarekin bizitutakoari leihoa ireki nahi diot, arnas berritzeak bizia ematen dit eta ingurukoek ere neurri batean hori bizitzea nahiko nuke\u201d.<\/span><\/p>\n<p><span style=\"color: #0000ff\">Harria metafora bihurtzen du I\u00f1akik emanaldian, adibide eta hausnarketa.<\/span><\/td>\n<\/tr>\n<\/tbody>\n<\/table>\n<h1>Oraindik sarrerak badira eta hurrengo estekan eskura daitezke goizean zehar (DOAN):<\/h1>\n<h1><strong><a href=\"https:\/\/es.patronbase.com\/_AuditorioBaranainEu\/Productions\">https:\/\/es.patronbase.com\/_AuditorioBaranainEu\/Productions<\/a><\/strong><\/h1>\n<p><img loading=\"lazy\" decoding=\"async\" class=\"size-full wp-image-33475 aligncenter\" src=\"http:\/\/localhost:8000\/wp-content\/uploads\/2020\/09\/CUL-TerrazaConArte2020Baranain-Perurena.png\" alt=\"\" width=\"366\" height=\"519\" srcset=\"https:\/\/www.baranain.es\/wp-content\/uploads\/2020\/09\/CUL-TerrazaConArte2020Baranain-Perurena.png 366w, https:\/\/www.baranain.es\/wp-content\/uploads\/2020\/09\/CUL-TerrazaConArte2020Baranain-Perurena-212x300.png 212w, https:\/\/www.baranain.es\/wp-content\/uploads\/2020\/09\/CUL-TerrazaConArte2020Baranain-Perurena-300x425.png 300w\" sizes=\"(max-width: 366px) 100vw, 366px\" \/><\/p>\n<p>&nbsp;<\/p>\n<p>&nbsp;<\/p>\n","protected":false},"author":19020,"featured_media":48138,"comment_status":"closed","ping_status":"closed","template":"","format":"standard","meta":{"_wpml_word_count":["{\"total\":0,\"to_translate\":{\"eu\":220,\"es\":220}}"],"subti":[""],"_wpml_media_featured":["1"],"_wpml_media_duplicate":["1"],"_thumbnail_id":["48138"],"_last_translation_edit_mode":["translation-editor"],"_qt_imported":["from-33471"],"sbg_selected_sidebar":["s:18:\"a:1:{i:0;s:1:\"0\";}\";"],"sbg_selected_sidebar_replacement":["s:17:\"a:1:{i:0;s:0:\"\";}\";"],"sbg_selected_sidebar_2":["s:18:\"a:1:{i:0;s:1:\"0\";}\";"],"sbg_selected_sidebar_2_replacement":["s:17:\"a:1:{i:0;s:0:\"\";}\";"],"_qt_links_fixed":["1"]},"yoast_head":"<!-- This site is optimized with the Yoast SEO plugin v22.3 - https:\/\/yoast.com\/wordpress\/plugins\/seo\/ -->\r\n<title>Kultura - Gaur, I\u00f1aki Perurenaren maitasun istorioa - Ayuntamiento de Bara\u00f1ain\/Bara\u00f1aingo Udala<\/title>\r\n<meta name=\"robots\" content=\"index, follow, max-snippet:-1, max-image-preview:large, max-video-preview:-1\" \/>\r\n<link rel=\"canonical\" href=\"https:\/\/www.baranain.es\/eu\/noticias\/kultura-gaur-inaki-perurenaren-maitasun-istorioa\/\" \/>\r\n<meta property=\"og:locale\" content=\"eu_ES\" \/>\r\n<meta property=\"og:type\" content=\"article\" \/>\r\n<meta property=\"og:title\" content=\"Kultura - Gaur, I\u00f1aki Perurenaren maitasun istorioa - Ayuntamiento de Bara\u00f1ain\/Bara\u00f1aingo Udala\" \/>\r\n<meta property=\"og:description\" content=\"ARTEarekin TERRAZA\u00a02020 (Musika\/Arteak) 10 de septiembre, 20:00 h\u00a0 Irailak 10 Plaza del Complejo Cultural de BARA\u00d1AINgo Kulturguneko plazan I\u00d1AKI PERURENA\u00a0\u00a0\u00a0\u00a0\u00a0\u00a0\u00a0\u00a0\u00a0\u00a0\u00a0 \u201cHarria, maitasun istorioa \u2588 La piedra, una historia de amor\u201d \u00a0 Relato sobre la especial relaci\u00f3n de vida del autor con la piedra y demostraci\u00f3n de levantamiento de piedra. I\u00f1aki Perurena nos viene a hablar [&hellip;]\" \/>\r\n<meta property=\"og:url\" content=\"https:\/\/www.baranain.es\/eu\/noticias\/kultura-gaur-inaki-perurenaren-maitasun-istorioa\/\" \/>\r\n<meta property=\"og:site_name\" content=\"Ayuntamiento de Bara\u00f1ain\/Bara\u00f1aingo Udala\" \/>\r\n<meta property=\"og:image\" content=\"https:\/\/www.baranain.es\/wp-content\/uploads\/2020\/09\/CUL-720X340TerrazaConArte2020Baranain-Perurena.png\" \/>\r\n\t<meta property=\"og:image:width\" content=\"720\" \/>\r\n\t<meta property=\"og:image:height\" content=\"340\" \/>\r\n\t<meta property=\"og:image:type\" content=\"image\/png\" \/>\r\n<meta name=\"twitter:card\" content=\"summary_large_image\" \/>\r\n<meta name=\"twitter:label1\" content=\"Est. reading time\" \/>\n\t<meta name=\"twitter:data1\" content=\"1 minute\" \/>\r\n<script type=\"application\/ld+json\" class=\"yoast-schema-graph\">{\"@context\":\"https:\/\/schema.org\",\"@graph\":[{\"@type\":\"WebPage\",\"@id\":\"https:\/\/www.baranain.es\/eu\/noticias\/kultura-gaur-inaki-perurenaren-maitasun-istorioa\/\",\"url\":\"https:\/\/www.baranain.es\/eu\/noticias\/kultura-gaur-inaki-perurenaren-maitasun-istorioa\/\",\"name\":\"Kultura - Gaur, I\u00f1aki Perurenaren maitasun istorioa - Ayuntamiento de Bara\u00f1ain\/Bara\u00f1aingo Udala\",\"isPartOf\":{\"@id\":\"https:\/\/www.baranain.es\/eu\/#website\"},\"primaryImageOfPage\":{\"@id\":\"https:\/\/www.baranain.es\/eu\/noticias\/kultura-gaur-inaki-perurenaren-maitasun-istorioa\/#primaryimage\"},\"image\":{\"@id\":\"https:\/\/www.baranain.es\/eu\/noticias\/kultura-gaur-inaki-perurenaren-maitasun-istorioa\/#primaryimage\"},\"thumbnailUrl\":\"https:\/\/www.baranain.es\/wp-content\/uploads\/2020\/09\/CUL-720X340TerrazaConArte2020Baranain-Perurena.png\",\"datePublished\":\"2020-09-10T08:26:00+00:00\",\"dateModified\":\"2020-09-10T08:26:00+00:00\",\"breadcrumb\":{\"@id\":\"https:\/\/www.baranain.es\/eu\/noticias\/kultura-gaur-inaki-perurenaren-maitasun-istorioa\/#breadcrumb\"},\"inLanguage\":\"eu-ES\",\"potentialAction\":[{\"@type\":\"ReadAction\",\"target\":[\"https:\/\/www.baranain.es\/eu\/noticias\/kultura-gaur-inaki-perurenaren-maitasun-istorioa\/\"]}]},{\"@type\":\"ImageObject\",\"inLanguage\":\"eu-ES\",\"@id\":\"https:\/\/www.baranain.es\/eu\/noticias\/kultura-gaur-inaki-perurenaren-maitasun-istorioa\/#primaryimage\",\"url\":\"https:\/\/www.baranain.es\/wp-content\/uploads\/2020\/09\/CUL-720X340TerrazaConArte2020Baranain-Perurena.png\",\"contentUrl\":\"https:\/\/www.baranain.es\/wp-content\/uploads\/2020\/09\/CUL-720X340TerrazaConArte2020Baranain-Perurena.png\",\"width\":720,\"height\":340},{\"@type\":\"BreadcrumbList\",\"@id\":\"https:\/\/www.baranain.es\/eu\/noticias\/kultura-gaur-inaki-perurenaren-maitasun-istorioa\/#breadcrumb\",\"itemListElement\":[{\"@type\":\"ListItem\",\"position\":1,\"name\":\"Home\",\"item\":\"https:\/\/www.baranain.es\/eu\/\"},{\"@type\":\"ListItem\",\"position\":2,\"name\":\"Albisteak\",\"item\":\"https:\/\/www.baranain.es\/eu\/noticias\/\"},{\"@type\":\"ListItem\",\"position\":3,\"name\":\"Kultura &#8211; Gaur, I\u00f1aki Perurenaren maitasun istorioa\"}]},{\"@type\":\"WebSite\",\"@id\":\"https:\/\/www.baranain.es\/eu\/#website\",\"url\":\"https:\/\/www.baranain.es\/eu\/\",\"name\":\"Ayuntamiento de Bara\u00f1ain\/Bara\u00f1aingo Udala\",\"description\":\"Ayuntamiento de Bara\u00f1ain\/Bara\u00f1aingo Udala\",\"potentialAction\":[{\"@type\":\"SearchAction\",\"target\":{\"@type\":\"EntryPoint\",\"urlTemplate\":\"https:\/\/www.baranain.es\/eu\/?s={search_term_string}\"},\"query-input\":\"required name=search_term_string\"}],\"inLanguage\":\"eu-ES\"}]}<\/script>\r\n<!-- \/ Yoast SEO plugin. -->","yoast_head_json":{"title":"Kultura - Gaur, I\u00f1aki Perurenaren maitasun istorioa - Ayuntamiento de Bara\u00f1ain\/Bara\u00f1aingo Udala","robots":{"index":"index","follow":"follow","max-snippet":"max-snippet:-1","max-image-preview":"max-image-preview:large","max-video-preview":"max-video-preview:-1"},"canonical":"https:\/\/www.baranain.es\/eu\/noticias\/kultura-gaur-inaki-perurenaren-maitasun-istorioa\/","og_locale":"eu_ES","og_type":"article","og_title":"Kultura - Gaur, I\u00f1aki Perurenaren maitasun istorioa - Ayuntamiento de Bara\u00f1ain\/Bara\u00f1aingo Udala","og_description":"ARTEarekin TERRAZA\u00a02020 (Musika\/Arteak) 10 de septiembre, 20:00 h\u00a0 Irailak 10 Plaza del Complejo Cultural de BARA\u00d1AINgo Kulturguneko plazan I\u00d1AKI PERURENA\u00a0\u00a0\u00a0\u00a0\u00a0\u00a0\u00a0\u00a0\u00a0\u00a0\u00a0 \u201cHarria, maitasun istorioa \u2588 La piedra, una historia de amor\u201d \u00a0 Relato sobre la especial relaci\u00f3n de vida del autor con la piedra y demostraci\u00f3n de levantamiento de piedra. I\u00f1aki Perurena nos viene a hablar [&hellip;]","og_url":"https:\/\/www.baranain.es\/eu\/noticias\/kultura-gaur-inaki-perurenaren-maitasun-istorioa\/","og_site_name":"Ayuntamiento de Bara\u00f1ain\/Bara\u00f1aingo Udala","og_image":[{"width":720,"height":340,"url":"https:\/\/www.baranain.es\/wp-content\/uploads\/2020\/09\/CUL-720X340TerrazaConArte2020Baranain-Perurena.png","type":"image\/png"}],"twitter_card":"summary_large_image","twitter_misc":{"Est. reading time":"1 minute"},"schema":{"@context":"https:\/\/schema.org","@graph":[{"@type":"WebPage","@id":"https:\/\/www.baranain.es\/eu\/noticias\/kultura-gaur-inaki-perurenaren-maitasun-istorioa\/","url":"https:\/\/www.baranain.es\/eu\/noticias\/kultura-gaur-inaki-perurenaren-maitasun-istorioa\/","name":"Kultura - Gaur, I\u00f1aki Perurenaren maitasun istorioa - Ayuntamiento de Bara\u00f1ain\/Bara\u00f1aingo Udala","isPartOf":{"@id":"https:\/\/www.baranain.es\/eu\/#website"},"primaryImageOfPage":{"@id":"https:\/\/www.baranain.es\/eu\/noticias\/kultura-gaur-inaki-perurenaren-maitasun-istorioa\/#primaryimage"},"image":{"@id":"https:\/\/www.baranain.es\/eu\/noticias\/kultura-gaur-inaki-perurenaren-maitasun-istorioa\/#primaryimage"},"thumbnailUrl":"https:\/\/www.baranain.es\/wp-content\/uploads\/2020\/09\/CUL-720X340TerrazaConArte2020Baranain-Perurena.png","datePublished":"2020-09-10T08:26:00+00:00","dateModified":"2020-09-10T08:26:00+00:00","breadcrumb":{"@id":"https:\/\/www.baranain.es\/eu\/noticias\/kultura-gaur-inaki-perurenaren-maitasun-istorioa\/#breadcrumb"},"inLanguage":"eu-ES","potentialAction":[{"@type":"ReadAction","target":["https:\/\/www.baranain.es\/eu\/noticias\/kultura-gaur-inaki-perurenaren-maitasun-istorioa\/"]}]},{"@type":"ImageObject","inLanguage":"eu-ES","@id":"https:\/\/www.baranain.es\/eu\/noticias\/kultura-gaur-inaki-perurenaren-maitasun-istorioa\/#primaryimage","url":"https:\/\/www.baranain.es\/wp-content\/uploads\/2020\/09\/CUL-720X340TerrazaConArte2020Baranain-Perurena.png","contentUrl":"https:\/\/www.baranain.es\/wp-content\/uploads\/2020\/09\/CUL-720X340TerrazaConArte2020Baranain-Perurena.png","width":720,"height":340},{"@type":"BreadcrumbList","@id":"https:\/\/www.baranain.es\/eu\/noticias\/kultura-gaur-inaki-perurenaren-maitasun-istorioa\/#breadcrumb","itemListElement":[{"@type":"ListItem","position":1,"name":"Home","item":"https:\/\/www.baranain.es\/eu\/"},{"@type":"ListItem","position":2,"name":"Albisteak","item":"https:\/\/www.baranain.es\/eu\/noticias\/"},{"@type":"ListItem","position":3,"name":"Kultura &#8211; Gaur, I\u00f1aki Perurenaren maitasun istorioa"}]},{"@type":"WebSite","@id":"https:\/\/www.baranain.es\/eu\/#website","url":"https:\/\/www.baranain.es\/eu\/","name":"Ayuntamiento de Bara\u00f1ain\/Bara\u00f1aingo Udala","description":"Ayuntamiento de Bara\u00f1ain\/Bara\u00f1aingo Udala","potentialAction":[{"@type":"SearchAction","target":{"@type":"EntryPoint","urlTemplate":"https:\/\/www.baranain.es\/eu\/?s={search_term_string}"},"query-input":"required name=search_term_string"}],"inLanguage":"eu-ES"}]}},"_links":{"self":[{"href":"https:\/\/www.baranain.es\/eu\/wp-json\/wp\/v2\/noticias\/48136"}],"collection":[{"href":"https:\/\/www.baranain.es\/eu\/wp-json\/wp\/v2\/noticias"}],"about":[{"href":"https:\/\/www.baranain.es\/eu\/wp-json\/wp\/v2\/types\/noticias"}],"author":[{"embeddable":true,"href":"https:\/\/www.baranain.es\/eu\/wp-json\/wp\/v2\/users\/19020"}],"replies":[{"embeddable":true,"href":"https:\/\/www.baranain.es\/eu\/wp-json\/wp\/v2\/comments?post=48136"}],"wp:featuredmedia":[{"embeddable":true,"href":"https:\/\/www.baranain.es\/eu\/wp-json\/wp\/v2\/media\/48138"}],"wp:attachment":[{"href":"https:\/\/www.baranain.es\/eu\/wp-json\/wp\/v2\/media?parent=48136"}],"curies":[{"name":"wp","href":"https:\/\/api.w.org\/{rel}","templated":true}]}}