{"id":48035,"date":"2020-08-09T08:00:28","date_gmt":"2020-08-09T07:00:28","guid":{"rendered":"http:\/\/localhost:8000\/news\/kultura-egitaraua-zinea-musika-arteak-titere-jaialdia\/"},"modified":"2020-08-09T08:00:28","modified_gmt":"2020-08-09T07:00:28","slug":"kultura-egitaraua-zinea-musika-arteak-titere-jaialdia","status":"publish","type":"noticias","link":"https:\/\/www.baranain.es\/eu\/noticias\/kultura-egitaraua-zinea-musika-arteak-titere-jaialdia\/","title":{"rendered":"Kultura-egitaraua: ZINEA &#8211; MUSIKA\/ARTEAK &#8211; TITERE JAIALDIA."},"content":{"rendered":"<p>2020. urte honetan, Bara\u00f1aingo Udaleko Kultura Arloak 12 kultur jarduera antolatu ditu Bara\u00f1aingo gune seguruetan, edukiera mugatuarekin (eserleku mugatuak), On-line sarrerekin eta gizarte-distantziako neurriekin:<\/p>\n<ul>\n<li>\n<h3><em><span style=\"color: #0000ff\">HAURRENTZAKO ZINEMA AIRE ZABALEAN (doako sarrera librea aldez aurretik On-line hartu beharrik gabe)<\/span>, Los Sauces-Sahats Ikastetxe Publikoaren patio estalian, abuztuaren 19an, 26an eta irailaren 2an, 22:00etan.<\/em><\/h3>\n<\/li>\n<\/ul>\n<h3><\/h3>\n<ul>\n<li>\n<h3><em><span style=\"color: #800000\">MUSIKA eta beste arte batzuk (sarrera, doan, aldez aurretik On-line eskuratu beharra) ARTEArekin TERRAZA programa<\/span> Kulturgune plazan, abuztuaren 20an, 27an eta irailaren 3an, 10ean, 20:00etan.<\/em><\/h3>\n<\/li>\n<\/ul>\n<h3><\/h3>\n<ul>\n<li>\n<h3><em><span style=\"color: #008000\">Eta BARA\u00d1AINGO XXVI. TITERE JAIALDIA<\/span> <span style=\"color: #008000\">(sarrera, doan, aldez aurretik On-line eskuratu beharra), <span style=\"color: #333333\">irailaren 18tik 20ra bitartean, bi agertokietan.<\/span><\/span><\/em><\/h3>\n<\/li>\n<\/ul>\n<p>Bara\u00f1ain Auditorioko Ambigu taberna irekita egongo da Kulturgunearen plazako ikuskizunek irauten duten bitartean.<\/p>\n<p>75 urtekoek edo adin horretatik gorakoek 20 sarrera erreserbatuta izango dituzte, KOBID19aren ondorioak gehien pairatu dituztenak direlako.<\/p>\n<h1 style=\"text-align: center\"><span style=\"color: #ff0000\">ADI! ON-LINE\u00a0SARRERAK HARTZEKO (&#8220;EROSI&#8221;-n klikatu behar da, baina DOAKOAK dira), SARTU <\/span><a href=\"https:\/\/es.patronbase.com\/_AuditorioBaranainEu\/Productions\">HEMEN <\/a><\/h1>\n<h2><span style=\"color: #ff0000\"><em><strong>EGITARAUAK:<\/strong><\/em><\/span><\/h2>\n<table style=\"width: 100.26%;height: 109px;border-collapse: collapse\" border=\"1\">\n<tbody>\n<tr style=\"height: 25px\">\n<td style=\"width: 50%;height: 25px;text-align: center\"><em><strong><span style=\"color: #ff0000\">EGITARAUEN IRUDIAK:<\/span><\/strong><\/em><\/td>\n<td style=\"width: 50%;height: 25px\">\n<p style=\"text-align: center\"><strong><em><span style=\"color: #ff0000\">EGITARAUEN EDUKIAK (sarrerak hartzeko jarraibideekin):<\/span><\/em><\/strong><\/p>\n<\/td>\n<\/tr>\n<tr style=\"height: 25px\">\n<td style=\"width: 50%;height: 25px\"><a href=\"http:\/\/localhost:8000\/wp-content\/uploads\/2020\/07\/CUL-CineVerano2020.png\"><img loading=\"lazy\" decoding=\"async\" class=\"wp-image-30415 aligncenter\" src=\"http:\/\/localhost:8000\/wp-content\/uploads\/2020\/07\/CUL-CineVerano2020.png\" alt=\"\" width=\"296\" height=\"420\" srcset=\"https:\/\/www.baranain.es\/wp-content\/uploads\/2020\/07\/CUL-CineVerano2020.png 817w, https:\/\/www.baranain.es\/wp-content\/uploads\/2020\/07\/CUL-CineVerano2020-211x300.png 211w, https:\/\/www.baranain.es\/wp-content\/uploads\/2020\/07\/CUL-CineVerano2020-768x1090.png 768w, https:\/\/www.baranain.es\/wp-content\/uploads\/2020\/07\/CUL-CineVerano2020-721x1024.png 721w, https:\/\/www.baranain.es\/wp-content\/uploads\/2020\/07\/CUL-CineVerano2020-300x426.png 300w\" sizes=\"(max-width: 296px) 100vw, 296px\" \/><\/a><\/td>\n<td style=\"width: 50%;height: 25px\">\n<h2 style=\"text-align: center\"><a href=\"http:\/\/www.baranain.es\/wp-content\/uploads\/2020\/07\/CUL-.DEF-cine-2020-comprimido.pdf\">AIRE ZABALEKO ZINEMA egitaraua-sinopsiak<\/a><\/h2>\n<p style=\"text-align: center\">(Sarbide librea, doan, SARRERArik gabe)<\/p>\n<\/td>\n<\/tr>\n<tr style=\"height: 25px\">\n<td style=\"width: 50%;height: 25px;text-align: center\"><a href=\"http:\/\/www.baranain.es\/wp-content\/uploads\/2020\/07\/CUL-TERRAZAconARTE2020.png\"><img loading=\"lazy\" decoding=\"async\" class=\"alignnone wp-image-30418\" src=\"http:\/\/www.baranain.es\/wp-content\/uploads\/2020\/07\/CUL-TERRAZAconARTE2020.png\" alt=\"\" width=\"294\" height=\"418\" \/><\/a><\/td>\n<td style=\"width: 50%;height: 25px\">\n<h2 style=\"text-align: center\"><a href=\"http:\/\/www.baranain.es\/wp-content\/uploads\/2020\/07\/CUL-DEF-TERRAZAconARTE-2020_compressed.pdf\">ARTEarekin TERRAZA egitaraua<\/a><\/h2>\n<h3 style=\"text-align: center\"><a href=\"http:\/\/www.baranain.es\/wp-content\/uploads\/2020\/07\/CUL-Sinopsis-TerrazaConArte2020Baranain.pdf\">ARTEarekin TERRAZA sinopsiak<\/a><\/h3>\n<p style=\"text-align: center\">(SARRERAK -doan- <strong><span style=\"color: #993366\">ABUZTUAREN 1etik <\/span><\/strong><span style=\"color: #993366\"><span style=\"color: #333333\">AURRERA<\/span><\/span>)<\/p>\n<\/td>\n<\/tr>\n<tr style=\"height: 25px\">\n<td style=\"width: 50%;height: 25px\"><a href=\"http:\/\/www.baranain.es\/wp-content\/uploads\/2020\/07\/CUL-FestivalTiteres2020.png\"><img loading=\"lazy\" decoding=\"async\" class=\"wp-image-30417 aligncenter\" src=\"http:\/\/www.baranain.es\/wp-content\/uploads\/2020\/07\/CUL-FestivalTiteres2020.png\" alt=\"\" width=\"352\" height=\"506\" \/><\/a><\/td>\n<td style=\"width: 50%;height: 25px\">\n<h2 style=\"text-align: center\"><a href=\"http:\/\/www.baranain.es\/wp-content\/uploads\/2020\/09\/CUL-DEF-PROGRAMA-FESTIVAL-TITERES-2020.pdf\">TITERE JAIALDIA egitaraua-sinopsiak<\/a><\/h2>\n<p style=\"text-align: center\">(SARRERAK -doan- <strong><span style=\"color: #008000\">ABUZTUAREN 18tik<\/span> <\/strong>AURRERA)<\/p>\n<p>&nbsp;<\/p>\n<p>&nbsp;<\/td>\n<\/tr>\n<\/tbody>\n<\/table>\n<p>&nbsp;<\/p>\n<p><img loading=\"lazy\" decoding=\"async\" class=\"size-full wp-image-30409 aligncenter\" src=\"http:\/\/localhost:8000\/wp-content\/uploads\/2020\/07\/CUL-1-PROGRAMA-VERANO-2020.jpg\" alt=\"\" width=\"1024\" height=\"768\" srcset=\"https:\/\/www.baranain.es\/wp-content\/uploads\/2020\/07\/CUL-1-PROGRAMA-VERANO-2020.jpg 1024w, https:\/\/www.baranain.es\/wp-content\/uploads\/2020\/07\/CUL-1-PROGRAMA-VERANO-2020-300x225.jpg 300w, https:\/\/www.baranain.es\/wp-content\/uploads\/2020\/07\/CUL-1-PROGRAMA-VERANO-2020-768x576.jpg 768w\" sizes=\"(max-width: 1024px) 100vw, 1024px\" \/><\/p>\n<p>&nbsp;<\/p>\n","protected":false},"author":19020,"featured_media":46747,"comment_status":"closed","ping_status":"closed","template":"","format":"standard","meta":{"_wpml_word_count":["{\"total\":0,\"to_translate\":{\"eu\":201,\"es\":201}}"],"imagensli":["http:\/\/www.baranain.es\/wp-content\/uploads\/sites\/29\/2020\/08\/CUL-webSlider12activ2020.png"],"imagenslia":["http:\/\/www.baranain.es\/wp-content\/uploads\/sites\/29\/2020\/08\/CUL-webSlider12activ2020.png"],"subti":[""],"_wpml_media_featured":["1"],"_wpml_media_duplicate":["1"],"_thumbnail_id":["46747"],"_last_translation_edit_mode":["translation-editor"],"_qt_imported":["from-30717"],"sbg_selected_sidebar":["s:18:\"a:1:{i:0;s:1:\"0\";}\";"],"sbg_selected_sidebar_replacement":["s:17:\"a:1:{i:0;s:0:\"\";}\";"],"sbg_selected_sidebar_2":["s:18:\"a:1:{i:0;s:1:\"0\";}\";"],"sbg_selected_sidebar_2_replacement":["s:17:\"a:1:{i:0;s:0:\"\";}\";"],"_qt_links_fixed":["1"]},"yoast_head":"<!-- This site is optimized with the Yoast SEO plugin v22.3 - https:\/\/yoast.com\/wordpress\/plugins\/seo\/ -->\r\n<title>Kultura-egitaraua: ZINEA - MUSIKA\/ARTEAK - TITERE JAIALDIA. - Ayuntamiento de Bara\u00f1ain\/Bara\u00f1aingo Udala<\/title>\r\n<meta name=\"robots\" content=\"index, follow, max-snippet:-1, max-image-preview:large, max-video-preview:-1\" \/>\r\n<link rel=\"canonical\" href=\"https:\/\/www.baranain.es\/eu\/noticias\/kultura-egitaraua-zinea-musika-arteak-titere-jaialdia\/\" \/>\r\n<meta property=\"og:locale\" content=\"eu_ES\" \/>\r\n<meta property=\"og:type\" content=\"article\" \/>\r\n<meta property=\"og:title\" content=\"Kultura-egitaraua: ZINEA - MUSIKA\/ARTEAK - TITERE JAIALDIA. - Ayuntamiento de Bara\u00f1ain\/Bara\u00f1aingo Udala\" \/>\r\n<meta property=\"og:description\" content=\"2020. urte honetan, Bara\u00f1aingo Udaleko Kultura Arloak 12 kultur jarduera antolatu ditu Bara\u00f1aingo gune seguruetan, edukiera mugatuarekin (eserleku mugatuak), On-line sarrerekin eta gizarte-distantziako neurriekin: HAURRENTZAKO ZINEMA AIRE ZABALEAN (doako sarrera librea aldez aurretik On-line hartu beharrik gabe), Los Sauces-Sahats Ikastetxe Publikoaren patio estalian, abuztuaren 19an, 26an eta irailaren 2an, 22:00etan. MUSIKA eta beste arte batzuk [&hellip;]\" \/>\r\n<meta property=\"og:url\" content=\"https:\/\/www.baranain.es\/eu\/noticias\/kultura-egitaraua-zinea-musika-arteak-titere-jaialdia\/\" \/>\r\n<meta property=\"og:site_name\" content=\"Ayuntamiento de Bara\u00f1ain\/Bara\u00f1aingo Udala\" \/>\r\n<meta property=\"og:image\" content=\"https:\/\/www.baranain.es\/wp-content\/uploads\/2020\/07\/CUL-2-Cabecera-PROGRAMA-VERANO-2020.png\" \/>\r\n\t<meta property=\"og:image:width\" content=\"720\" \/>\r\n\t<meta property=\"og:image:height\" content=\"340\" \/>\r\n\t<meta property=\"og:image:type\" content=\"image\/png\" \/>\r\n<meta name=\"twitter:card\" content=\"summary_large_image\" \/>\r\n<meta name=\"twitter:label1\" content=\"Est. reading time\" \/>\n\t<meta name=\"twitter:data1\" content=\"1 minute\" \/>\r\n<script type=\"application\/ld+json\" class=\"yoast-schema-graph\">{\"@context\":\"https:\/\/schema.org\",\"@graph\":[{\"@type\":\"WebPage\",\"@id\":\"https:\/\/www.baranain.es\/eu\/noticias\/kultura-egitaraua-zinea-musika-arteak-titere-jaialdia\/\",\"url\":\"https:\/\/www.baranain.es\/eu\/noticias\/kultura-egitaraua-zinea-musika-arteak-titere-jaialdia\/\",\"name\":\"Kultura-egitaraua: ZINEA - MUSIKA\/ARTEAK - TITERE JAIALDIA. - Ayuntamiento de Bara\u00f1ain\/Bara\u00f1aingo Udala\",\"isPartOf\":{\"@id\":\"https:\/\/www.baranain.es\/eu\/#website\"},\"primaryImageOfPage\":{\"@id\":\"https:\/\/www.baranain.es\/eu\/noticias\/kultura-egitaraua-zinea-musika-arteak-titere-jaialdia\/#primaryimage\"},\"image\":{\"@id\":\"https:\/\/www.baranain.es\/eu\/noticias\/kultura-egitaraua-zinea-musika-arteak-titere-jaialdia\/#primaryimage\"},\"thumbnailUrl\":\"https:\/\/www.baranain.es\/wp-content\/uploads\/2020\/07\/CUL-2-Cabecera-PROGRAMA-VERANO-2020.png\",\"datePublished\":\"2020-08-09T07:00:28+00:00\",\"dateModified\":\"2020-08-09T07:00:28+00:00\",\"breadcrumb\":{\"@id\":\"https:\/\/www.baranain.es\/eu\/noticias\/kultura-egitaraua-zinea-musika-arteak-titere-jaialdia\/#breadcrumb\"},\"inLanguage\":\"eu-ES\",\"potentialAction\":[{\"@type\":\"ReadAction\",\"target\":[\"https:\/\/www.baranain.es\/eu\/noticias\/kultura-egitaraua-zinea-musika-arteak-titere-jaialdia\/\"]}]},{\"@type\":\"ImageObject\",\"inLanguage\":\"eu-ES\",\"@id\":\"https:\/\/www.baranain.es\/eu\/noticias\/kultura-egitaraua-zinea-musika-arteak-titere-jaialdia\/#primaryimage\",\"url\":\"https:\/\/www.baranain.es\/wp-content\/uploads\/2020\/07\/CUL-2-Cabecera-PROGRAMA-VERANO-2020.png\",\"contentUrl\":\"https:\/\/www.baranain.es\/wp-content\/uploads\/2020\/07\/CUL-2-Cabecera-PROGRAMA-VERANO-2020.png\",\"width\":720,\"height\":340},{\"@type\":\"BreadcrumbList\",\"@id\":\"https:\/\/www.baranain.es\/eu\/noticias\/kultura-egitaraua-zinea-musika-arteak-titere-jaialdia\/#breadcrumb\",\"itemListElement\":[{\"@type\":\"ListItem\",\"position\":1,\"name\":\"Home\",\"item\":\"https:\/\/www.baranain.es\/eu\/\"},{\"@type\":\"ListItem\",\"position\":2,\"name\":\"Albisteak\",\"item\":\"https:\/\/www.baranain.es\/eu\/noticias\/\"},{\"@type\":\"ListItem\",\"position\":3,\"name\":\"Kultura-egitaraua: ZINEA &#8211; MUSIKA\/ARTEAK &#8211; TITERE JAIALDIA.\"}]},{\"@type\":\"WebSite\",\"@id\":\"https:\/\/www.baranain.es\/eu\/#website\",\"url\":\"https:\/\/www.baranain.es\/eu\/\",\"name\":\"Ayuntamiento de Bara\u00f1ain\/Bara\u00f1aingo Udala\",\"description\":\"Ayuntamiento de Bara\u00f1ain\/Bara\u00f1aingo Udala\",\"potentialAction\":[{\"@type\":\"SearchAction\",\"target\":{\"@type\":\"EntryPoint\",\"urlTemplate\":\"https:\/\/www.baranain.es\/eu\/?s={search_term_string}\"},\"query-input\":\"required name=search_term_string\"}],\"inLanguage\":\"eu-ES\"}]}<\/script>\r\n<!-- \/ Yoast SEO plugin. -->","yoast_head_json":{"title":"Kultura-egitaraua: ZINEA - MUSIKA\/ARTEAK - TITERE JAIALDIA. - Ayuntamiento de Bara\u00f1ain\/Bara\u00f1aingo Udala","robots":{"index":"index","follow":"follow","max-snippet":"max-snippet:-1","max-image-preview":"max-image-preview:large","max-video-preview":"max-video-preview:-1"},"canonical":"https:\/\/www.baranain.es\/eu\/noticias\/kultura-egitaraua-zinea-musika-arteak-titere-jaialdia\/","og_locale":"eu_ES","og_type":"article","og_title":"Kultura-egitaraua: ZINEA - MUSIKA\/ARTEAK - TITERE JAIALDIA. - Ayuntamiento de Bara\u00f1ain\/Bara\u00f1aingo Udala","og_description":"2020. urte honetan, Bara\u00f1aingo Udaleko Kultura Arloak 12 kultur jarduera antolatu ditu Bara\u00f1aingo gune seguruetan, edukiera mugatuarekin (eserleku mugatuak), On-line sarrerekin eta gizarte-distantziako neurriekin: HAURRENTZAKO ZINEMA AIRE ZABALEAN (doako sarrera librea aldez aurretik On-line hartu beharrik gabe), Los Sauces-Sahats Ikastetxe Publikoaren patio estalian, abuztuaren 19an, 26an eta irailaren 2an, 22:00etan. MUSIKA eta beste arte batzuk [&hellip;]","og_url":"https:\/\/www.baranain.es\/eu\/noticias\/kultura-egitaraua-zinea-musika-arteak-titere-jaialdia\/","og_site_name":"Ayuntamiento de Bara\u00f1ain\/Bara\u00f1aingo Udala","og_image":[{"width":720,"height":340,"url":"https:\/\/www.baranain.es\/wp-content\/uploads\/2020\/07\/CUL-2-Cabecera-PROGRAMA-VERANO-2020.png","type":"image\/png"}],"twitter_card":"summary_large_image","twitter_misc":{"Est. reading time":"1 minute"},"schema":{"@context":"https:\/\/schema.org","@graph":[{"@type":"WebPage","@id":"https:\/\/www.baranain.es\/eu\/noticias\/kultura-egitaraua-zinea-musika-arteak-titere-jaialdia\/","url":"https:\/\/www.baranain.es\/eu\/noticias\/kultura-egitaraua-zinea-musika-arteak-titere-jaialdia\/","name":"Kultura-egitaraua: ZINEA - MUSIKA\/ARTEAK - TITERE JAIALDIA. - Ayuntamiento de Bara\u00f1ain\/Bara\u00f1aingo Udala","isPartOf":{"@id":"https:\/\/www.baranain.es\/eu\/#website"},"primaryImageOfPage":{"@id":"https:\/\/www.baranain.es\/eu\/noticias\/kultura-egitaraua-zinea-musika-arteak-titere-jaialdia\/#primaryimage"},"image":{"@id":"https:\/\/www.baranain.es\/eu\/noticias\/kultura-egitaraua-zinea-musika-arteak-titere-jaialdia\/#primaryimage"},"thumbnailUrl":"https:\/\/www.baranain.es\/wp-content\/uploads\/2020\/07\/CUL-2-Cabecera-PROGRAMA-VERANO-2020.png","datePublished":"2020-08-09T07:00:28+00:00","dateModified":"2020-08-09T07:00:28+00:00","breadcrumb":{"@id":"https:\/\/www.baranain.es\/eu\/noticias\/kultura-egitaraua-zinea-musika-arteak-titere-jaialdia\/#breadcrumb"},"inLanguage":"eu-ES","potentialAction":[{"@type":"ReadAction","target":["https:\/\/www.baranain.es\/eu\/noticias\/kultura-egitaraua-zinea-musika-arteak-titere-jaialdia\/"]}]},{"@type":"ImageObject","inLanguage":"eu-ES","@id":"https:\/\/www.baranain.es\/eu\/noticias\/kultura-egitaraua-zinea-musika-arteak-titere-jaialdia\/#primaryimage","url":"https:\/\/www.baranain.es\/wp-content\/uploads\/2020\/07\/CUL-2-Cabecera-PROGRAMA-VERANO-2020.png","contentUrl":"https:\/\/www.baranain.es\/wp-content\/uploads\/2020\/07\/CUL-2-Cabecera-PROGRAMA-VERANO-2020.png","width":720,"height":340},{"@type":"BreadcrumbList","@id":"https:\/\/www.baranain.es\/eu\/noticias\/kultura-egitaraua-zinea-musika-arteak-titere-jaialdia\/#breadcrumb","itemListElement":[{"@type":"ListItem","position":1,"name":"Home","item":"https:\/\/www.baranain.es\/eu\/"},{"@type":"ListItem","position":2,"name":"Albisteak","item":"https:\/\/www.baranain.es\/eu\/noticias\/"},{"@type":"ListItem","position":3,"name":"Kultura-egitaraua: ZINEA &#8211; MUSIKA\/ARTEAK &#8211; TITERE JAIALDIA."}]},{"@type":"WebSite","@id":"https:\/\/www.baranain.es\/eu\/#website","url":"https:\/\/www.baranain.es\/eu\/","name":"Ayuntamiento de Bara\u00f1ain\/Bara\u00f1aingo Udala","description":"Ayuntamiento de Bara\u00f1ain\/Bara\u00f1aingo Udala","potentialAction":[{"@type":"SearchAction","target":{"@type":"EntryPoint","urlTemplate":"https:\/\/www.baranain.es\/eu\/?s={search_term_string}"},"query-input":"required name=search_term_string"}],"inLanguage":"eu-ES"}]}},"_links":{"self":[{"href":"https:\/\/www.baranain.es\/eu\/wp-json\/wp\/v2\/noticias\/48035"}],"collection":[{"href":"https:\/\/www.baranain.es\/eu\/wp-json\/wp\/v2\/noticias"}],"about":[{"href":"https:\/\/www.baranain.es\/eu\/wp-json\/wp\/v2\/types\/noticias"}],"author":[{"embeddable":true,"href":"https:\/\/www.baranain.es\/eu\/wp-json\/wp\/v2\/users\/19020"}],"replies":[{"embeddable":true,"href":"https:\/\/www.baranain.es\/eu\/wp-json\/wp\/v2\/comments?post=48035"}],"wp:featuredmedia":[{"embeddable":true,"href":"https:\/\/www.baranain.es\/eu\/wp-json\/wp\/v2\/media\/46747"}],"wp:attachment":[{"href":"https:\/\/www.baranain.es\/eu\/wp-json\/wp\/v2\/media?parent=48035"}],"curies":[{"name":"wp","href":"https:\/\/api.w.org\/{rel}","templated":true}]}}