{"id":47644,"date":"2020-04-02T13:39:14","date_gmt":"2020-04-02T12:39:14","guid":{"rendered":"http:\/\/localhost:8000\/news\/balcon-cultural-de-baranaingo-kultura-balkoia-etxeko-txikienek-artea-garatzeko-proposamena\/"},"modified":"2020-04-02T13:39:14","modified_gmt":"2020-04-02T12:39:14","slug":"balcon-cultural-de-baranaingo-kultura-balkoia-etxeko-txikienek-artea-garatzeko-proposamena","status":"publish","type":"noticias","link":"https:\/\/www.baranain.es\/eu\/noticias\/balcon-cultural-de-baranaingo-kultura-balkoia-etxeko-txikienek-artea-garatzeko-proposamena\/","title":{"rendered":"&#8220;BALC\u00d3N CULTURAL de BARA\u00d1AINgo KULTURA BALKOIA&#8221;: Etxeko txikienek artea garatzeko proposamena."},"content":{"rendered":"<p>Raquel Samitier, akuarela irakasle eta Bara\u00f1aingo bizilagunak bidalitako proposamen bat iritsi zaigu etxeko txikienekin jolastu ahal izateko:<\/p>\n<p>Elkartasunezko itxialdi honetan zure seme-alabekin marraztu eta koloreztatzeko ipuina.<\/p>\n<p>Etxean deskargatu eta inprimatu daiteke, orrialde bikoitzera eta dohainik.<\/p>\n<p>Etxeko txikienek ahalik eta hoberen igaro ditzatela egun hauek.<\/p>\n<p>&nbsp;<\/p>\n<p><strong>OPORRAK ETXEAN:\u00a0<\/strong><strong><a href=\"https:\/\/www.samitierilustracion.com\/vacaciones-en-casa?lang=eu\">https:\/\/www.samitierilustracion.com\/vacaciones-en-casa?lang=eu<\/a><\/strong><\/p>\n<p>&nbsp;<\/p>\n<p>Elkarbanatu!!<\/p>\n<p>&nbsp;<\/p>\n","protected":false},"author":19020,"featured_media":47544,"comment_status":"closed","ping_status":"closed","template":"","format":"standard","meta":{"_wpml_word_count":["{\"total\":0,\"to_translate\":{\"eu\":74,\"es\":74}}"],"subti":[""],"_wpml_media_featured":["1"],"_wpml_media_duplicate":["1"],"_thumbnail_id":["47544"],"_last_translation_edit_mode":["translation-editor"],"_qt_imported":["from-26420"],"sbg_selected_sidebar":["s:18:\"a:1:{i:0;s:1:\"0\";}\";"],"sbg_selected_sidebar_replacement":["s:17:\"a:1:{i:0;s:0:\"\";}\";"],"sbg_selected_sidebar_2":["s:18:\"a:1:{i:0;s:1:\"0\";}\";"],"sbg_selected_sidebar_2_replacement":["s:17:\"a:1:{i:0;s:0:\"\";}\";"],"_qt_links_fixed":["1"]},"yoast_head":"<!-- This site is optimized with the Yoast SEO plugin v22.3 - https:\/\/yoast.com\/wordpress\/plugins\/seo\/ -->\r\n<title>&quot;BALC\u00d3N CULTURAL de BARA\u00d1AINgo KULTURA BALKOIA&quot;: Etxeko txikienek artea garatzeko proposamena. - Ayuntamiento de Bara\u00f1ain\/Bara\u00f1aingo Udala<\/title>\r\n<meta name=\"robots\" content=\"index, follow, max-snippet:-1, max-image-preview:large, max-video-preview:-1\" \/>\r\n<link rel=\"canonical\" href=\"https:\/\/www.baranain.es\/eu\/noticias\/balcon-cultural-de-baranaingo-kultura-balkoia-etxeko-txikienek-artea-garatzeko-proposamena\/\" \/>\r\n<meta property=\"og:locale\" content=\"eu_ES\" \/>\r\n<meta property=\"og:type\" content=\"article\" \/>\r\n<meta property=\"og:title\" content=\"&quot;BALC\u00d3N CULTURAL de BARA\u00d1AINgo KULTURA BALKOIA&quot;: Etxeko txikienek artea garatzeko proposamena. - Ayuntamiento de Bara\u00f1ain\/Bara\u00f1aingo Udala\" \/>\r\n<meta property=\"og:description\" content=\"Raquel Samitier, akuarela irakasle eta Bara\u00f1aingo bizilagunak bidalitako proposamen bat iritsi zaigu etxeko txikienekin jolastu ahal izateko: Elkartasunezko itxialdi honetan zure seme-alabekin marraztu eta koloreztatzeko ipuina. Etxean deskargatu eta inprimatu daiteke, orrialde bikoitzera eta dohainik. Etxeko txikienek ahalik eta hoberen igaro ditzatela egun hauek. &nbsp; OPORRAK ETXEAN:\u00a0https:\/\/www.samitierilustracion.com\/vacaciones-en-casa?lang=eu &nbsp; Elkarbanatu!! &nbsp;\" \/>\r\n<meta property=\"og:url\" content=\"https:\/\/www.baranain.es\/eu\/noticias\/balcon-cultural-de-baranaingo-kultura-balkoia-etxeko-txikienek-artea-garatzeko-proposamena\/\" \/>\r\n<meta property=\"og:site_name\" content=\"Ayuntamiento de Bara\u00f1ain\/Bara\u00f1aingo Udala\" \/>\r\n<meta property=\"og:image\" content=\"https:\/\/www.baranain.es\/wp-content\/uploads\/2020\/01\/CUL-AcuarelaUrmargoa.jpg\" \/>\r\n\t<meta property=\"og:image:width\" content=\"720\" \/>\r\n\t<meta property=\"og:image:height\" content=\"340\" \/>\r\n\t<meta property=\"og:image:type\" content=\"image\/jpeg\" \/>\r\n<meta name=\"twitter:card\" content=\"summary_large_image\" \/>\r\n<script type=\"application\/ld+json\" class=\"yoast-schema-graph\">{\"@context\":\"https:\/\/schema.org\",\"@graph\":[{\"@type\":\"WebPage\",\"@id\":\"https:\/\/www.baranain.es\/eu\/noticias\/balcon-cultural-de-baranaingo-kultura-balkoia-etxeko-txikienek-artea-garatzeko-proposamena\/\",\"url\":\"https:\/\/www.baranain.es\/eu\/noticias\/balcon-cultural-de-baranaingo-kultura-balkoia-etxeko-txikienek-artea-garatzeko-proposamena\/\",\"name\":\"\\\"BALC\u00d3N CULTURAL de BARA\u00d1AINgo KULTURA BALKOIA\\\": Etxeko txikienek artea garatzeko proposamena. - Ayuntamiento de Bara\u00f1ain\/Bara\u00f1aingo Udala\",\"isPartOf\":{\"@id\":\"https:\/\/www.baranain.es\/eu\/#website\"},\"primaryImageOfPage\":{\"@id\":\"https:\/\/www.baranain.es\/eu\/noticias\/balcon-cultural-de-baranaingo-kultura-balkoia-etxeko-txikienek-artea-garatzeko-proposamena\/#primaryimage\"},\"image\":{\"@id\":\"https:\/\/www.baranain.es\/eu\/noticias\/balcon-cultural-de-baranaingo-kultura-balkoia-etxeko-txikienek-artea-garatzeko-proposamena\/#primaryimage\"},\"thumbnailUrl\":\"https:\/\/www.baranain.es\/wp-content\/uploads\/2020\/01\/CUL-AcuarelaUrmargoa.jpg\",\"datePublished\":\"2020-04-02T12:39:14+00:00\",\"dateModified\":\"2020-04-02T12:39:14+00:00\",\"breadcrumb\":{\"@id\":\"https:\/\/www.baranain.es\/eu\/noticias\/balcon-cultural-de-baranaingo-kultura-balkoia-etxeko-txikienek-artea-garatzeko-proposamena\/#breadcrumb\"},\"inLanguage\":\"eu-ES\",\"potentialAction\":[{\"@type\":\"ReadAction\",\"target\":[\"https:\/\/www.baranain.es\/eu\/noticias\/balcon-cultural-de-baranaingo-kultura-balkoia-etxeko-txikienek-artea-garatzeko-proposamena\/\"]}]},{\"@type\":\"ImageObject\",\"inLanguage\":\"eu-ES\",\"@id\":\"https:\/\/www.baranain.es\/eu\/noticias\/balcon-cultural-de-baranaingo-kultura-balkoia-etxeko-txikienek-artea-garatzeko-proposamena\/#primaryimage\",\"url\":\"https:\/\/www.baranain.es\/wp-content\/uploads\/2020\/01\/CUL-AcuarelaUrmargoa.jpg\",\"contentUrl\":\"https:\/\/www.baranain.es\/wp-content\/uploads\/2020\/01\/CUL-AcuarelaUrmargoa.jpg\",\"width\":720,\"height\":340},{\"@type\":\"BreadcrumbList\",\"@id\":\"https:\/\/www.baranain.es\/eu\/noticias\/balcon-cultural-de-baranaingo-kultura-balkoia-etxeko-txikienek-artea-garatzeko-proposamena\/#breadcrumb\",\"itemListElement\":[{\"@type\":\"ListItem\",\"position\":1,\"name\":\"Home\",\"item\":\"https:\/\/www.baranain.es\/eu\/\"},{\"@type\":\"ListItem\",\"position\":2,\"name\":\"Albisteak\",\"item\":\"https:\/\/www.baranain.es\/eu\/noticias\/\"},{\"@type\":\"ListItem\",\"position\":3,\"name\":\"&#8220;BALC\u00d3N CULTURAL de BARA\u00d1AINgo KULTURA BALKOIA&#8221;: Etxeko txikienek artea garatzeko proposamena.\"}]},{\"@type\":\"WebSite\",\"@id\":\"https:\/\/www.baranain.es\/eu\/#website\",\"url\":\"https:\/\/www.baranain.es\/eu\/\",\"name\":\"Ayuntamiento de Bara\u00f1ain\/Bara\u00f1aingo Udala\",\"description\":\"Ayuntamiento de Bara\u00f1ain\/Bara\u00f1aingo Udala\",\"potentialAction\":[{\"@type\":\"SearchAction\",\"target\":{\"@type\":\"EntryPoint\",\"urlTemplate\":\"https:\/\/www.baranain.es\/eu\/?s={search_term_string}\"},\"query-input\":\"required name=search_term_string\"}],\"inLanguage\":\"eu-ES\"}]}<\/script>\r\n<!-- \/ Yoast SEO plugin. -->","yoast_head_json":{"title":"\"BALC\u00d3N CULTURAL de BARA\u00d1AINgo KULTURA BALKOIA\": Etxeko txikienek artea garatzeko proposamena. - Ayuntamiento de Bara\u00f1ain\/Bara\u00f1aingo Udala","robots":{"index":"index","follow":"follow","max-snippet":"max-snippet:-1","max-image-preview":"max-image-preview:large","max-video-preview":"max-video-preview:-1"},"canonical":"https:\/\/www.baranain.es\/eu\/noticias\/balcon-cultural-de-baranaingo-kultura-balkoia-etxeko-txikienek-artea-garatzeko-proposamena\/","og_locale":"eu_ES","og_type":"article","og_title":"\"BALC\u00d3N CULTURAL de BARA\u00d1AINgo KULTURA BALKOIA\": Etxeko txikienek artea garatzeko proposamena. - Ayuntamiento de Bara\u00f1ain\/Bara\u00f1aingo Udala","og_description":"Raquel Samitier, akuarela irakasle eta Bara\u00f1aingo bizilagunak bidalitako proposamen bat iritsi zaigu etxeko txikienekin jolastu ahal izateko: Elkartasunezko itxialdi honetan zure seme-alabekin marraztu eta koloreztatzeko ipuina. Etxean deskargatu eta inprimatu daiteke, orrialde bikoitzera eta dohainik. Etxeko txikienek ahalik eta hoberen igaro ditzatela egun hauek. &nbsp; OPORRAK ETXEAN:\u00a0https:\/\/www.samitierilustracion.com\/vacaciones-en-casa?lang=eu &nbsp; Elkarbanatu!! &nbsp;","og_url":"https:\/\/www.baranain.es\/eu\/noticias\/balcon-cultural-de-baranaingo-kultura-balkoia-etxeko-txikienek-artea-garatzeko-proposamena\/","og_site_name":"Ayuntamiento de Bara\u00f1ain\/Bara\u00f1aingo Udala","og_image":[{"width":720,"height":340,"url":"https:\/\/www.baranain.es\/wp-content\/uploads\/2020\/01\/CUL-AcuarelaUrmargoa.jpg","type":"image\/jpeg"}],"twitter_card":"summary_large_image","schema":{"@context":"https:\/\/schema.org","@graph":[{"@type":"WebPage","@id":"https:\/\/www.baranain.es\/eu\/noticias\/balcon-cultural-de-baranaingo-kultura-balkoia-etxeko-txikienek-artea-garatzeko-proposamena\/","url":"https:\/\/www.baranain.es\/eu\/noticias\/balcon-cultural-de-baranaingo-kultura-balkoia-etxeko-txikienek-artea-garatzeko-proposamena\/","name":"\"BALC\u00d3N CULTURAL de BARA\u00d1AINgo KULTURA BALKOIA\": Etxeko txikienek artea garatzeko proposamena. - Ayuntamiento de Bara\u00f1ain\/Bara\u00f1aingo Udala","isPartOf":{"@id":"https:\/\/www.baranain.es\/eu\/#website"},"primaryImageOfPage":{"@id":"https:\/\/www.baranain.es\/eu\/noticias\/balcon-cultural-de-baranaingo-kultura-balkoia-etxeko-txikienek-artea-garatzeko-proposamena\/#primaryimage"},"image":{"@id":"https:\/\/www.baranain.es\/eu\/noticias\/balcon-cultural-de-baranaingo-kultura-balkoia-etxeko-txikienek-artea-garatzeko-proposamena\/#primaryimage"},"thumbnailUrl":"https:\/\/www.baranain.es\/wp-content\/uploads\/2020\/01\/CUL-AcuarelaUrmargoa.jpg","datePublished":"2020-04-02T12:39:14+00:00","dateModified":"2020-04-02T12:39:14+00:00","breadcrumb":{"@id":"https:\/\/www.baranain.es\/eu\/noticias\/balcon-cultural-de-baranaingo-kultura-balkoia-etxeko-txikienek-artea-garatzeko-proposamena\/#breadcrumb"},"inLanguage":"eu-ES","potentialAction":[{"@type":"ReadAction","target":["https:\/\/www.baranain.es\/eu\/noticias\/balcon-cultural-de-baranaingo-kultura-balkoia-etxeko-txikienek-artea-garatzeko-proposamena\/"]}]},{"@type":"ImageObject","inLanguage":"eu-ES","@id":"https:\/\/www.baranain.es\/eu\/noticias\/balcon-cultural-de-baranaingo-kultura-balkoia-etxeko-txikienek-artea-garatzeko-proposamena\/#primaryimage","url":"https:\/\/www.baranain.es\/wp-content\/uploads\/2020\/01\/CUL-AcuarelaUrmargoa.jpg","contentUrl":"https:\/\/www.baranain.es\/wp-content\/uploads\/2020\/01\/CUL-AcuarelaUrmargoa.jpg","width":720,"height":340},{"@type":"BreadcrumbList","@id":"https:\/\/www.baranain.es\/eu\/noticias\/balcon-cultural-de-baranaingo-kultura-balkoia-etxeko-txikienek-artea-garatzeko-proposamena\/#breadcrumb","itemListElement":[{"@type":"ListItem","position":1,"name":"Home","item":"https:\/\/www.baranain.es\/eu\/"},{"@type":"ListItem","position":2,"name":"Albisteak","item":"https:\/\/www.baranain.es\/eu\/noticias\/"},{"@type":"ListItem","position":3,"name":"&#8220;BALC\u00d3N CULTURAL de BARA\u00d1AINgo KULTURA BALKOIA&#8221;: Etxeko txikienek artea garatzeko proposamena."}]},{"@type":"WebSite","@id":"https:\/\/www.baranain.es\/eu\/#website","url":"https:\/\/www.baranain.es\/eu\/","name":"Ayuntamiento de Bara\u00f1ain\/Bara\u00f1aingo Udala","description":"Ayuntamiento de Bara\u00f1ain\/Bara\u00f1aingo Udala","potentialAction":[{"@type":"SearchAction","target":{"@type":"EntryPoint","urlTemplate":"https:\/\/www.baranain.es\/eu\/?s={search_term_string}"},"query-input":"required name=search_term_string"}],"inLanguage":"eu-ES"}]}},"_links":{"self":[{"href":"https:\/\/www.baranain.es\/eu\/wp-json\/wp\/v2\/noticias\/47644"}],"collection":[{"href":"https:\/\/www.baranain.es\/eu\/wp-json\/wp\/v2\/noticias"}],"about":[{"href":"https:\/\/www.baranain.es\/eu\/wp-json\/wp\/v2\/types\/noticias"}],"author":[{"embeddable":true,"href":"https:\/\/www.baranain.es\/eu\/wp-json\/wp\/v2\/users\/19020"}],"replies":[{"embeddable":true,"href":"https:\/\/www.baranain.es\/eu\/wp-json\/wp\/v2\/comments?post=47644"}],"wp:featuredmedia":[{"embeddable":true,"href":"https:\/\/www.baranain.es\/eu\/wp-json\/wp\/v2\/media\/47544"}],"wp:attachment":[{"href":"https:\/\/www.baranain.es\/eu\/wp-json\/wp\/v2\/media?parent=47644"}],"curies":[{"name":"wp","href":"https:\/\/api.w.org\/{rel}","templated":true}]}}