{"id":47483,"date":"2019-12-23T08:00:47","date_gmt":"2019-12-23T07:00:47","guid":{"rendered":"http:\/\/localhost:8000\/news\/eguberri-zoriontsuak-eta-urte-berri-on\/"},"modified":"2019-12-23T08:00:47","modified_gmt":"2019-12-23T07:00:47","slug":"eguberri-zoriontsuak-eta-urte-berri-on","status":"publish","type":"noticias","link":"https:\/\/www.baranain.es\/eu\/noticias\/eguberri-zoriontsuak-eta-urte-berri-on\/","title":{"rendered":"Eguberri zoriontsuak eta Urte Berri On"},"content":{"rendered":"<h3><strong>Urte Berri On &#8211; <\/strong><strong>Feliz A\u00f1o Nuevo &#8211; Happy New Year &#8211; Bonne Ann\u00e9e &#8211; \u0449\u0430\u0441\u043b\u0438\u0432\u043e\u0433\u043e \u043d\u043e\u0432\u043e\u0433\u043e &#8211; <\/strong><strong>Feli\u00e7 Any Nou &#8211; Feliz Ano Novo &#8211; An Nou Fericit &#8211;\u00a0<\/strong> <strong>\u65b0\u5e74\u5feb\u4e50 &#8211;\u00a0 \u0633\u0646\u0629 \u062c\u062f\u064a\u062f\u0629 \u0633\u0639\u064a\u062f\u0629\u00a0 &#8211; \u0447\u0435\u0441\u0442\u0438\u0442\u0430 \u043d\u043e\u0432\u0430 \u043e\u0434\u0438\u043d\u0430<\/strong><\/h3>\n<p>&nbsp;<\/p>\n<p><img loading=\"lazy\" decoding=\"async\" class=\"aligncenter size-full wp-image-23698\" src=\"http:\/\/localhost:8000\/wp-content\/uploads\/2019\/12\/olentzaro-kantak.jpg\" alt=\"\" width=\"859\" height=\"607\" srcset=\"https:\/\/www.baranain.es\/wp-content\/uploads\/2019\/12\/olentzaro-kantak.jpg 859w, https:\/\/www.baranain.es\/wp-content\/uploads\/2019\/12\/olentzaro-kantak-300x212.jpg 300w, https:\/\/www.baranain.es\/wp-content\/uploads\/2019\/12\/olentzaro-kantak-768x543.jpg 768w\" sizes=\"(max-width: 859px) 100vw, 859px\" \/><\/p>\n","protected":false},"author":19020,"featured_media":47484,"comment_status":"closed","ping_status":"closed","template":"","format":"standard","meta":{"_wpml_word_count":["{\"total\":0,\"to_translate\":{\"eu\":44,\"es\":44}}"],"subti":[""],"_wpml_media_featured":["1"],"_wpml_media_duplicate":["1"],"_thumbnail_id":["47484"],"_last_translation_edit_mode":["translation-editor"],"_qt_imported":["from-23695"],"sbg_selected_sidebar":["s:18:\"a:1:{i:0;s:1:\"0\";}\";"],"sbg_selected_sidebar_replacement":["s:17:\"a:1:{i:0;s:0:\"\";}\";"],"sbg_selected_sidebar_2":["s:18:\"a:1:{i:0;s:1:\"0\";}\";"],"sbg_selected_sidebar_2_replacement":["s:17:\"a:1:{i:0;s:0:\"\";}\";"],"_qt_links_fixed":["1"]},"yoast_head":"<!-- This site is optimized with the Yoast SEO plugin v22.3 - https:\/\/yoast.com\/wordpress\/plugins\/seo\/ -->\r\n<title>Eguberri zoriontsuak eta Urte Berri On - Ayuntamiento de Bara\u00f1ain\/Bara\u00f1aingo Udala<\/title>\r\n<meta name=\"robots\" content=\"index, follow, max-snippet:-1, max-image-preview:large, max-video-preview:-1\" \/>\r\n<link rel=\"canonical\" href=\"https:\/\/www.baranain.es\/eu\/noticias\/eguberri-zoriontsuak-eta-urte-berri-on\/\" \/>\r\n<meta property=\"og:locale\" content=\"eu_ES\" \/>\r\n<meta property=\"og:type\" content=\"article\" \/>\r\n<meta property=\"og:title\" content=\"Eguberri zoriontsuak eta Urte Berri On - Ayuntamiento de Bara\u00f1ain\/Bara\u00f1aingo Udala\" \/>\r\n<meta property=\"og:description\" content=\"Urte Berri On &#8211; Feliz A\u00f1o Nuevo &#8211; Happy New Year &#8211; Bonne Ann\u00e9e &#8211; \u0449\u0430\u0441\u043b\u0438\u0432\u043e\u0433\u043e \u043d\u043e\u0432\u043e\u0433\u043e &#8211; Feli\u00e7 Any Nou &#8211; Feliz Ano Novo &#8211; An Nou Fericit &#8211;\u00a0 \u65b0\u5e74\u5feb\u4e50 &#8211;\u00a0 \u0633\u0646\u0629 \u062c\u062f\u064a\u062f\u0629 \u0633\u0639\u064a\u062f\u0629\u00a0 &#8211; \u0447\u0435\u0441\u0442\u0438\u0442\u0430 \u043d\u043e\u0432\u0430 \u043e\u0434\u0438\u043d\u0430 &nbsp;\" \/>\r\n<meta property=\"og:url\" content=\"https:\/\/www.baranain.es\/eu\/noticias\/eguberri-zoriontsuak-eta-urte-berri-on\/\" \/>\r\n<meta property=\"og:site_name\" content=\"Ayuntamiento de Bara\u00f1ain\/Bara\u00f1aingo Udala\" \/>\r\n<meta property=\"og:image\" content=\"https:\/\/www.baranain.es\/wp-content\/uploads\/2019\/12\/720x340-urte-berri-on.jpg\" \/>\r\n\t<meta property=\"og:image:width\" content=\"720\" \/>\r\n\t<meta property=\"og:image:height\" content=\"340\" \/>\r\n\t<meta property=\"og:image:type\" content=\"image\/jpeg\" \/>\r\n<meta name=\"twitter:card\" content=\"summary_large_image\" \/>\r\n<script type=\"application\/ld+json\" class=\"yoast-schema-graph\">{\"@context\":\"https:\/\/schema.org\",\"@graph\":[{\"@type\":\"WebPage\",\"@id\":\"https:\/\/www.baranain.es\/eu\/noticias\/eguberri-zoriontsuak-eta-urte-berri-on\/\",\"url\":\"https:\/\/www.baranain.es\/eu\/noticias\/eguberri-zoriontsuak-eta-urte-berri-on\/\",\"name\":\"Eguberri zoriontsuak eta Urte Berri On - Ayuntamiento de Bara\u00f1ain\/Bara\u00f1aingo Udala\",\"isPartOf\":{\"@id\":\"https:\/\/www.baranain.es\/eu\/#website\"},\"primaryImageOfPage\":{\"@id\":\"https:\/\/www.baranain.es\/eu\/noticias\/eguberri-zoriontsuak-eta-urte-berri-on\/#primaryimage\"},\"image\":{\"@id\":\"https:\/\/www.baranain.es\/eu\/noticias\/eguberri-zoriontsuak-eta-urte-berri-on\/#primaryimage\"},\"thumbnailUrl\":\"https:\/\/www.baranain.es\/wp-content\/uploads\/2019\/12\/720x340-urte-berri-on.jpg\",\"datePublished\":\"2019-12-23T07:00:47+00:00\",\"dateModified\":\"2019-12-23T07:00:47+00:00\",\"breadcrumb\":{\"@id\":\"https:\/\/www.baranain.es\/eu\/noticias\/eguberri-zoriontsuak-eta-urte-berri-on\/#breadcrumb\"},\"inLanguage\":\"eu-ES\",\"potentialAction\":[{\"@type\":\"ReadAction\",\"target\":[\"https:\/\/www.baranain.es\/eu\/noticias\/eguberri-zoriontsuak-eta-urte-berri-on\/\"]}]},{\"@type\":\"ImageObject\",\"inLanguage\":\"eu-ES\",\"@id\":\"https:\/\/www.baranain.es\/eu\/noticias\/eguberri-zoriontsuak-eta-urte-berri-on\/#primaryimage\",\"url\":\"https:\/\/www.baranain.es\/wp-content\/uploads\/2019\/12\/720x340-urte-berri-on.jpg\",\"contentUrl\":\"https:\/\/www.baranain.es\/wp-content\/uploads\/2019\/12\/720x340-urte-berri-on.jpg\",\"width\":720,\"height\":340},{\"@type\":\"BreadcrumbList\",\"@id\":\"https:\/\/www.baranain.es\/eu\/noticias\/eguberri-zoriontsuak-eta-urte-berri-on\/#breadcrumb\",\"itemListElement\":[{\"@type\":\"ListItem\",\"position\":1,\"name\":\"Home\",\"item\":\"https:\/\/www.baranain.es\/eu\/\"},{\"@type\":\"ListItem\",\"position\":2,\"name\":\"Albisteak\",\"item\":\"https:\/\/www.baranain.es\/eu\/noticias\/\"},{\"@type\":\"ListItem\",\"position\":3,\"name\":\"Eguberri zoriontsuak eta Urte Berri On\"}]},{\"@type\":\"WebSite\",\"@id\":\"https:\/\/www.baranain.es\/eu\/#website\",\"url\":\"https:\/\/www.baranain.es\/eu\/\",\"name\":\"Ayuntamiento de Bara\u00f1ain\/Bara\u00f1aingo Udala\",\"description\":\"Ayuntamiento de Bara\u00f1ain\/Bara\u00f1aingo Udala\",\"potentialAction\":[{\"@type\":\"SearchAction\",\"target\":{\"@type\":\"EntryPoint\",\"urlTemplate\":\"https:\/\/www.baranain.es\/eu\/?s={search_term_string}\"},\"query-input\":\"required name=search_term_string\"}],\"inLanguage\":\"eu-ES\"}]}<\/script>\r\n<!-- \/ Yoast SEO plugin. -->","yoast_head_json":{"title":"Eguberri zoriontsuak eta Urte Berri On - Ayuntamiento de Bara\u00f1ain\/Bara\u00f1aingo Udala","robots":{"index":"index","follow":"follow","max-snippet":"max-snippet:-1","max-image-preview":"max-image-preview:large","max-video-preview":"max-video-preview:-1"},"canonical":"https:\/\/www.baranain.es\/eu\/noticias\/eguberri-zoriontsuak-eta-urte-berri-on\/","og_locale":"eu_ES","og_type":"article","og_title":"Eguberri zoriontsuak eta Urte Berri On - Ayuntamiento de Bara\u00f1ain\/Bara\u00f1aingo Udala","og_description":"Urte Berri On &#8211; Feliz A\u00f1o Nuevo &#8211; Happy New Year &#8211; Bonne Ann\u00e9e &#8211; \u0449\u0430\u0441\u043b\u0438\u0432\u043e\u0433\u043e \u043d\u043e\u0432\u043e\u0433\u043e &#8211; Feli\u00e7 Any Nou &#8211; Feliz Ano Novo &#8211; An Nou Fericit &#8211;\u00a0 \u65b0\u5e74\u5feb\u4e50 &#8211;\u00a0 \u0633\u0646\u0629 \u062c\u062f\u064a\u062f\u0629 \u0633\u0639\u064a\u062f\u0629\u00a0 &#8211; \u0447\u0435\u0441\u0442\u0438\u0442\u0430 \u043d\u043e\u0432\u0430 \u043e\u0434\u0438\u043d\u0430 &nbsp;","og_url":"https:\/\/www.baranain.es\/eu\/noticias\/eguberri-zoriontsuak-eta-urte-berri-on\/","og_site_name":"Ayuntamiento de Bara\u00f1ain\/Bara\u00f1aingo Udala","og_image":[{"width":720,"height":340,"url":"https:\/\/www.baranain.es\/wp-content\/uploads\/2019\/12\/720x340-urte-berri-on.jpg","type":"image\/jpeg"}],"twitter_card":"summary_large_image","schema":{"@context":"https:\/\/schema.org","@graph":[{"@type":"WebPage","@id":"https:\/\/www.baranain.es\/eu\/noticias\/eguberri-zoriontsuak-eta-urte-berri-on\/","url":"https:\/\/www.baranain.es\/eu\/noticias\/eguberri-zoriontsuak-eta-urte-berri-on\/","name":"Eguberri zoriontsuak eta Urte Berri On - Ayuntamiento de Bara\u00f1ain\/Bara\u00f1aingo Udala","isPartOf":{"@id":"https:\/\/www.baranain.es\/eu\/#website"},"primaryImageOfPage":{"@id":"https:\/\/www.baranain.es\/eu\/noticias\/eguberri-zoriontsuak-eta-urte-berri-on\/#primaryimage"},"image":{"@id":"https:\/\/www.baranain.es\/eu\/noticias\/eguberri-zoriontsuak-eta-urte-berri-on\/#primaryimage"},"thumbnailUrl":"https:\/\/www.baranain.es\/wp-content\/uploads\/2019\/12\/720x340-urte-berri-on.jpg","datePublished":"2019-12-23T07:00:47+00:00","dateModified":"2019-12-23T07:00:47+00:00","breadcrumb":{"@id":"https:\/\/www.baranain.es\/eu\/noticias\/eguberri-zoriontsuak-eta-urte-berri-on\/#breadcrumb"},"inLanguage":"eu-ES","potentialAction":[{"@type":"ReadAction","target":["https:\/\/www.baranain.es\/eu\/noticias\/eguberri-zoriontsuak-eta-urte-berri-on\/"]}]},{"@type":"ImageObject","inLanguage":"eu-ES","@id":"https:\/\/www.baranain.es\/eu\/noticias\/eguberri-zoriontsuak-eta-urte-berri-on\/#primaryimage","url":"https:\/\/www.baranain.es\/wp-content\/uploads\/2019\/12\/720x340-urte-berri-on.jpg","contentUrl":"https:\/\/www.baranain.es\/wp-content\/uploads\/2019\/12\/720x340-urte-berri-on.jpg","width":720,"height":340},{"@type":"BreadcrumbList","@id":"https:\/\/www.baranain.es\/eu\/noticias\/eguberri-zoriontsuak-eta-urte-berri-on\/#breadcrumb","itemListElement":[{"@type":"ListItem","position":1,"name":"Home","item":"https:\/\/www.baranain.es\/eu\/"},{"@type":"ListItem","position":2,"name":"Albisteak","item":"https:\/\/www.baranain.es\/eu\/noticias\/"},{"@type":"ListItem","position":3,"name":"Eguberri zoriontsuak eta Urte Berri On"}]},{"@type":"WebSite","@id":"https:\/\/www.baranain.es\/eu\/#website","url":"https:\/\/www.baranain.es\/eu\/","name":"Ayuntamiento de Bara\u00f1ain\/Bara\u00f1aingo Udala","description":"Ayuntamiento de Bara\u00f1ain\/Bara\u00f1aingo Udala","potentialAction":[{"@type":"SearchAction","target":{"@type":"EntryPoint","urlTemplate":"https:\/\/www.baranain.es\/eu\/?s={search_term_string}"},"query-input":"required name=search_term_string"}],"inLanguage":"eu-ES"}]}},"_links":{"self":[{"href":"https:\/\/www.baranain.es\/eu\/wp-json\/wp\/v2\/noticias\/47483"}],"collection":[{"href":"https:\/\/www.baranain.es\/eu\/wp-json\/wp\/v2\/noticias"}],"about":[{"href":"https:\/\/www.baranain.es\/eu\/wp-json\/wp\/v2\/types\/noticias"}],"author":[{"embeddable":true,"href":"https:\/\/www.baranain.es\/eu\/wp-json\/wp\/v2\/users\/19020"}],"replies":[{"embeddable":true,"href":"https:\/\/www.baranain.es\/eu\/wp-json\/wp\/v2\/comments?post=47483"}],"wp:featuredmedia":[{"embeddable":true,"href":"https:\/\/www.baranain.es\/eu\/wp-json\/wp\/v2\/media\/47484"}],"wp:attachment":[{"href":"https:\/\/www.baranain.es\/eu\/wp-json\/wp\/v2\/media?parent=47483"}],"curies":[{"name":"wp","href":"https:\/\/api.w.org\/{rel}","templated":true}]}}