{"id":47288,"date":"2019-09-04T08:46:49","date_gmt":"2019-09-04T07:46:49","guid":{"rendered":"http:\/\/localhost:8000\/news\/iii-artisau-garagardo-eta-galiziako-olagarro-azoka-baranain-2019\/"},"modified":"2019-09-04T08:46:49","modified_gmt":"2019-09-04T07:46:49","slug":"iii-artisau-garagardo-eta-galiziako-olagarro-azoka-baranain-2019","status":"publish","type":"noticias","link":"https:\/\/www.baranain.es\/eu\/noticias\/iii-artisau-garagardo-eta-galiziako-olagarro-azoka-baranain-2019\/","title":{"rendered":"III Artisau-garagardo eta galiziako olagarro azoka (Bara\u00f1ain 2019)"},"content":{"rendered":"<table>\n<tbody>\n<tr>\n<td>\n<p><strong>ARTISAU-GARAGARDOA eta GALIZIAKO OLAGARROAREN 3. AZOKA IRITSI DA BARA\u00d1AINERA <\/strong><\/p>\n<p><strong>Galizia, Madril, Aragoi eta Nafarroako 8 ekoizle izango ditugu Bara\u00f1aingo III. Artisau-garagardo eta Galiziako olagarro Azokan. Iraileko lehenengo asteburuan ospatuko da, Udaletxe plazan, eta estilo ezberdinetako 40 garagardo baino gehiago dastatzerik izango dituzue.<\/strong><\/p>\n<p>Bara\u00f1aingo III. Artisau-garagardo eta Galiziako olagarro Azoka irailaren lehenengo asteburuan ospatuko da, eta Galizia, Madril, Aragoi eta Nafarroako zortzi ekoizlek hartuko dute parte bertan, Adiccag elkartearen eta Bara\u00f1aingo Udalaren laguntzarekin. Zehazki, irailaren 6, 7 eta 8an; eta sarrera doan izanen jende guztiarentzat, askotariko garagardoak dastatzeko aukerarekin, 40 baino gehiago. Brew&amp;Roll dugu horietako bat, Bara\u00f1aingo garagardo ekoizlea eta azokaren antolatzaileetako bat.<\/td>\n<\/tr>\n<\/tbody>\n<\/table>\n<p>Nafarroako ordezkari gisa arituko direnak: Brew&amp;Roll bara\u00f1aindarra (parte-hartzaile eta antolatzailea), eta beste hiru ekoizle nafarrak (Morlaco Beer, Biribil Brewing eta Maiku Brewing). Madrildik etorriko direnak: La Verbena eta Castiza. Galiziatik berriz Monte Rei etorriko da. Eta, azkenik, Aragoitik Tensina garagardoa jarriko dute, Tena bailarakoa. Horrekin guztiarekin batera, eta garagardoen karparen ondoan, Galiziako olagarroarekin salmahaia jarriko dute, azoka estiloan, galiziako enpanada, lakon egosia eta muskuiluak lurrunetan ere bai.<\/p>\n","protected":false},"author":19020,"featured_media":0,"comment_status":"closed","ping_status":"closed","template":"","format":"standard","meta":{"_wpml_word_count":["{\"total\":0,\"to_translate\":{\"eu\":191,\"es\":191}}"],"subti":[""],"_wpml_media_featured":["1"],"_wpml_media_duplicate":["1"],"_last_translation_edit_mode":["translation-editor"],"_qt_imported":["from-20987"],"sbg_selected_sidebar":["s:18:\"a:1:{i:0;s:1:\"0\";}\";"],"sbg_selected_sidebar_replacement":["s:17:\"a:1:{i:0;s:0:\"\";}\";"],"sbg_selected_sidebar_2":["s:18:\"a:1:{i:0;s:1:\"0\";}\";"],"sbg_selected_sidebar_2_replacement":["s:17:\"a:1:{i:0;s:0:\"\";}\";"],"_qt_links_fixed":["1"]},"yoast_head":"<!-- This site is optimized with the Yoast SEO plugin v22.3 - https:\/\/yoast.com\/wordpress\/plugins\/seo\/ -->\r\n<title>III Artisau-garagardo eta galiziako olagarro azoka (Bara\u00f1ain 2019) - Ayuntamiento de Bara\u00f1ain\/Bara\u00f1aingo Udala<\/title>\r\n<meta name=\"robots\" content=\"index, follow, max-snippet:-1, max-image-preview:large, max-video-preview:-1\" \/>\r\n<link rel=\"canonical\" href=\"https:\/\/www.baranain.es\/eu\/noticias\/iii-artisau-garagardo-eta-galiziako-olagarro-azoka-baranain-2019\/\" \/>\r\n<meta property=\"og:locale\" content=\"eu_ES\" \/>\r\n<meta property=\"og:type\" content=\"article\" \/>\r\n<meta property=\"og:title\" content=\"III Artisau-garagardo eta galiziako olagarro azoka (Bara\u00f1ain 2019) - Ayuntamiento de Bara\u00f1ain\/Bara\u00f1aingo Udala\" \/>\r\n<meta property=\"og:description\" content=\"ARTISAU-GARAGARDOA eta GALIZIAKO OLAGARROAREN 3. AZOKA IRITSI DA BARA\u00d1AINERA Galizia, Madril, Aragoi eta Nafarroako 8 ekoizle izango ditugu Bara\u00f1aingo III. Artisau-garagardo eta Galiziako olagarro Azokan. Iraileko lehenengo asteburuan ospatuko da, Udaletxe plazan, eta estilo ezberdinetako 40 garagardo baino gehiago dastatzerik izango dituzue. Bara\u00f1aingo III. Artisau-garagardo eta Galiziako olagarro Azoka irailaren lehenengo asteburuan ospatuko da, eta [&hellip;]\" \/>\r\n<meta property=\"og:url\" content=\"https:\/\/www.baranain.es\/eu\/noticias\/iii-artisau-garagardo-eta-galiziako-olagarro-azoka-baranain-2019\/\" \/>\r\n<meta property=\"og:site_name\" content=\"Ayuntamiento de Bara\u00f1ain\/Bara\u00f1aingo Udala\" \/>\r\n<meta property=\"og:image\" content=\"https:\/\/www.baranain.es\/wp-content\/uploads\/2019\/09\/COM-CARTEL-FERIA-CERV-720X340.jpg\" \/>\r\n\t<meta property=\"og:image:width\" content=\"720\" \/>\r\n\t<meta property=\"og:image:height\" content=\"340\" \/>\r\n\t<meta property=\"og:image:type\" content=\"image\/jpeg\" \/>\r\n<meta name=\"twitter:card\" content=\"summary_large_image\" \/>\r\n<meta name=\"twitter:label1\" content=\"Est. reading time\" \/>\n\t<meta name=\"twitter:data1\" content=\"1 minute\" \/>\r\n<script type=\"application\/ld+json\" class=\"yoast-schema-graph\">{\"@context\":\"https:\/\/schema.org\",\"@graph\":[{\"@type\":\"WebPage\",\"@id\":\"https:\/\/www.baranain.es\/eu\/noticias\/iii-artisau-garagardo-eta-galiziako-olagarro-azoka-baranain-2019\/\",\"url\":\"https:\/\/www.baranain.es\/eu\/noticias\/iii-artisau-garagardo-eta-galiziako-olagarro-azoka-baranain-2019\/\",\"name\":\"III Artisau-garagardo eta galiziako olagarro azoka (Bara\u00f1ain 2019) - Ayuntamiento de Bara\u00f1ain\/Bara\u00f1aingo Udala\",\"isPartOf\":{\"@id\":\"https:\/\/www.baranain.es\/eu\/#website\"},\"datePublished\":\"2019-09-04T07:46:49+00:00\",\"dateModified\":\"2019-09-04T07:46:49+00:00\",\"breadcrumb\":{\"@id\":\"https:\/\/www.baranain.es\/eu\/noticias\/iii-artisau-garagardo-eta-galiziako-olagarro-azoka-baranain-2019\/#breadcrumb\"},\"inLanguage\":\"eu-ES\",\"potentialAction\":[{\"@type\":\"ReadAction\",\"target\":[\"https:\/\/www.baranain.es\/eu\/noticias\/iii-artisau-garagardo-eta-galiziako-olagarro-azoka-baranain-2019\/\"]}]},{\"@type\":\"BreadcrumbList\",\"@id\":\"https:\/\/www.baranain.es\/eu\/noticias\/iii-artisau-garagardo-eta-galiziako-olagarro-azoka-baranain-2019\/#breadcrumb\",\"itemListElement\":[{\"@type\":\"ListItem\",\"position\":1,\"name\":\"Home\",\"item\":\"https:\/\/www.baranain.es\/eu\/\"},{\"@type\":\"ListItem\",\"position\":2,\"name\":\"Albisteak\",\"item\":\"https:\/\/www.baranain.es\/eu\/noticias\/\"},{\"@type\":\"ListItem\",\"position\":3,\"name\":\"III Artisau-garagardo eta galiziako olagarro azoka (Bara\u00f1ain 2019)\"}]},{\"@type\":\"WebSite\",\"@id\":\"https:\/\/www.baranain.es\/eu\/#website\",\"url\":\"https:\/\/www.baranain.es\/eu\/\",\"name\":\"Ayuntamiento de Bara\u00f1ain\/Bara\u00f1aingo Udala\",\"description\":\"Ayuntamiento de Bara\u00f1ain\/Bara\u00f1aingo Udala\",\"potentialAction\":[{\"@type\":\"SearchAction\",\"target\":{\"@type\":\"EntryPoint\",\"urlTemplate\":\"https:\/\/www.baranain.es\/eu\/?s={search_term_string}\"},\"query-input\":\"required name=search_term_string\"}],\"inLanguage\":\"eu-ES\"}]}<\/script>\r\n<!-- \/ Yoast SEO plugin. -->","yoast_head_json":{"title":"III Artisau-garagardo eta galiziako olagarro azoka (Bara\u00f1ain 2019) - Ayuntamiento de Bara\u00f1ain\/Bara\u00f1aingo Udala","robots":{"index":"index","follow":"follow","max-snippet":"max-snippet:-1","max-image-preview":"max-image-preview:large","max-video-preview":"max-video-preview:-1"},"canonical":"https:\/\/www.baranain.es\/eu\/noticias\/iii-artisau-garagardo-eta-galiziako-olagarro-azoka-baranain-2019\/","og_locale":"eu_ES","og_type":"article","og_title":"III Artisau-garagardo eta galiziako olagarro azoka (Bara\u00f1ain 2019) - Ayuntamiento de Bara\u00f1ain\/Bara\u00f1aingo Udala","og_description":"ARTISAU-GARAGARDOA eta GALIZIAKO OLAGARROAREN 3. AZOKA IRITSI DA BARA\u00d1AINERA Galizia, Madril, Aragoi eta Nafarroako 8 ekoizle izango ditugu Bara\u00f1aingo III. Artisau-garagardo eta Galiziako olagarro Azokan. Iraileko lehenengo asteburuan ospatuko da, Udaletxe plazan, eta estilo ezberdinetako 40 garagardo baino gehiago dastatzerik izango dituzue. Bara\u00f1aingo III. Artisau-garagardo eta Galiziako olagarro Azoka irailaren lehenengo asteburuan ospatuko da, eta [&hellip;]","og_url":"https:\/\/www.baranain.es\/eu\/noticias\/iii-artisau-garagardo-eta-galiziako-olagarro-azoka-baranain-2019\/","og_site_name":"Ayuntamiento de Bara\u00f1ain\/Bara\u00f1aingo Udala","og_image":[{"width":720,"height":340,"url":"https:\/\/www.baranain.es\/wp-content\/uploads\/2019\/09\/COM-CARTEL-FERIA-CERV-720X340.jpg","type":"image\/jpeg"}],"twitter_card":"summary_large_image","twitter_misc":{"Est. reading time":"1 minute"},"schema":{"@context":"https:\/\/schema.org","@graph":[{"@type":"WebPage","@id":"https:\/\/www.baranain.es\/eu\/noticias\/iii-artisau-garagardo-eta-galiziako-olagarro-azoka-baranain-2019\/","url":"https:\/\/www.baranain.es\/eu\/noticias\/iii-artisau-garagardo-eta-galiziako-olagarro-azoka-baranain-2019\/","name":"III Artisau-garagardo eta galiziako olagarro azoka (Bara\u00f1ain 2019) - Ayuntamiento de Bara\u00f1ain\/Bara\u00f1aingo Udala","isPartOf":{"@id":"https:\/\/www.baranain.es\/eu\/#website"},"datePublished":"2019-09-04T07:46:49+00:00","dateModified":"2019-09-04T07:46:49+00:00","breadcrumb":{"@id":"https:\/\/www.baranain.es\/eu\/noticias\/iii-artisau-garagardo-eta-galiziako-olagarro-azoka-baranain-2019\/#breadcrumb"},"inLanguage":"eu-ES","potentialAction":[{"@type":"ReadAction","target":["https:\/\/www.baranain.es\/eu\/noticias\/iii-artisau-garagardo-eta-galiziako-olagarro-azoka-baranain-2019\/"]}]},{"@type":"BreadcrumbList","@id":"https:\/\/www.baranain.es\/eu\/noticias\/iii-artisau-garagardo-eta-galiziako-olagarro-azoka-baranain-2019\/#breadcrumb","itemListElement":[{"@type":"ListItem","position":1,"name":"Home","item":"https:\/\/www.baranain.es\/eu\/"},{"@type":"ListItem","position":2,"name":"Albisteak","item":"https:\/\/www.baranain.es\/eu\/noticias\/"},{"@type":"ListItem","position":3,"name":"III Artisau-garagardo eta galiziako olagarro azoka (Bara\u00f1ain 2019)"}]},{"@type":"WebSite","@id":"https:\/\/www.baranain.es\/eu\/#website","url":"https:\/\/www.baranain.es\/eu\/","name":"Ayuntamiento de Bara\u00f1ain\/Bara\u00f1aingo Udala","description":"Ayuntamiento de Bara\u00f1ain\/Bara\u00f1aingo Udala","potentialAction":[{"@type":"SearchAction","target":{"@type":"EntryPoint","urlTemplate":"https:\/\/www.baranain.es\/eu\/?s={search_term_string}"},"query-input":"required name=search_term_string"}],"inLanguage":"eu-ES"}]}},"_links":{"self":[{"href":"https:\/\/www.baranain.es\/eu\/wp-json\/wp\/v2\/noticias\/47288"}],"collection":[{"href":"https:\/\/www.baranain.es\/eu\/wp-json\/wp\/v2\/noticias"}],"about":[{"href":"https:\/\/www.baranain.es\/eu\/wp-json\/wp\/v2\/types\/noticias"}],"author":[{"embeddable":true,"href":"https:\/\/www.baranain.es\/eu\/wp-json\/wp\/v2\/users\/19020"}],"replies":[{"embeddable":true,"href":"https:\/\/www.baranain.es\/eu\/wp-json\/wp\/v2\/comments?post=47288"}],"wp:attachment":[{"href":"https:\/\/www.baranain.es\/eu\/wp-json\/wp\/v2\/media?parent=47288"}],"curies":[{"name":"wp","href":"https:\/\/api.w.org\/{rel}","templated":true}]}}