{"id":47140,"date":"2019-03-29T08:05:36","date_gmt":"2019-03-29T07:05:36","guid":{"rendered":"http:\/\/localhost:8000\/news\/bigarren-eskuko-eta-trukerako-azoka\/"},"modified":"2019-03-29T08:05:36","modified_gmt":"2019-03-29T07:05:36","slug":"bigarren-eskuko-eta-trukerako-azoka","status":"publish","type":"noticias","link":"https:\/\/www.baranain.es\/eu\/noticias\/bigarren-eskuko-eta-trukerako-azoka\/","title":{"rendered":"Bigarren eskuko eta trukerako azoka"},"content":{"rendered":"<p>Bara\u00f1aingo Udalak eta Iru\u00f1erriko Mankomunitateak Trukerako eta bigarren eskuko gauzen azoka antolatu dute apririlaren 28an, 11:00etatik 14:30era Bara\u00f1aingo Lakuan. Azoka aukera ezin hobea izanen da kontsumoari eta haren ondorioei buruz gogoeta egiteko, baita gauzak baliagarri ez ditugunean arduraz jokatzeari eta birziklatzeari buruz ere.<\/p>\n<p>Etorri eta gozatu erosten, trukatzen eta salmahaietan zer dagoen ikusten. Goiz atsegina igaroko duzu familia osoarentzako jarduerak izanen baitira, esaterako, txikiak jolastu eta haize-gazteluan ibil ahalko dira.<\/p>\n<p>Erabiltzen ez duzun gauza bati beste aukera bat eman nahi badiozu, ekarri eta zure ordez salduko dugu, gordailuan utzitakoen salmahaian. Saltzeko hamar gauza baino gehiago badituzu eta salmahaia jartzeko toki bat eskatzeko asmoa baduzu. Tokia eskatzeko izen-emateak <u>mcp.es\/jarduerak<\/u> webgunean, <strong>martxoaren 28tik aurrera<\/strong>.<\/p>\n<p><a href=\"http:\/\/www.baranain.es\/wp-content\/uploads\/2019\/03\/COM-TRUEQUE-Mas-InformacionArgibideak.pdf\" target=\"_blank\" rel=\"noopener noreferrer\">Argibideak<\/a><\/p>\n","protected":false},"author":19020,"featured_media":0,"comment_status":"closed","ping_status":"closed","template":"","format":"standard","meta":{"_wpml_word_count":["{\"total\":0,\"to_translate\":{\"eu\":129,\"es\":129}}"],"imagensli":["http:\/\/www.baranain.es\/wp-content\/uploads\/sites\/29\/2019\/03\/COM-trueque-bilingue-1280x600.jpg"],"imagenslia":["http:\/\/www.baranain.es\/wp-content\/uploads\/sites\/29\/2019\/03\/COM-trueque-bilingue-1280x600.jpg"],"subti":[" "],"_wpml_media_featured":["1"],"_wpml_media_duplicate":["1"],"_last_translation_edit_mode":["translation-editor"],"_qt_imported":["from-16017"],"sbg_selected_sidebar":["s:18:\"a:1:{i:0;s:1:\"0\";}\";"],"sbg_selected_sidebar_replacement":["s:17:\"a:1:{i:0;s:0:\"\";}\";"],"sbg_selected_sidebar_2":["s:18:\"a:1:{i:0;s:1:\"0\";}\";"],"sbg_selected_sidebar_2_replacement":["s:17:\"a:1:{i:0;s:0:\"\";}\";"],"_qt_links_fixed":["1"]},"yoast_head":"<!-- This site is optimized with the Yoast SEO plugin v22.3 - https:\/\/yoast.com\/wordpress\/plugins\/seo\/ -->\r\n<title>Bigarren eskuko eta trukerako azoka - Ayuntamiento de Bara\u00f1ain\/Bara\u00f1aingo Udala<\/title>\r\n<meta name=\"robots\" content=\"index, follow, max-snippet:-1, max-image-preview:large, max-video-preview:-1\" \/>\r\n<link rel=\"canonical\" href=\"https:\/\/www.baranain.es\/eu\/noticias\/bigarren-eskuko-eta-trukerako-azoka\/\" \/>\r\n<meta property=\"og:locale\" content=\"eu_ES\" \/>\r\n<meta property=\"og:type\" content=\"article\" \/>\r\n<meta property=\"og:title\" content=\"Bigarren eskuko eta trukerako azoka - Ayuntamiento de Bara\u00f1ain\/Bara\u00f1aingo Udala\" \/>\r\n<meta property=\"og:description\" content=\"Bara\u00f1aingo Udalak eta Iru\u00f1erriko Mankomunitateak Trukerako eta bigarren eskuko gauzen azoka antolatu dute apririlaren 28an, 11:00etatik 14:30era Bara\u00f1aingo Lakuan. Azoka aukera ezin hobea izanen da kontsumoari eta haren ondorioei buruz gogoeta egiteko, baita gauzak baliagarri ez ditugunean arduraz jokatzeari eta birziklatzeari buruz ere. Etorri eta gozatu erosten, trukatzen eta salmahaietan zer dagoen ikusten. Goiz atsegina [&hellip;]\" \/>\r\n<meta property=\"og:url\" content=\"https:\/\/www.baranain.es\/eu\/noticias\/bigarren-eskuko-eta-trukerako-azoka\/\" \/>\r\n<meta property=\"og:site_name\" content=\"Ayuntamiento de Bara\u00f1ain\/Bara\u00f1aingo Udala\" \/>\r\n<meta property=\"og:image\" content=\"https:\/\/www.baranain.es\/wp-content\/uploads\/2019\/03\/COM-trueque-bilingue-720x340.jpg\" \/>\r\n\t<meta property=\"og:image:width\" content=\"725\" \/>\r\n\t<meta property=\"og:image:height\" content=\"340\" \/>\r\n\t<meta property=\"og:image:type\" content=\"image\/jpeg\" \/>\r\n<meta name=\"twitter:card\" content=\"summary_large_image\" \/>\r\n<meta name=\"twitter:label1\" content=\"Est. reading time\" \/>\n\t<meta name=\"twitter:data1\" content=\"1 minute\" \/>\r\n<script type=\"application\/ld+json\" class=\"yoast-schema-graph\">{\"@context\":\"https:\/\/schema.org\",\"@graph\":[{\"@type\":\"WebPage\",\"@id\":\"https:\/\/www.baranain.es\/eu\/noticias\/bigarren-eskuko-eta-trukerako-azoka\/\",\"url\":\"https:\/\/www.baranain.es\/eu\/noticias\/bigarren-eskuko-eta-trukerako-azoka\/\",\"name\":\"Bigarren eskuko eta trukerako azoka - Ayuntamiento de Bara\u00f1ain\/Bara\u00f1aingo Udala\",\"isPartOf\":{\"@id\":\"https:\/\/www.baranain.es\/eu\/#website\"},\"datePublished\":\"2019-03-29T07:05:36+00:00\",\"dateModified\":\"2019-03-29T07:05:36+00:00\",\"breadcrumb\":{\"@id\":\"https:\/\/www.baranain.es\/eu\/noticias\/bigarren-eskuko-eta-trukerako-azoka\/#breadcrumb\"},\"inLanguage\":\"eu-ES\",\"potentialAction\":[{\"@type\":\"ReadAction\",\"target\":[\"https:\/\/www.baranain.es\/eu\/noticias\/bigarren-eskuko-eta-trukerako-azoka\/\"]}]},{\"@type\":\"BreadcrumbList\",\"@id\":\"https:\/\/www.baranain.es\/eu\/noticias\/bigarren-eskuko-eta-trukerako-azoka\/#breadcrumb\",\"itemListElement\":[{\"@type\":\"ListItem\",\"position\":1,\"name\":\"Home\",\"item\":\"https:\/\/www.baranain.es\/eu\/\"},{\"@type\":\"ListItem\",\"position\":2,\"name\":\"Albisteak\",\"item\":\"https:\/\/www.baranain.es\/eu\/noticias\/\"},{\"@type\":\"ListItem\",\"position\":3,\"name\":\"Bigarren eskuko eta trukerako azoka\"}]},{\"@type\":\"WebSite\",\"@id\":\"https:\/\/www.baranain.es\/eu\/#website\",\"url\":\"https:\/\/www.baranain.es\/eu\/\",\"name\":\"Ayuntamiento de Bara\u00f1ain\/Bara\u00f1aingo Udala\",\"description\":\"Ayuntamiento de Bara\u00f1ain\/Bara\u00f1aingo Udala\",\"potentialAction\":[{\"@type\":\"SearchAction\",\"target\":{\"@type\":\"EntryPoint\",\"urlTemplate\":\"https:\/\/www.baranain.es\/eu\/?s={search_term_string}\"},\"query-input\":\"required name=search_term_string\"}],\"inLanguage\":\"eu-ES\"}]}<\/script>\r\n<!-- \/ Yoast SEO plugin. -->","yoast_head_json":{"title":"Bigarren eskuko eta trukerako azoka - Ayuntamiento de Bara\u00f1ain\/Bara\u00f1aingo Udala","robots":{"index":"index","follow":"follow","max-snippet":"max-snippet:-1","max-image-preview":"max-image-preview:large","max-video-preview":"max-video-preview:-1"},"canonical":"https:\/\/www.baranain.es\/eu\/noticias\/bigarren-eskuko-eta-trukerako-azoka\/","og_locale":"eu_ES","og_type":"article","og_title":"Bigarren eskuko eta trukerako azoka - Ayuntamiento de Bara\u00f1ain\/Bara\u00f1aingo Udala","og_description":"Bara\u00f1aingo Udalak eta Iru\u00f1erriko Mankomunitateak Trukerako eta bigarren eskuko gauzen azoka antolatu dute apririlaren 28an, 11:00etatik 14:30era Bara\u00f1aingo Lakuan. Azoka aukera ezin hobea izanen da kontsumoari eta haren ondorioei buruz gogoeta egiteko, baita gauzak baliagarri ez ditugunean arduraz jokatzeari eta birziklatzeari buruz ere. Etorri eta gozatu erosten, trukatzen eta salmahaietan zer dagoen ikusten. Goiz atsegina [&hellip;]","og_url":"https:\/\/www.baranain.es\/eu\/noticias\/bigarren-eskuko-eta-trukerako-azoka\/","og_site_name":"Ayuntamiento de Bara\u00f1ain\/Bara\u00f1aingo Udala","og_image":[{"width":725,"height":340,"url":"https:\/\/www.baranain.es\/wp-content\/uploads\/2019\/03\/COM-trueque-bilingue-720x340.jpg","type":"image\/jpeg"}],"twitter_card":"summary_large_image","twitter_misc":{"Est. reading time":"1 minute"},"schema":{"@context":"https:\/\/schema.org","@graph":[{"@type":"WebPage","@id":"https:\/\/www.baranain.es\/eu\/noticias\/bigarren-eskuko-eta-trukerako-azoka\/","url":"https:\/\/www.baranain.es\/eu\/noticias\/bigarren-eskuko-eta-trukerako-azoka\/","name":"Bigarren eskuko eta trukerako azoka - Ayuntamiento de Bara\u00f1ain\/Bara\u00f1aingo Udala","isPartOf":{"@id":"https:\/\/www.baranain.es\/eu\/#website"},"datePublished":"2019-03-29T07:05:36+00:00","dateModified":"2019-03-29T07:05:36+00:00","breadcrumb":{"@id":"https:\/\/www.baranain.es\/eu\/noticias\/bigarren-eskuko-eta-trukerako-azoka\/#breadcrumb"},"inLanguage":"eu-ES","potentialAction":[{"@type":"ReadAction","target":["https:\/\/www.baranain.es\/eu\/noticias\/bigarren-eskuko-eta-trukerako-azoka\/"]}]},{"@type":"BreadcrumbList","@id":"https:\/\/www.baranain.es\/eu\/noticias\/bigarren-eskuko-eta-trukerako-azoka\/#breadcrumb","itemListElement":[{"@type":"ListItem","position":1,"name":"Home","item":"https:\/\/www.baranain.es\/eu\/"},{"@type":"ListItem","position":2,"name":"Albisteak","item":"https:\/\/www.baranain.es\/eu\/noticias\/"},{"@type":"ListItem","position":3,"name":"Bigarren eskuko eta trukerako azoka"}]},{"@type":"WebSite","@id":"https:\/\/www.baranain.es\/eu\/#website","url":"https:\/\/www.baranain.es\/eu\/","name":"Ayuntamiento de Bara\u00f1ain\/Bara\u00f1aingo Udala","description":"Ayuntamiento de Bara\u00f1ain\/Bara\u00f1aingo Udala","potentialAction":[{"@type":"SearchAction","target":{"@type":"EntryPoint","urlTemplate":"https:\/\/www.baranain.es\/eu\/?s={search_term_string}"},"query-input":"required name=search_term_string"}],"inLanguage":"eu-ES"}]}},"_links":{"self":[{"href":"https:\/\/www.baranain.es\/eu\/wp-json\/wp\/v2\/noticias\/47140"}],"collection":[{"href":"https:\/\/www.baranain.es\/eu\/wp-json\/wp\/v2\/noticias"}],"about":[{"href":"https:\/\/www.baranain.es\/eu\/wp-json\/wp\/v2\/types\/noticias"}],"author":[{"embeddable":true,"href":"https:\/\/www.baranain.es\/eu\/wp-json\/wp\/v2\/users\/19020"}],"replies":[{"embeddable":true,"href":"https:\/\/www.baranain.es\/eu\/wp-json\/wp\/v2\/comments?post=47140"}],"wp:attachment":[{"href":"https:\/\/www.baranain.es\/eu\/wp-json\/wp\/v2\/media?parent=47140"}],"curies":[{"name":"wp","href":"https:\/\/api.w.org\/{rel}","templated":true}]}}