{"id":46871,"date":"2018-05-04T10:48:07","date_gmt":"2018-05-04T08:48:07","guid":{"rendered":"http:\/\/localhost:8000\/news\/vacante-de-juez-a-de-paz-y-sustituto-a\/"},"modified":"2018-05-04T10:48:07","modified_gmt":"2018-05-04T08:48:07","slug":"vacante-de-juez-a-de-paz-y-sustituto-a","status":"publish","type":"noticias","link":"https:\/\/www.baranain.es\/eu\/noticias\/vacante-de-juez-a-de-paz-y-sustituto-a\/","title":{"rendered":"Vacante de juez\/a de paz y sustituto\/a"},"content":{"rendered":"<p>Bara\u00f1aingo Udaleko alkate udalburuak, 2018ko apirilaren 6ko Ebazpenaren bidez, erabaki zuen prozedura abiaraztea Bara\u00f1aingo Bake Epaitegiko bake epaile titularra eta ordezkoa hautatzeko.<\/p>\n<p>\t\t\t\t\t\t\t\t\t\t\t\t\t\t\t\t\t\tEskaerak aurkezteko azkenengo eguna, <strong>2018ko maiatzaren 24a<\/strong>.<\/p>\n<p>\t\t\t\t\t\t\t\t\t\t\t\t\t\t\t\t\t\t<a title=\"Bake epailearen eta haren ordezkoaren karguak hutsik\" href=\"https:\/\/www.navarra.es\/home_eu\/Actualidad\/BON\/Boletines\/2018\/84\/Anuncio-21\/\" target=\"_blank\" rel=\"noopener noreferrer\">Iragarkia NAOn<\/a><\/p>\n","protected":false},"author":1,"featured_media":0,"comment_status":"closed","ping_status":"closed","template":"","format":"standard","meta":{"_wpml_word_count":["{\"total\":0,\"to_translate\":{\"eu\":49,\"es\":49}}"],"_wpml_media_featured":["1"],"_wpml_media_duplicate":["1"],"_last_translation_edit_mode":["translation-editor"],"_qt_imported":["from-9776"],"_cc_page_template_cat":["s:6:\"a:0:{}\";"],"_cc_page_slider_cat":["s:6:\"a:0:{}\";"],"_qt_links_fixed":["1"],"_edit_lock":["1659334804:19140"]},"yoast_head":"<!-- This site is optimized with the Yoast SEO plugin v22.3 - https:\/\/yoast.com\/wordpress\/plugins\/seo\/ -->\r\n<title>Vacante de juez\/a de paz y sustituto\/a - Ayuntamiento de Bara\u00f1ain\/Bara\u00f1aingo Udala<\/title>\r\n<meta name=\"robots\" content=\"index, follow, max-snippet:-1, max-image-preview:large, max-video-preview:-1\" \/>\r\n<link rel=\"canonical\" href=\"https:\/\/www.baranain.es\/eu\/noticias\/vacante-de-juez-a-de-paz-y-sustituto-a\/\" \/>\r\n<meta property=\"og:locale\" content=\"eu_ES\" \/>\r\n<meta property=\"og:type\" content=\"article\" \/>\r\n<meta property=\"og:title\" content=\"Vacante de juez\/a de paz y sustituto\/a - Ayuntamiento de Bara\u00f1ain\/Bara\u00f1aingo Udala\" \/>\r\n<meta property=\"og:description\" content=\"Bara\u00f1aingo Udaleko alkate udalburuak, 2018ko apirilaren 6ko Ebazpenaren bidez, erabaki zuen prozedura abiaraztea Bara\u00f1aingo Bake Epaitegiko bake epaile titularra eta ordezkoa hautatzeko. Eskaerak aurkezteko azkenengo eguna, 2018ko maiatzaren 24a. Iragarkia NAOn\" \/>\r\n<meta property=\"og:url\" content=\"https:\/\/www.baranain.es\/eu\/noticias\/vacante-de-juez-a-de-paz-y-sustituto-a\/\" \/>\r\n<meta property=\"og:site_name\" content=\"Ayuntamiento de Bara\u00f1ain\/Bara\u00f1aingo Udala\" \/>\r\n<meta name=\"twitter:card\" content=\"summary_large_image\" \/>\r\n<script type=\"application\/ld+json\" class=\"yoast-schema-graph\">{\"@context\":\"https:\/\/schema.org\",\"@graph\":[{\"@type\":\"WebPage\",\"@id\":\"https:\/\/www.baranain.es\/eu\/noticias\/vacante-de-juez-a-de-paz-y-sustituto-a\/\",\"url\":\"https:\/\/www.baranain.es\/eu\/noticias\/vacante-de-juez-a-de-paz-y-sustituto-a\/\",\"name\":\"Vacante de juez\/a de paz y sustituto\/a - Ayuntamiento de Bara\u00f1ain\/Bara\u00f1aingo Udala\",\"isPartOf\":{\"@id\":\"https:\/\/www.baranain.es\/eu\/#website\"},\"datePublished\":\"2018-05-04T08:48:07+00:00\",\"dateModified\":\"2018-05-04T08:48:07+00:00\",\"breadcrumb\":{\"@id\":\"https:\/\/www.baranain.es\/eu\/noticias\/vacante-de-juez-a-de-paz-y-sustituto-a\/#breadcrumb\"},\"inLanguage\":\"eu-ES\",\"potentialAction\":[{\"@type\":\"ReadAction\",\"target\":[\"https:\/\/www.baranain.es\/eu\/noticias\/vacante-de-juez-a-de-paz-y-sustituto-a\/\"]}]},{\"@type\":\"BreadcrumbList\",\"@id\":\"https:\/\/www.baranain.es\/eu\/noticias\/vacante-de-juez-a-de-paz-y-sustituto-a\/#breadcrumb\",\"itemListElement\":[{\"@type\":\"ListItem\",\"position\":1,\"name\":\"Home\",\"item\":\"https:\/\/www.baranain.es\/eu\/\"},{\"@type\":\"ListItem\",\"position\":2,\"name\":\"Albisteak\",\"item\":\"https:\/\/www.baranain.es\/eu\/noticias\/\"},{\"@type\":\"ListItem\",\"position\":3,\"name\":\"Vacante de juez\/a de paz y sustituto\/a\"}]},{\"@type\":\"WebSite\",\"@id\":\"https:\/\/www.baranain.es\/eu\/#website\",\"url\":\"https:\/\/www.baranain.es\/eu\/\",\"name\":\"Ayuntamiento de Bara\u00f1ain\/Bara\u00f1aingo Udala\",\"description\":\"Ayuntamiento de Bara\u00f1ain\/Bara\u00f1aingo Udala\",\"potentialAction\":[{\"@type\":\"SearchAction\",\"target\":{\"@type\":\"EntryPoint\",\"urlTemplate\":\"https:\/\/www.baranain.es\/eu\/?s={search_term_string}\"},\"query-input\":\"required name=search_term_string\"}],\"inLanguage\":\"eu-ES\"}]}<\/script>\r\n<!-- \/ Yoast SEO plugin. -->","yoast_head_json":{"title":"Vacante de juez\/a de paz y sustituto\/a - Ayuntamiento de Bara\u00f1ain\/Bara\u00f1aingo Udala","robots":{"index":"index","follow":"follow","max-snippet":"max-snippet:-1","max-image-preview":"max-image-preview:large","max-video-preview":"max-video-preview:-1"},"canonical":"https:\/\/www.baranain.es\/eu\/noticias\/vacante-de-juez-a-de-paz-y-sustituto-a\/","og_locale":"eu_ES","og_type":"article","og_title":"Vacante de juez\/a de paz y sustituto\/a - Ayuntamiento de Bara\u00f1ain\/Bara\u00f1aingo Udala","og_description":"Bara\u00f1aingo Udaleko alkate udalburuak, 2018ko apirilaren 6ko Ebazpenaren bidez, erabaki zuen prozedura abiaraztea Bara\u00f1aingo Bake Epaitegiko bake epaile titularra eta ordezkoa hautatzeko. Eskaerak aurkezteko azkenengo eguna, 2018ko maiatzaren 24a. Iragarkia NAOn","og_url":"https:\/\/www.baranain.es\/eu\/noticias\/vacante-de-juez-a-de-paz-y-sustituto-a\/","og_site_name":"Ayuntamiento de Bara\u00f1ain\/Bara\u00f1aingo Udala","twitter_card":"summary_large_image","schema":{"@context":"https:\/\/schema.org","@graph":[{"@type":"WebPage","@id":"https:\/\/www.baranain.es\/eu\/noticias\/vacante-de-juez-a-de-paz-y-sustituto-a\/","url":"https:\/\/www.baranain.es\/eu\/noticias\/vacante-de-juez-a-de-paz-y-sustituto-a\/","name":"Vacante de juez\/a de paz y sustituto\/a - Ayuntamiento de Bara\u00f1ain\/Bara\u00f1aingo Udala","isPartOf":{"@id":"https:\/\/www.baranain.es\/eu\/#website"},"datePublished":"2018-05-04T08:48:07+00:00","dateModified":"2018-05-04T08:48:07+00:00","breadcrumb":{"@id":"https:\/\/www.baranain.es\/eu\/noticias\/vacante-de-juez-a-de-paz-y-sustituto-a\/#breadcrumb"},"inLanguage":"eu-ES","potentialAction":[{"@type":"ReadAction","target":["https:\/\/www.baranain.es\/eu\/noticias\/vacante-de-juez-a-de-paz-y-sustituto-a\/"]}]},{"@type":"BreadcrumbList","@id":"https:\/\/www.baranain.es\/eu\/noticias\/vacante-de-juez-a-de-paz-y-sustituto-a\/#breadcrumb","itemListElement":[{"@type":"ListItem","position":1,"name":"Home","item":"https:\/\/www.baranain.es\/eu\/"},{"@type":"ListItem","position":2,"name":"Albisteak","item":"https:\/\/www.baranain.es\/eu\/noticias\/"},{"@type":"ListItem","position":3,"name":"Vacante de juez\/a de paz y sustituto\/a"}]},{"@type":"WebSite","@id":"https:\/\/www.baranain.es\/eu\/#website","url":"https:\/\/www.baranain.es\/eu\/","name":"Ayuntamiento de Bara\u00f1ain\/Bara\u00f1aingo Udala","description":"Ayuntamiento de Bara\u00f1ain\/Bara\u00f1aingo Udala","potentialAction":[{"@type":"SearchAction","target":{"@type":"EntryPoint","urlTemplate":"https:\/\/www.baranain.es\/eu\/?s={search_term_string}"},"query-input":"required name=search_term_string"}],"inLanguage":"eu-ES"}]}},"_links":{"self":[{"href":"https:\/\/www.baranain.es\/eu\/wp-json\/wp\/v2\/noticias\/46871"}],"collection":[{"href":"https:\/\/www.baranain.es\/eu\/wp-json\/wp\/v2\/noticias"}],"about":[{"href":"https:\/\/www.baranain.es\/eu\/wp-json\/wp\/v2\/types\/noticias"}],"author":[{"embeddable":true,"href":"https:\/\/www.baranain.es\/eu\/wp-json\/wp\/v2\/users\/1"}],"replies":[{"embeddable":true,"href":"https:\/\/www.baranain.es\/eu\/wp-json\/wp\/v2\/comments?post=46871"}],"wp:attachment":[{"href":"https:\/\/www.baranain.es\/eu\/wp-json\/wp\/v2\/media?parent=46871"}],"curies":[{"name":"wp","href":"https:\/\/api.w.org\/{rel}","templated":true}]}}