{"id":46847,"date":"2018-03-07T14:14:26","date_gmt":"2018-03-07T13:14:26","guid":{"rendered":"http:\/\/localhost:8000\/news\/8-de-marzo-dia-internacional-de-las-mujeres-si-el-tiempo-es-vida-cuanta-vida-tiene-tu-dia\/"},"modified":"2018-03-07T14:14:26","modified_gmt":"2018-03-07T13:14:26","slug":"8-de-marzo-dia-internacional-de-las-mujeres-si-el-tiempo-es-vida-cuanta-vida-tiene-tu-dia","status":"publish","type":"noticias","link":"https:\/\/www.baranain.es\/eu\/noticias\/8-de-marzo-dia-internacional-de-las-mujeres-si-el-tiempo-es-vida-cuanta-vida-tiene-tu-dia\/","title":{"rendered":"8 de marzo, D\u00eda Internacional de las Mujeres. Si el tiempo es vida \u00bfcu\u00e1nta vida tiene tu d\u00eda?"},"content":{"rendered":"<p>Martxoaren 8an Emakumeen Nazioarteko Eguna ospatuko da. Hori dela eta, aurten ere Bara\u00f1aingo Udalak sentsibilizazio kanpaina abian jarri du eta hainbat jarduera antolatu ditu. Jardueren egitaraua hementxe ikus dezakezu.<\/p>\n<p>\t\t\t\t\t\t\t\t\t\t\t\t\t<a title=\"Adierazpen instituzionala\" href=\"\/wp-content\/uploads\/2018\/02\/8M-DEC_INSTI-M8-ADIER_INSTI.pdf\" target=\"_blank\" rel=\"noopener noreferrer\">M8ko Adierazpen instituzionala<\/a><\/p>\n<p>\t\t\t\t\t\t\t\t\t\t\t\t\t<a title=\"Mozioa\" href=\"\/wp-content\/uploads\/2018\/02\/Moci\u00f3n-Huelga-Feminista1.pdf\" target=\"_blank\" rel=\"noopener noreferrer\">Bara\u00f1aingo udalaren mozioa, Martxoaren 8ko Greba Feministari dagokiona<\/a><\/p>\n<p>\t\t\t\t\t\t\t\t\t\t\t\t\t<a href=\"\/files\/2018\/02\/M8M-2018-BARANAINprogr1.jpg\" target=\"_blank\" rel=\"noopener noreferrer\"><img loading=\"lazy\" decoding=\"async\" class=\"aligncenter wp-image-9427 size-large\" src=\"\/wp-content\/uploads\/2018\/02\/M8M-2018-BARANAINprogr1-1024x723.jpg\" alt=\"M8M 2018 BARANAINprogr\" width=\"670\" height=\"473\" \/><\/a><\/p>\n<p style=\"text-align: center\"><strong>Baragazteko jarduerak<\/strong><\/p>\n<p>\t\t\t\t\t\t\t\t\t\t\t\t\t<a href=\"\/wp-content\/uploads\/2018\/02\/CARTEL-.jpg\"><img loading=\"lazy\" decoding=\"async\" class=\"aligncenter wp-image-9419 size-medium\" src=\"\/wp-content\/uploads\/2018\/02\/CARTEL--300x225.jpg\" alt=\"CARTEL\" width=\"300\" height=\"225\" \/><\/a><\/p>\n","protected":false},"author":1,"featured_media":0,"comment_status":"closed","ping_status":"closed","template":"","format":"standard","meta":{"_wpml_word_count":["{\"total\":0,\"to_translate\":{\"eu\":78,\"es\":78}}"],"_wpml_media_featured":["1"],"_wpml_media_duplicate":["1"],"_last_translation_edit_mode":["translation-editor"],"_qt_imported":["from-9762"],"_cc_page_template_cat":["s:6:\"a:0:{}\";"],"_cc_page_slider_cat":["s:6:\"a:0:{}\";"],"_qt_links_fixed":["1"]},"yoast_head":"<!-- This site is optimized with the Yoast SEO plugin v22.3 - https:\/\/yoast.com\/wordpress\/plugins\/seo\/ -->\r\n<title>8 de marzo, D\u00eda Internacional de las Mujeres. Si el tiempo es vida \u00bfcu\u00e1nta vida tiene tu d\u00eda? - Ayuntamiento de Bara\u00f1ain\/Bara\u00f1aingo Udala<\/title>\r\n<meta name=\"robots\" content=\"index, follow, max-snippet:-1, max-image-preview:large, max-video-preview:-1\" \/>\r\n<link rel=\"canonical\" href=\"https:\/\/www.baranain.es\/eu\/noticias\/8-de-marzo-dia-internacional-de-las-mujeres-si-el-tiempo-es-vida-cuanta-vida-tiene-tu-dia\/\" \/>\r\n<meta property=\"og:locale\" content=\"eu_ES\" \/>\r\n<meta property=\"og:type\" content=\"article\" \/>\r\n<meta property=\"og:title\" content=\"8 de marzo, D\u00eda Internacional de las Mujeres. Si el tiempo es vida \u00bfcu\u00e1nta vida tiene tu d\u00eda? - Ayuntamiento de Bara\u00f1ain\/Bara\u00f1aingo Udala\" \/>\r\n<meta property=\"og:description\" content=\"Martxoaren 8an Emakumeen Nazioarteko Eguna ospatuko da. Hori dela eta, aurten ere Bara\u00f1aingo Udalak sentsibilizazio kanpaina abian jarri du eta hainbat jarduera antolatu ditu. Jardueren egitaraua hementxe ikus dezakezu. M8ko Adierazpen instituzionala Bara\u00f1aingo udalaren mozioa, Martxoaren 8ko Greba Feministari dagokiona Baragazteko jarduerak\" \/>\r\n<meta property=\"og:url\" content=\"https:\/\/www.baranain.es\/eu\/noticias\/8-de-marzo-dia-internacional-de-las-mujeres-si-el-tiempo-es-vida-cuanta-vida-tiene-tu-dia\/\" \/>\r\n<meta property=\"og:site_name\" content=\"Ayuntamiento de Bara\u00f1ain\/Bara\u00f1aingo Udala\" \/>\r\n<meta property=\"og:image\" content=\"https:\/\/www.baranain.es\/wp-content\/uploads\/2018\/02\/M8M-2018-BARANAINprogr1-1024x723.jpg\" \/>\r\n<meta name=\"twitter:card\" content=\"summary_large_image\" \/>\r\n<script type=\"application\/ld+json\" class=\"yoast-schema-graph\">{\"@context\":\"https:\/\/schema.org\",\"@graph\":[{\"@type\":\"WebPage\",\"@id\":\"https:\/\/www.baranain.es\/eu\/noticias\/8-de-marzo-dia-internacional-de-las-mujeres-si-el-tiempo-es-vida-cuanta-vida-tiene-tu-dia\/\",\"url\":\"https:\/\/www.baranain.es\/eu\/noticias\/8-de-marzo-dia-internacional-de-las-mujeres-si-el-tiempo-es-vida-cuanta-vida-tiene-tu-dia\/\",\"name\":\"8 de marzo, D\u00eda Internacional de las Mujeres. Si el tiempo es vida \u00bfcu\u00e1nta vida tiene tu d\u00eda? - Ayuntamiento de Bara\u00f1ain\/Bara\u00f1aingo Udala\",\"isPartOf\":{\"@id\":\"https:\/\/www.baranain.es\/eu\/#website\"},\"datePublished\":\"2018-03-07T13:14:26+00:00\",\"dateModified\":\"2018-03-07T13:14:26+00:00\",\"breadcrumb\":{\"@id\":\"https:\/\/www.baranain.es\/eu\/noticias\/8-de-marzo-dia-internacional-de-las-mujeres-si-el-tiempo-es-vida-cuanta-vida-tiene-tu-dia\/#breadcrumb\"},\"inLanguage\":\"eu-ES\",\"potentialAction\":[{\"@type\":\"ReadAction\",\"target\":[\"https:\/\/www.baranain.es\/eu\/noticias\/8-de-marzo-dia-internacional-de-las-mujeres-si-el-tiempo-es-vida-cuanta-vida-tiene-tu-dia\/\"]}]},{\"@type\":\"BreadcrumbList\",\"@id\":\"https:\/\/www.baranain.es\/eu\/noticias\/8-de-marzo-dia-internacional-de-las-mujeres-si-el-tiempo-es-vida-cuanta-vida-tiene-tu-dia\/#breadcrumb\",\"itemListElement\":[{\"@type\":\"ListItem\",\"position\":1,\"name\":\"Home\",\"item\":\"https:\/\/www.baranain.es\/eu\/\"},{\"@type\":\"ListItem\",\"position\":2,\"name\":\"Albisteak\",\"item\":\"https:\/\/www.baranain.es\/eu\/noticias\/\"},{\"@type\":\"ListItem\",\"position\":3,\"name\":\"8 de marzo, D\u00eda Internacional de las Mujeres. Si el tiempo es vida \u00bfcu\u00e1nta vida tiene tu d\u00eda?\"}]},{\"@type\":\"WebSite\",\"@id\":\"https:\/\/www.baranain.es\/eu\/#website\",\"url\":\"https:\/\/www.baranain.es\/eu\/\",\"name\":\"Ayuntamiento de Bara\u00f1ain\/Bara\u00f1aingo Udala\",\"description\":\"Ayuntamiento de Bara\u00f1ain\/Bara\u00f1aingo Udala\",\"potentialAction\":[{\"@type\":\"SearchAction\",\"target\":{\"@type\":\"EntryPoint\",\"urlTemplate\":\"https:\/\/www.baranain.es\/eu\/?s={search_term_string}\"},\"query-input\":\"required name=search_term_string\"}],\"inLanguage\":\"eu-ES\"}]}<\/script>\r\n<!-- \/ Yoast SEO plugin. -->","yoast_head_json":{"title":"8 de marzo, D\u00eda Internacional de las Mujeres. Si el tiempo es vida \u00bfcu\u00e1nta vida tiene tu d\u00eda? - Ayuntamiento de Bara\u00f1ain\/Bara\u00f1aingo Udala","robots":{"index":"index","follow":"follow","max-snippet":"max-snippet:-1","max-image-preview":"max-image-preview:large","max-video-preview":"max-video-preview:-1"},"canonical":"https:\/\/www.baranain.es\/eu\/noticias\/8-de-marzo-dia-internacional-de-las-mujeres-si-el-tiempo-es-vida-cuanta-vida-tiene-tu-dia\/","og_locale":"eu_ES","og_type":"article","og_title":"8 de marzo, D\u00eda Internacional de las Mujeres. Si el tiempo es vida \u00bfcu\u00e1nta vida tiene tu d\u00eda? - Ayuntamiento de Bara\u00f1ain\/Bara\u00f1aingo Udala","og_description":"Martxoaren 8an Emakumeen Nazioarteko Eguna ospatuko da. Hori dela eta, aurten ere Bara\u00f1aingo Udalak sentsibilizazio kanpaina abian jarri du eta hainbat jarduera antolatu ditu. Jardueren egitaraua hementxe ikus dezakezu. M8ko Adierazpen instituzionala Bara\u00f1aingo udalaren mozioa, Martxoaren 8ko Greba Feministari dagokiona Baragazteko jarduerak","og_url":"https:\/\/www.baranain.es\/eu\/noticias\/8-de-marzo-dia-internacional-de-las-mujeres-si-el-tiempo-es-vida-cuanta-vida-tiene-tu-dia\/","og_site_name":"Ayuntamiento de Bara\u00f1ain\/Bara\u00f1aingo Udala","og_image":[{"url":"https:\/\/www.baranain.es\/wp-content\/uploads\/2018\/02\/M8M-2018-BARANAINprogr1-1024x723.jpg"}],"twitter_card":"summary_large_image","schema":{"@context":"https:\/\/schema.org","@graph":[{"@type":"WebPage","@id":"https:\/\/www.baranain.es\/eu\/noticias\/8-de-marzo-dia-internacional-de-las-mujeres-si-el-tiempo-es-vida-cuanta-vida-tiene-tu-dia\/","url":"https:\/\/www.baranain.es\/eu\/noticias\/8-de-marzo-dia-internacional-de-las-mujeres-si-el-tiempo-es-vida-cuanta-vida-tiene-tu-dia\/","name":"8 de marzo, D\u00eda Internacional de las Mujeres. Si el tiempo es vida \u00bfcu\u00e1nta vida tiene tu d\u00eda? - Ayuntamiento de Bara\u00f1ain\/Bara\u00f1aingo Udala","isPartOf":{"@id":"https:\/\/www.baranain.es\/eu\/#website"},"datePublished":"2018-03-07T13:14:26+00:00","dateModified":"2018-03-07T13:14:26+00:00","breadcrumb":{"@id":"https:\/\/www.baranain.es\/eu\/noticias\/8-de-marzo-dia-internacional-de-las-mujeres-si-el-tiempo-es-vida-cuanta-vida-tiene-tu-dia\/#breadcrumb"},"inLanguage":"eu-ES","potentialAction":[{"@type":"ReadAction","target":["https:\/\/www.baranain.es\/eu\/noticias\/8-de-marzo-dia-internacional-de-las-mujeres-si-el-tiempo-es-vida-cuanta-vida-tiene-tu-dia\/"]}]},{"@type":"BreadcrumbList","@id":"https:\/\/www.baranain.es\/eu\/noticias\/8-de-marzo-dia-internacional-de-las-mujeres-si-el-tiempo-es-vida-cuanta-vida-tiene-tu-dia\/#breadcrumb","itemListElement":[{"@type":"ListItem","position":1,"name":"Home","item":"https:\/\/www.baranain.es\/eu\/"},{"@type":"ListItem","position":2,"name":"Albisteak","item":"https:\/\/www.baranain.es\/eu\/noticias\/"},{"@type":"ListItem","position":3,"name":"8 de marzo, D\u00eda Internacional de las Mujeres. Si el tiempo es vida \u00bfcu\u00e1nta vida tiene tu d\u00eda?"}]},{"@type":"WebSite","@id":"https:\/\/www.baranain.es\/eu\/#website","url":"https:\/\/www.baranain.es\/eu\/","name":"Ayuntamiento de Bara\u00f1ain\/Bara\u00f1aingo Udala","description":"Ayuntamiento de Bara\u00f1ain\/Bara\u00f1aingo Udala","potentialAction":[{"@type":"SearchAction","target":{"@type":"EntryPoint","urlTemplate":"https:\/\/www.baranain.es\/eu\/?s={search_term_string}"},"query-input":"required name=search_term_string"}],"inLanguage":"eu-ES"}]}},"_links":{"self":[{"href":"https:\/\/www.baranain.es\/eu\/wp-json\/wp\/v2\/noticias\/46847"}],"collection":[{"href":"https:\/\/www.baranain.es\/eu\/wp-json\/wp\/v2\/noticias"}],"about":[{"href":"https:\/\/www.baranain.es\/eu\/wp-json\/wp\/v2\/types\/noticias"}],"author":[{"embeddable":true,"href":"https:\/\/www.baranain.es\/eu\/wp-json\/wp\/v2\/users\/1"}],"replies":[{"embeddable":true,"href":"https:\/\/www.baranain.es\/eu\/wp-json\/wp\/v2\/comments?post=46847"}],"wp:attachment":[{"href":"https:\/\/www.baranain.es\/eu\/wp-json\/wp\/v2\/media?parent=46847"}],"curies":[{"name":"wp","href":"https:\/\/api.w.org\/{rel}","templated":true}]}}